{"id":820,"date":"2015-09-17T09:23:37","date_gmt":"2015-09-17T08:23:37","guid":{"rendered":"http:\/\/ffmc72.fr\/site\/?p=820"},"modified":"2015-09-22T11:24:25","modified_gmt":"2015-09-22T10:24:25","slug":"26-septembre-journee-de-sensibilisation-des-usagers-gasoil","status":"publish","type":"post","link":"https:\/\/www.ffmc72.fr\/site\/26-septembre-journee-de-sensibilisation-des-usagers-gasoil\/","title":{"rendered":"26 septembre &#8211; Journ\u00e9e de sensibilisation des usagers- Gasoil"},"content":{"rendered":"<p>L\u2019antenne Sarthe de la f\u00e9d\u00e9ration des motards en col\u00e8re continue sa mobilisation afin de pr\u00e9venir des risques dus au sur-remplissage des r\u00e9servoirs de carburant.<\/p>\n<p>Cette\u00a0<strong>journ\u00e9e r\u00e9gionale<\/strong> du 26 septembre de sensibilisation des usagers de la route\u00a0s\u2019inscrit dans la continuit\u00e9 de deux ans d\u2019actions autour de ce sujet.<\/p>\n<p>Les cons\u00e9quences d\u2019un sur-remplissage d\u2019un r\u00e9servoir de carburant peuvent \u00eatre fatales. Lorsque que du carburant se retrouve sur la voie publique, le conducteur du v\u00e9hicule de 2 \u00e0 4 roues roulant dessus peut perdre le contr\u00f4le et percuter du mobilier urbain ou un autre usager de la route.<\/p>\n<p>Cette <strong>journ\u00e9e de mobilisation aura lieu dans les d\u00e9partements du 28, 37, 49, 53, 61 et 72<\/strong>.<\/p>\n<p>Pour les sarthois rejoint par les FFMC voisines, nous vous donnons rendez vous\u00a0:<\/p>\n<ul>\n<li><strong>9h \u00e0 la station Leclerc du Mans (Fontenelles)<\/strong><\/li>\n<li><strong>puis 14h \u00e0 la station Leclerc \u00e0 Ch\u00e2teau du Loir<\/strong><\/li>\n<\/ul>\n<p><a href=\"https:\/\/www.ffmc72.fr\/site\/wp-content\/uploads\/2015\/09\/2015-09-26-Gasoil.jpg\"><img loading=\"lazy\" decoding=\"async\" class=\"aligncenter\" alt=\"2015-09-26 Gasoil\" src=\"https:\/\/www.ffmc72.fr\/site\/wp-content\/uploads\/2015\/09\/2015-09-26-Gasoil.jpg\" width=\"678\" height=\"960\" \/><\/a><\/p>\n<p>&nbsp;<\/p>\n<h2 style=\"text-align: center;\"><a href=\"https:\/\/www.ffmc72.fr\/site\/wp-content\/uploads\/2015\/09\/CP2015-09-21-FFMC72-action-sensibilisation.pdf\">Communique de presse FFMC72 &#8211; action sensibilisation<\/a><\/h2>\n","protected":false},"excerpt":{"rendered":"<p>L\u2019antenne Sarthe de la f\u00e9d\u00e9ration des motards en col\u00e8re continue sa mobilisation afin de pr\u00e9venir des risques dus au sur-remplissage des r\u00e9servoirs de carburant. Cette\u00a0journ\u00e9e r\u00e9gionale du 26 septembre de sensibilisation des usagers de la route\u00a0s\u2019inscrit dans la continuit\u00e9 de deux ans d\u2019actions autour de ce sujet. Les cons\u00e9quences d\u2019un sur-remplissage d\u2019un r\u00e9servoir de carburant peuvent \u00eatre fatales. Lorsque que du carburant se retrouve sur la voie publique, le conducteur du v\u00e9hicule de 2 \u00e0 4 roues roulant dessus peut perdre le contr\u00f4le et percuter du mobilier urbain ou un autre usager de la route. Cette journ\u00e9e de mobilisation aura&#8230;<\/p>\n<p class=\"continue-reading-button\"> <a class=\"continue-reading-link\" href=\"https:\/\/www.ffmc72.fr\/site\/26-septembre-journee-de-sensibilisation-des-usagers-gasoil\/\">Continuer \u00e0 lire<i class=\"crycon-right-dir\"><\/i><\/a><\/p>\n","protected":false},"author":2,"featured_media":0,"comment_status":"closed","ping_status":"closed","sticky":false,"template":"","format":"standard","meta":{"footnotes":""},"categories":[6,11],"tags":[],"class_list":["post-820","post","type-post","status-publish","format-standard","hentry","category-actions","category-alerte"],"yoast_head":"<!-- This site is optimized with the Yoast SEO plugin v27.5 - https:\/\/yoast.com\/product\/yoast-seo-wordpress\/ -->\n<title>FFMC 72 - 26 septembre - Journ\u00e9e de sensibilisation des usagers- Gasoil - FFMC 72 - F\u00e9d\u00e9ration Fran\u00e7aise des motards en col\u00e8res de la Sarthe - boycott contr\u00f4le technique moto, contre les ZFE, Adherer, nid de poule, infrastructure, action gazoil, consignes casques, 24h du mans, non au CT2RM, FFMC Sarthe, FFMC 72, F.F.M.C, ERJ, Le Mans, FFMC Le Mans, Veille sur les contr\u00f4les syst\u00e9matiques<\/title>\n<meta name=\"description\" content=\"FFMC 72 - 26 septembre - Journ\u00e9e de sensibilisation des usagers- Gasoil\" \/>\n<meta name=\"robots\" content=\"index, follow, max-snippet:-1, max-image-preview:large, max-video-preview:-1\" \/>\n<link rel=\"canonical\" href=\"https:\/\/www.ffmc72.fr\/site\/26-septembre-journee-de-sensibilisation-des-usagers-gasoil\/\" \/>\n<meta property=\"og:locale\" content=\"fr_FR\" \/>\n<meta property=\"og:type\" content=\"article\" \/>\n<meta property=\"og:title\" content=\"FFMC 72 - 26 septembre - Journ\u00e9e de sensibilisation des usagers- Gasoil - FFMC 72 - F\u00e9d\u00e9ration Fran\u00e7aise des motards en col\u00e8res de la Sarthe - boycott contr\u00f4le technique moto, contre les ZFE, Adherer, nid de poule, infrastructure, action gazoil, consignes casques, 24h du mans, non au CT2RM, FFMC Sarthe, FFMC 72, F.F.M.C, ERJ, Le Mans, FFMC Le Mans, Veille sur les contr\u00f4les syst\u00e9matiques\" \/>\n<meta property=\"og:description\" content=\"FFMC 72 - 26 septembre - Journ\u00e9e de sensibilisation des usagers- Gasoil\" \/>\n<meta property=\"og:url\" content=\"https:\/\/www.ffmc72.fr\/site\/26-septembre-journee-de-sensibilisation-des-usagers-gasoil\/\" \/>\n<meta property=\"og:site_name\" content=\"FFMC 72 - F\u00e9d\u00e9ration Fran\u00e7aise des motards en col\u00e8res de la Sarthe - boycott contr\u00f4le technique moto, contre les ZFE, Adherer, nid de poule, infrastructure, action gazoil, consignes casques, 24h du mans, non au CT2RM, FFMC Sarthe, FFMC 72, F.F.M.C, ERJ, Le Mans, FFMC Le Mans, Veille sur les contr\u00f4les syst\u00e9matiques\" \/>\n<meta property=\"article:publisher\" content=\"https:\/\/www.facebook.com\/ffmc72\" \/>\n<meta property=\"article:published_time\" content=\"2015-09-17T08:23:37+00:00\" \/>\n<meta property=\"article:modified_time\" content=\"2015-09-22T10:24:25+00:00\" \/>\n<meta property=\"og:image\" content=\"https:\/\/www.ffmc72.fr\/site\/wp-content\/uploads\/2015\/09\/2015-09-26-Gasoil.jpg\" \/>\n<meta name=\"author\" content=\"FFMC72\" \/>\n<meta name=\"twitter:card\" content=\"summary_large_image\" \/>\n<meta name=\"twitter:label1\" content=\"\u00c9crit par\" \/>\n\t<meta name=\"twitter:data1\" content=\"FFMC72\" \/>\n\t<meta name=\"twitter:label2\" content=\"Dur\u00e9e de lecture estim\u00e9e\" \/>\n\t<meta name=\"twitter:data2\" content=\"1 minute\" \/>\n<script type=\"application\/ld+json\" class=\"yoast-schema-graph\">{\"@context\":\"https:\\\/\\\/schema.org\",\"@graph\":[{\"@type\":\"Article\",\"@id\":\"https:\\\/\\\/www.ffmc72.fr\\\/site\\\/26-septembre-journee-de-sensibilisation-des-usagers-gasoil\\\/#article\",\"isPartOf\":{\"@id\":\"https:\\\/\\\/www.ffmc72.fr\\\/site\\\/26-septembre-journee-de-sensibilisation-des-usagers-gasoil\\\/\"},\"author\":{\"name\":\"FFMC72\",\"@id\":\"https:\\\/\\\/www.ffmc72.fr\\\/site\\\/#\\\/schema\\\/person\\\/312123de57325b0a0c24929135685d20\"},\"headline\":\"26 septembre &#8211; Journ\u00e9e de sensibilisation des usagers- Gasoil\",\"datePublished\":\"2015-09-17T08:23:37+00:00\",\"dateModified\":\"2015-09-22T10:24:25+00:00\",\"mainEntityOfPage\":{\"@id\":\"https:\\\/\\\/www.ffmc72.fr\\\/site\\\/26-septembre-journee-de-sensibilisation-des-usagers-gasoil\\\/\"},\"wordCount\":168,\"publisher\":{\"@id\":\"https:\\\/\\\/www.ffmc72.fr\\\/site\\\/#organization\"},\"image\":{\"@id\":\"https:\\\/\\\/www.ffmc72.fr\\\/site\\\/26-septembre-journee-de-sensibilisation-des-usagers-gasoil\\\/#primaryimage\"},\"thumbnailUrl\":\"https:\\\/\\\/www.ffmc72.fr\\\/site\\\/wp-content\\\/uploads\\\/2015\\\/09\\\/2015-09-26-Gasoil.jpg\",\"articleSection\":[\"Actions\",\"Alerte\"],\"inLanguage\":\"fr-FR\"},{\"@type\":\"WebPage\",\"@id\":\"https:\\\/\\\/www.ffmc72.fr\\\/site\\\/26-septembre-journee-de-sensibilisation-des-usagers-gasoil\\\/\",\"url\":\"https:\\\/\\\/www.ffmc72.fr\\\/site\\\/26-septembre-journee-de-sensibilisation-des-usagers-gasoil\\\/\",\"name\":\"FFMC 72 - 26 septembre - Journ\u00e9e de sensibilisation des usagers- Gasoil - FFMC 72 - F\u00e9d\u00e9ration Fran\u00e7aise des motards en col\u00e8res de la Sarthe - boycott contr\u00f4le technique moto, contre les ZFE, Adherer, nid de poule, infrastructure, action gazoil, consignes casques, 24h du mans, non au CT2RM, FFMC Sarthe, FFMC 72, F.F.M.C, ERJ, Le Mans, FFMC Le Mans, Veille sur les contr\u00f4les syst\u00e9matiques\",\"isPartOf\":{\"@id\":\"https:\\\/\\\/www.ffmc72.fr\\\/site\\\/#website\"},\"primaryImageOfPage\":{\"@id\":\"https:\\\/\\\/www.ffmc72.fr\\\/site\\\/26-septembre-journee-de-sensibilisation-des-usagers-gasoil\\\/#primaryimage\"},\"image\":{\"@id\":\"https:\\\/\\\/www.ffmc72.fr\\\/site\\\/26-septembre-journee-de-sensibilisation-des-usagers-gasoil\\\/#primaryimage\"},\"thumbnailUrl\":\"https:\\\/\\\/www.ffmc72.fr\\\/site\\\/wp-content\\\/uploads\\\/2015\\\/09\\\/2015-09-26-Gasoil.jpg\",\"datePublished\":\"2015-09-17T08:23:37+00:00\",\"dateModified\":\"2015-09-22T10:24:25+00:00\",\"description\":\"FFMC 72 - 26 septembre - Journ\u00e9e de sensibilisation des usagers- Gasoil\",\"breadcrumb\":{\"@id\":\"https:\\\/\\\/www.ffmc72.fr\\\/site\\\/26-septembre-journee-de-sensibilisation-des-usagers-gasoil\\\/#breadcrumb\"},\"inLanguage\":\"fr-FR\",\"potentialAction\":[{\"@type\":\"ReadAction\",\"target\":[\"https:\\\/\\\/www.ffmc72.fr\\\/site\\\/26-septembre-journee-de-sensibilisation-des-usagers-gasoil\\\/\"]}]},{\"@type\":\"ImageObject\",\"inLanguage\":\"fr-FR\",\"@id\":\"https:\\\/\\\/www.ffmc72.fr\\\/site\\\/26-septembre-journee-de-sensibilisation-des-usagers-gasoil\\\/#primaryimage\",\"url\":\"https:\\\/\\\/www.ffmc72.fr\\\/site\\\/wp-content\\\/uploads\\\/2015\\\/09\\\/2015-09-26-Gasoil.jpg\",\"contentUrl\":\"https:\\\/\\\/www.ffmc72.fr\\\/site\\\/wp-content\\\/uploads\\\/2015\\\/09\\\/2015-09-26-Gasoil.jpg\",\"width\":678,\"height\":960},{\"@type\":\"BreadcrumbList\",\"@id\":\"https:\\\/\\\/www.ffmc72.fr\\\/site\\\/26-septembre-journee-de-sensibilisation-des-usagers-gasoil\\\/#breadcrumb\",\"itemListElement\":[{\"@type\":\"ListItem\",\"position\":1,\"name\":\"Accueil\",\"item\":\"https:\\\/\\\/www.ffmc72.fr\\\/site\\\/\"},{\"@type\":\"ListItem\",\"position\":2,\"name\":\"26 septembre &#8211; Journ\u00e9e de sensibilisation des usagers- Gasoil\"}]},{\"@type\":\"WebSite\",\"@id\":\"https:\\\/\\\/www.ffmc72.fr\\\/site\\\/#website\",\"url\":\"https:\\\/\\\/www.ffmc72.fr\\\/site\\\/\",\"name\":\"FFMC 72 - F\u00e9d\u00e9ration Fran\u00e7aise des motards en col\u00e8res de la Sarthe - boycott contr\u00f4le technique moto, contre les ZFE, Adherer, nid de poule, infrastructure, action gazoil, consignes casques, 24h du mans, non au CT2RM, FFMC Sarthe, FFMC 72, F.F.M.C, ERJ, Le Mans, FFMC Le Mans, Veille sur les contr\u00f4les syst\u00e9matiques\",\"description\":\"Plus nombreux, plus fort, rejoint la FFMC\",\"publisher\":{\"@id\":\"https:\\\/\\\/www.ffmc72.fr\\\/site\\\/#organization\"},\"alternateName\":\"FFMC 72\",\"potentialAction\":[{\"@type\":\"SearchAction\",\"target\":{\"@type\":\"EntryPoint\",\"urlTemplate\":\"https:\\\/\\\/www.ffmc72.fr\\\/site\\\/?s={search_term_string}\"},\"query-input\":{\"@type\":\"PropertyValueSpecification\",\"valueRequired\":true,\"valueName\":\"search_term_string\"}}],\"inLanguage\":\"fr-FR\"},{\"@type\":\"Organization\",\"@id\":\"https:\\\/\\\/www.ffmc72.fr\\\/site\\\/#organization\",\"name\":\"FFMC 72\",\"url\":\"https:\\\/\\\/www.ffmc72.fr\\\/site\\\/\",\"logo\":{\"@type\":\"ImageObject\",\"inLanguage\":\"fr-FR\",\"@id\":\"https:\\\/\\\/www.ffmc72.fr\\\/site\\\/#\\\/schema\\\/logo\\\/image\\\/\",\"url\":\"https:\\\/\\\/www.ffmc72.fr\\\/site\\\/wp-content\\\/uploads\\\/2020\\\/05\\\/sticker-partenaire.jpg\",\"contentUrl\":\"https:\\\/\\\/www.ffmc72.fr\\\/site\\\/wp-content\\\/uploads\\\/2020\\\/05\\\/sticker-partenaire.jpg\",\"width\":1024,\"height\":239,\"caption\":\"FFMC 72\"},\"image\":{\"@id\":\"https:\\\/\\\/www.ffmc72.fr\\\/site\\\/#\\\/schema\\\/logo\\\/image\\\/\"},\"sameAs\":[\"https:\\\/\\\/www.facebook.com\\\/ffmc72\"]},{\"@type\":\"Person\",\"@id\":\"https:\\\/\\\/www.ffmc72.fr\\\/site\\\/#\\\/schema\\\/person\\\/312123de57325b0a0c24929135685d20\",\"name\":\"FFMC72\",\"image\":{\"@type\":\"ImageObject\",\"inLanguage\":\"fr-FR\",\"@id\":\"https:\\\/\\\/secure.gravatar.com\\\/avatar\\\/85265c52bbc2ebf87f37b156ecaea0bd9ca08c53073ae34d353a5c3e75ffdbae?s=96&d=mm&r=g\",\"url\":\"https:\\\/\\\/secure.gravatar.com\\\/avatar\\\/85265c52bbc2ebf87f37b156ecaea0bd9ca08c53073ae34d353a5c3e75ffdbae?s=96&d=mm&r=g\",\"contentUrl\":\"https:\\\/\\\/secure.gravatar.com\\\/avatar\\\/85265c52bbc2ebf87f37b156ecaea0bd9ca08c53073ae34d353a5c3e75ffdbae?s=96&d=mm&r=g\",\"caption\":\"FFMC72\"},\"url\":\"https:\\\/\\\/www.ffmc72.fr\\\/site\\\/author\\\/pobien\\\/\"}]}<\/script>\n<!-- \/ Yoast SEO plugin. -->","yoast_head_json":{"title":"FFMC 72 - 26 septembre - Journ\u00e9e de sensibilisation des usagers- Gasoil - FFMC 72 - F\u00e9d\u00e9ration Fran\u00e7aise des motards en col\u00e8res de la Sarthe - boycott contr\u00f4le technique moto, contre les ZFE, Adherer, nid de poule, infrastructure, action gazoil, consignes casques, 24h du mans, non au CT2RM, FFMC Sarthe, FFMC 72, F.F.M.C, ERJ, Le Mans, FFMC Le Mans, Veille sur les contr\u00f4les syst\u00e9matiques","description":"FFMC 72 - 26 septembre - Journ\u00e9e de sensibilisation des usagers- Gasoil","robots":{"index":"index","follow":"follow","max-snippet":"max-snippet:-1","max-image-preview":"max-image-preview:large","max-video-preview":"max-video-preview:-1"},"canonical":"https:\/\/www.ffmc72.fr\/site\/26-septembre-journee-de-sensibilisation-des-usagers-gasoil\/","og_locale":"fr_FR","og_type":"article","og_title":"FFMC 72 - 26 septembre - Journ\u00e9e de sensibilisation des usagers- Gasoil - FFMC 72 - F\u00e9d\u00e9ration Fran\u00e7aise des motards en col\u00e8res de la Sarthe - boycott contr\u00f4le technique moto, contre les ZFE, Adherer, nid de poule, infrastructure, action gazoil, consignes casques, 24h du mans, non au CT2RM, FFMC Sarthe, FFMC 72, F.F.M.C, ERJ, Le Mans, FFMC Le Mans, Veille sur les contr\u00f4les syst\u00e9matiques","og_description":"FFMC 72 - 26 septembre - Journ\u00e9e de sensibilisation des usagers- Gasoil","og_url":"https:\/\/www.ffmc72.fr\/site\/26-septembre-journee-de-sensibilisation-des-usagers-gasoil\/","og_site_name":"FFMC 72 - F\u00e9d\u00e9ration Fran\u00e7aise des motards en col\u00e8res de la Sarthe - boycott contr\u00f4le technique moto, contre les ZFE, Adherer, nid de poule, infrastructure, action gazoil, consignes casques, 24h du mans, non au CT2RM, FFMC Sarthe, FFMC 72, F.F.M.C, ERJ, Le Mans, FFMC Le Mans, Veille sur les contr\u00f4les syst\u00e9matiques","article_publisher":"https:\/\/www.facebook.com\/ffmc72","article_published_time":"2015-09-17T08:23:37+00:00","article_modified_time":"2015-09-22T10:24:25+00:00","og_image":[{"url":"https:\/\/www.ffmc72.fr\/site\/wp-content\/uploads\/2015\/09\/2015-09-26-Gasoil.jpg","type":"","width":"","height":""}],"author":"FFMC72","twitter_card":"summary_large_image","twitter_misc":{"\u00c9crit par":"FFMC72","Dur\u00e9e de lecture estim\u00e9e":"1 minute"},"schema":{"@context":"https:\/\/schema.org","@graph":[{"@type":"Article","@id":"https:\/\/www.ffmc72.fr\/site\/26-septembre-journee-de-sensibilisation-des-usagers-gasoil\/#article","isPartOf":{"@id":"https:\/\/www.ffmc72.fr\/site\/26-septembre-journee-de-sensibilisation-des-usagers-gasoil\/"},"author":{"name":"FFMC72","@id":"https:\/\/www.ffmc72.fr\/site\/#\/schema\/person\/312123de57325b0a0c24929135685d20"},"headline":"26 septembre &#8211; Journ\u00e9e de sensibilisation des usagers- Gasoil","datePublished":"2015-09-17T08:23:37+00:00","dateModified":"2015-09-22T10:24:25+00:00","mainEntityOfPage":{"@id":"https:\/\/www.ffmc72.fr\/site\/26-septembre-journee-de-sensibilisation-des-usagers-gasoil\/"},"wordCount":168,"publisher":{"@id":"https:\/\/www.ffmc72.fr\/site\/#organization"},"image":{"@id":"https:\/\/www.ffmc72.fr\/site\/26-septembre-journee-de-sensibilisation-des-usagers-gasoil\/#primaryimage"},"thumbnailUrl":"https:\/\/www.ffmc72.fr\/site\/wp-content\/uploads\/2015\/09\/2015-09-26-Gasoil.jpg","articleSection":["Actions","Alerte"],"inLanguage":"fr-FR"},{"@type":"WebPage","@id":"https:\/\/www.ffmc72.fr\/site\/26-septembre-journee-de-sensibilisation-des-usagers-gasoil\/","url":"https:\/\/www.ffmc72.fr\/site\/26-septembre-journee-de-sensibilisation-des-usagers-gasoil\/","name":"FFMC 72 - 26 septembre - Journ\u00e9e de sensibilisation des usagers- Gasoil - FFMC 72 - F\u00e9d\u00e9ration Fran\u00e7aise des motards en col\u00e8res de la Sarthe - boycott contr\u00f4le technique moto, contre les ZFE, Adherer, nid de poule, infrastructure, action gazoil, consignes casques, 24h du mans, non au CT2RM, FFMC Sarthe, FFMC 72, F.F.M.C, ERJ, Le Mans, FFMC Le Mans, Veille sur les contr\u00f4les syst\u00e9matiques","isPartOf":{"@id":"https:\/\/www.ffmc72.fr\/site\/#website"},"primaryImageOfPage":{"@id":"https:\/\/www.ffmc72.fr\/site\/26-septembre-journee-de-sensibilisation-des-usagers-gasoil\/#primaryimage"},"image":{"@id":"https:\/\/www.ffmc72.fr\/site\/26-septembre-journee-de-sensibilisation-des-usagers-gasoil\/#primaryimage"},"thumbnailUrl":"https:\/\/www.ffmc72.fr\/site\/wp-content\/uploads\/2015\/09\/2015-09-26-Gasoil.jpg","datePublished":"2015-09-17T08:23:37+00:00","dateModified":"2015-09-22T10:24:25+00:00","description":"FFMC 72 - 26 septembre - Journ\u00e9e de sensibilisation des usagers- Gasoil","breadcrumb":{"@id":"https:\/\/www.ffmc72.fr\/site\/26-septembre-journee-de-sensibilisation-des-usagers-gasoil\/#breadcrumb"},"inLanguage":"fr-FR","potentialAction":[{"@type":"ReadAction","target":["https:\/\/www.ffmc72.fr\/site\/26-septembre-journee-de-sensibilisation-des-usagers-gasoil\/"]}]},{"@type":"ImageObject","inLanguage":"fr-FR","@id":"https:\/\/www.ffmc72.fr\/site\/26-septembre-journee-de-sensibilisation-des-usagers-gasoil\/#primaryimage","url":"https:\/\/www.ffmc72.fr\/site\/wp-content\/uploads\/2015\/09\/2015-09-26-Gasoil.jpg","contentUrl":"https:\/\/www.ffmc72.fr\/site\/wp-content\/uploads\/2015\/09\/2015-09-26-Gasoil.jpg","width":678,"height":960},{"@type":"BreadcrumbList","@id":"https:\/\/www.ffmc72.fr\/site\/26-septembre-journee-de-sensibilisation-des-usagers-gasoil\/#breadcrumb","itemListElement":[{"@type":"ListItem","position":1,"name":"Accueil","item":"https:\/\/www.ffmc72.fr\/site\/"},{"@type":"ListItem","position":2,"name":"26 septembre &#8211; Journ\u00e9e de sensibilisation des usagers- Gasoil"}]},{"@type":"WebSite","@id":"https:\/\/www.ffmc72.fr\/site\/#website","url":"https:\/\/www.ffmc72.fr\/site\/","name":"FFMC 72 - F\u00e9d\u00e9ration Fran\u00e7aise des motards en col\u00e8res de la Sarthe - boycott contr\u00f4le technique moto, contre les ZFE, Adherer, nid de poule, infrastructure, action gazoil, consignes casques, 24h du mans, non au CT2RM, FFMC Sarthe, FFMC 72, F.F.M.C, ERJ, Le Mans, FFMC Le Mans, Veille sur les contr\u00f4les syst\u00e9matiques","description":"Plus nombreux, plus fort, rejoint la FFMC","publisher":{"@id":"https:\/\/www.ffmc72.fr\/site\/#organization"},"alternateName":"FFMC 72","potentialAction":[{"@type":"SearchAction","target":{"@type":"EntryPoint","urlTemplate":"https:\/\/www.ffmc72.fr\/site\/?s={search_term_string}"},"query-input":{"@type":"PropertyValueSpecification","valueRequired":true,"valueName":"search_term_string"}}],"inLanguage":"fr-FR"},{"@type":"Organization","@id":"https:\/\/www.ffmc72.fr\/site\/#organization","name":"FFMC 72","url":"https:\/\/www.ffmc72.fr\/site\/","logo":{"@type":"ImageObject","inLanguage":"fr-FR","@id":"https:\/\/www.ffmc72.fr\/site\/#\/schema\/logo\/image\/","url":"https:\/\/www.ffmc72.fr\/site\/wp-content\/uploads\/2020\/05\/sticker-partenaire.jpg","contentUrl":"https:\/\/www.ffmc72.fr\/site\/wp-content\/uploads\/2020\/05\/sticker-partenaire.jpg","width":1024,"height":239,"caption":"FFMC 72"},"image":{"@id":"https:\/\/www.ffmc72.fr\/site\/#\/schema\/logo\/image\/"},"sameAs":["https:\/\/www.facebook.com\/ffmc72"]},{"@type":"Person","@id":"https:\/\/www.ffmc72.fr\/site\/#\/schema\/person\/312123de57325b0a0c24929135685d20","name":"FFMC72","image":{"@type":"ImageObject","inLanguage":"fr-FR","@id":"https:\/\/secure.gravatar.com\/avatar\/85265c52bbc2ebf87f37b156ecaea0bd9ca08c53073ae34d353a5c3e75ffdbae?s=96&d=mm&r=g","url":"https:\/\/secure.gravatar.com\/avatar\/85265c52bbc2ebf87f37b156ecaea0bd9ca08c53073ae34d353a5c3e75ffdbae?s=96&d=mm&r=g","contentUrl":"https:\/\/secure.gravatar.com\/avatar\/85265c52bbc2ebf87f37b156ecaea0bd9ca08c53073ae34d353a5c3e75ffdbae?s=96&d=mm&r=g","caption":"FFMC72"},"url":"https:\/\/www.ffmc72.fr\/site\/author\/pobien\/"}]}},"_links":{"self":[{"href":"https:\/\/www.ffmc72.fr\/site\/wp-json\/wp\/v2\/posts\/820","targetHints":{"allow":["GET"]}}],"collection":[{"href":"https:\/\/www.ffmc72.fr\/site\/wp-json\/wp\/v2\/posts"}],"about":[{"href":"https:\/\/www.ffmc72.fr\/site\/wp-json\/wp\/v2\/types\/post"}],"author":[{"embeddable":true,"href":"https:\/\/www.ffmc72.fr\/site\/wp-json\/wp\/v2\/users\/2"}],"replies":[{"embeddable":true,"href":"https:\/\/www.ffmc72.fr\/site\/wp-json\/wp\/v2\/comments?post=820"}],"version-history":[{"count":7,"href":"https:\/\/www.ffmc72.fr\/site\/wp-json\/wp\/v2\/posts\/820\/revisions"}],"predecessor-version":[{"id":836,"href":"https:\/\/www.ffmc72.fr\/site\/wp-json\/wp\/v2\/posts\/820\/revisions\/836"}],"wp:attachment":[{"href":"https:\/\/www.ffmc72.fr\/site\/wp-json\/wp\/v2\/media?parent=820"}],"wp:term":[{"taxonomy":"category","embeddable":true,"href":"https:\/\/www.ffmc72.fr\/site\/wp-json\/wp\/v2\/categories?post=820"},{"taxonomy":"post_tag","embeddable":true,"href":"https:\/\/www.ffmc72.fr\/site\/wp-json\/wp\/v2\/tags?post=820"}],"curies":[{"name":"wp","href":"https:\/\/api.w.org\/{rel}","templated":true}]}}