{"id":748,"date":"2015-07-16T18:28:54","date_gmt":"2015-07-16T17:28:54","guid":{"rendered":"http:\/\/ffmc72.fr\/site\/?p=748"},"modified":"2015-08-04T12:45:06","modified_gmt":"2015-08-04T11:45:06","slug":"reunion-conseil-general","status":"publish","type":"post","link":"https:\/\/www.ffmc72.fr\/site\/reunion-conseil-general\/","title":{"rendered":"R\u00e9union au Conseil g\u00e9n\u00e9ral"},"content":{"rendered":"<p><a href=\"https:\/\/www.ffmc72.fr\/site\/wp-content\/uploads\/2015\/08\/2015-07-15-R\u00e9union-Conseil-d\u00e9partemental2tag.jpg\"><img loading=\"lazy\" decoding=\"async\" alt=\"2015-07-15 - R\u00e9union Conseil d\u00e9partemental2tag\" src=\"https:\/\/www.ffmc72.fr\/site\/wp-content\/uploads\/2015\/08\/2015-07-15-R\u00e9union-Conseil-d\u00e9partemental2tag.jpg\" width=\"3456\" height=\"2592\" \/><\/a><\/p>\n<p>La FFMC 72 a rencontr\u00e9 le conseil d\u00e9partemental en la personne de Dominique le M\u00e9ner le 15 juillet. Cette r\u00e9union a \u00e9t\u00e9 l\u2019occasion de faire le point sur certaines routes de Sarthe identifi\u00e9es comme dangereuses et\/ou en d\u00e9gradation pour les motards, nous avons d\u00e9battu :<\/p>\n<ul>\n<li>15 aines d\u2019infrastructures (D47, D338, D39, D92\u2026)<\/li>\n<li>Nature de r\u00e9flexions de voirie et probl\u00e9matiques<\/li>\n<li>Travaux en cours et a venir<\/li>\n<li>Anticipation des travaux<\/li>\n<li>Am\u00e9lioration des alertes<\/li>\n<\/ul>\n<p>Il est d\u2019ors et d\u00e9j\u00e0 pr\u00e9vu de refaire ce type de r\u00e9union de mani\u00e8re plus r\u00e9guli\u00e8re.<\/p>\n<p>&nbsp;<\/p>\n<p><a href=\"https:\/\/www.ffmc72.fr\/site\/wp-content\/uploads\/2015\/07\/2015-08-03_Infra-D7.jpg\"><img loading=\"lazy\" decoding=\"async\" alt=\"2015-08-03_Infra D7\" src=\"https:\/\/www.ffmc72.fr\/site\/wp-content\/uploads\/2015\/07\/2015-08-03_Infra-D7.jpg\" width=\"1269\" height=\"329\" \/><\/a><\/p>\n<p><a href=\"https:\/\/www.ffmc72.fr\/site\/wp-content\/uploads\/2015\/07\/2015-08-03_Infra-Soulign\u00e9.jpg\"><img loading=\"lazy\" decoding=\"async\" alt=\"2015-08-03_Infra Soulign\u00e9\" src=\"https:\/\/www.ffmc72.fr\/site\/wp-content\/uploads\/2015\/07\/2015-08-03_Infra-Soulign\u00e9.jpg\" width=\"1115\" height=\"496\" \/><\/a><\/p>\n<p><a href=\"https:\/\/www.ffmc72.fr\/site\/wp-content\/uploads\/2015\/07\/2015-08-03_Infra-Labazoge.jpg\"><img loading=\"lazy\" decoding=\"async\" alt=\"2015-08-03_Infra Labazoge\" src=\"https:\/\/www.ffmc72.fr\/site\/wp-content\/uploads\/2015\/07\/2015-08-03_Infra-Labazoge.jpg\" width=\"923\" height=\"466\" \/><\/a><\/p>\n","protected":false},"excerpt":{"rendered":"<p>La FFMC 72 a rencontr\u00e9 le conseil d\u00e9partemental en la personne de Dominique le M\u00e9ner le 15 juillet. Cette r\u00e9union a \u00e9t\u00e9 l\u2019occasion de faire le point sur certaines routes de Sarthe identifi\u00e9es comme dangereuses et\/ou en d\u00e9gradation pour les motards, nous avons d\u00e9battu : 15 aines d\u2019infrastructures (D47, D338, D39, D92\u2026) Nature de r\u00e9flexions de voirie et probl\u00e9matiques Travaux en cours et a venir Anticipation des travaux Am\u00e9lioration des alertes Il est d\u2019ors et d\u00e9j\u00e0 pr\u00e9vu de refaire ce type de r\u00e9union de mani\u00e8re plus r\u00e9guli\u00e8re. &nbsp;<\/p>\n<p class=\"continue-reading-button\"> <a class=\"continue-reading-link\" href=\"https:\/\/www.ffmc72.fr\/site\/reunion-conseil-general\/\">Continuer \u00e0 lire<i class=\"crycon-right-dir\"><\/i><\/a><\/p>\n","protected":false},"author":1,"featured_media":0,"comment_status":"closed","ping_status":"closed","sticky":false,"template":"","format":"standard","meta":{"footnotes":""},"categories":[6,12,4,14],"tags":[],"class_list":["post-748","post","type-post","status-publish","format-standard","hentry","category-actions","category-compte-rendu","category-divers","category-reunion"],"yoast_head":"<!-- This site is optimized with the Yoast SEO plugin v27.5 - https:\/\/yoast.com\/product\/yoast-seo-wordpress\/ -->\n<title>FFMC 72 - R\u00e9union au Conseil g\u00e9n\u00e9ral - FFMC 72 - F\u00e9d\u00e9ration Fran\u00e7aise des motards en col\u00e8res de la Sarthe - boycott contr\u00f4le technique moto, contre les ZFE, Adherer, nid de poule, infrastructure, action gazoil, consignes casques, 24h du mans, non au CT2RM, FFMC Sarthe, FFMC 72, F.F.M.C, ERJ, Le Mans, FFMC Le Mans, Veille sur les contr\u00f4les syst\u00e9matiques<\/title>\n<meta name=\"description\" content=\"FFMC 72 - R\u00e9union au Conseil g\u00e9n\u00e9ral\" \/>\n<meta name=\"robots\" content=\"index, follow, max-snippet:-1, max-image-preview:large, max-video-preview:-1\" \/>\n<link rel=\"canonical\" href=\"https:\/\/www.ffmc72.fr\/site\/reunion-conseil-general\/\" \/>\n<meta property=\"og:locale\" content=\"fr_FR\" \/>\n<meta property=\"og:type\" content=\"article\" \/>\n<meta property=\"og:title\" content=\"FFMC 72 - R\u00e9union au Conseil g\u00e9n\u00e9ral - FFMC 72 - F\u00e9d\u00e9ration Fran\u00e7aise des motards en col\u00e8res de la Sarthe - boycott contr\u00f4le technique moto, contre les ZFE, Adherer, nid de poule, infrastructure, action gazoil, consignes casques, 24h du mans, non au CT2RM, FFMC Sarthe, FFMC 72, F.F.M.C, ERJ, Le Mans, FFMC Le Mans, Veille sur les contr\u00f4les syst\u00e9matiques\" \/>\n<meta property=\"og:description\" content=\"FFMC 72 - R\u00e9union au Conseil g\u00e9n\u00e9ral\" \/>\n<meta property=\"og:url\" content=\"https:\/\/www.ffmc72.fr\/site\/reunion-conseil-general\/\" \/>\n<meta property=\"og:site_name\" content=\"FFMC 72 - F\u00e9d\u00e9ration Fran\u00e7aise des motards en col\u00e8res de la Sarthe - boycott contr\u00f4le technique moto, contre les ZFE, Adherer, nid de poule, infrastructure, action gazoil, consignes casques, 24h du mans, non au CT2RM, FFMC Sarthe, FFMC 72, F.F.M.C, ERJ, Le Mans, FFMC Le Mans, Veille sur les contr\u00f4les syst\u00e9matiques\" \/>\n<meta property=\"article:publisher\" content=\"https:\/\/www.facebook.com\/ffmc72\" \/>\n<meta property=\"article:published_time\" content=\"2015-07-16T17:28:54+00:00\" \/>\n<meta property=\"article:modified_time\" content=\"2015-08-04T11:45:06+00:00\" \/>\n<meta property=\"og:image\" content=\"https:\/\/www.ffmc72.fr\/site\/wp-content\/uploads\/2015\/07\/2015-08-03_Infra-D7.jpg\" \/>\n<meta name=\"author\" content=\"FFMC72\" \/>\n<meta name=\"twitter:card\" content=\"summary_large_image\" \/>\n<meta name=\"twitter:label1\" content=\"\u00c9crit par\" \/>\n\t<meta name=\"twitter:data1\" content=\"FFMC72\" \/>\n\t<meta name=\"twitter:label2\" content=\"Dur\u00e9e de lecture estim\u00e9e\" \/>\n\t<meta name=\"twitter:data2\" content=\"1 minute\" \/>\n<script type=\"application\/ld+json\" class=\"yoast-schema-graph\">{\"@context\":\"https:\\\/\\\/schema.org\",\"@graph\":[{\"@type\":\"Article\",\"@id\":\"https:\\\/\\\/www.ffmc72.fr\\\/site\\\/reunion-conseil-general\\\/#article\",\"isPartOf\":{\"@id\":\"https:\\\/\\\/www.ffmc72.fr\\\/site\\\/reunion-conseil-general\\\/\"},\"author\":{\"name\":\"FFMC72\",\"@id\":\"https:\\\/\\\/www.ffmc72.fr\\\/site\\\/#\\\/schema\\\/person\\\/1d38cb19c128de2eb8c460e34e6bd842\"},\"headline\":\"R\u00e9union au Conseil g\u00e9n\u00e9ral\",\"datePublished\":\"2015-07-16T17:28:54+00:00\",\"dateModified\":\"2015-08-04T11:45:06+00:00\",\"mainEntityOfPage\":{\"@id\":\"https:\\\/\\\/www.ffmc72.fr\\\/site\\\/reunion-conseil-general\\\/\"},\"wordCount\":110,\"publisher\":{\"@id\":\"https:\\\/\\\/www.ffmc72.fr\\\/site\\\/#organization\"},\"image\":{\"@id\":\"https:\\\/\\\/www.ffmc72.fr\\\/site\\\/reunion-conseil-general\\\/#primaryimage\"},\"thumbnailUrl\":\"https:\\\/\\\/www.ffmc72.fr\\\/site\\\/wp-content\\\/uploads\\\/2015\\\/07\\\/2015-08-03_Infra-D7.jpg\",\"articleSection\":[\"Actions\",\"Compte rendu\",\"Divers\",\"R\u00e9union\"],\"inLanguage\":\"fr-FR\"},{\"@type\":\"WebPage\",\"@id\":\"https:\\\/\\\/www.ffmc72.fr\\\/site\\\/reunion-conseil-general\\\/\",\"url\":\"https:\\\/\\\/www.ffmc72.fr\\\/site\\\/reunion-conseil-general\\\/\",\"name\":\"FFMC 72 - R\u00e9union au Conseil g\u00e9n\u00e9ral - FFMC 72 - F\u00e9d\u00e9ration Fran\u00e7aise des motards en col\u00e8res de la Sarthe - boycott contr\u00f4le technique moto, contre les ZFE, Adherer, nid de poule, infrastructure, action gazoil, consignes casques, 24h du mans, non au CT2RM, FFMC Sarthe, FFMC 72, F.F.M.C, ERJ, Le Mans, FFMC Le Mans, Veille sur les contr\u00f4les syst\u00e9matiques\",\"isPartOf\":{\"@id\":\"https:\\\/\\\/www.ffmc72.fr\\\/site\\\/#website\"},\"primaryImageOfPage\":{\"@id\":\"https:\\\/\\\/www.ffmc72.fr\\\/site\\\/reunion-conseil-general\\\/#primaryimage\"},\"image\":{\"@id\":\"https:\\\/\\\/www.ffmc72.fr\\\/site\\\/reunion-conseil-general\\\/#primaryimage\"},\"thumbnailUrl\":\"https:\\\/\\\/www.ffmc72.fr\\\/site\\\/wp-content\\\/uploads\\\/2015\\\/07\\\/2015-08-03_Infra-D7.jpg\",\"datePublished\":\"2015-07-16T17:28:54+00:00\",\"dateModified\":\"2015-08-04T11:45:06+00:00\",\"description\":\"FFMC 72 - R\u00e9union au Conseil g\u00e9n\u00e9ral\",\"breadcrumb\":{\"@id\":\"https:\\\/\\\/www.ffmc72.fr\\\/site\\\/reunion-conseil-general\\\/#breadcrumb\"},\"inLanguage\":\"fr-FR\",\"potentialAction\":[{\"@type\":\"ReadAction\",\"target\":[\"https:\\\/\\\/www.ffmc72.fr\\\/site\\\/reunion-conseil-general\\\/\"]}]},{\"@type\":\"ImageObject\",\"inLanguage\":\"fr-FR\",\"@id\":\"https:\\\/\\\/www.ffmc72.fr\\\/site\\\/reunion-conseil-general\\\/#primaryimage\",\"url\":\"https:\\\/\\\/www.ffmc72.fr\\\/site\\\/wp-content\\\/uploads\\\/2015\\\/07\\\/2015-08-03_Infra-D7.jpg\",\"contentUrl\":\"https:\\\/\\\/www.ffmc72.fr\\\/site\\\/wp-content\\\/uploads\\\/2015\\\/07\\\/2015-08-03_Infra-D7.jpg\",\"width\":1269,\"height\":329},{\"@type\":\"BreadcrumbList\",\"@id\":\"https:\\\/\\\/www.ffmc72.fr\\\/site\\\/reunion-conseil-general\\\/#breadcrumb\",\"itemListElement\":[{\"@type\":\"ListItem\",\"position\":1,\"name\":\"Accueil\",\"item\":\"https:\\\/\\\/www.ffmc72.fr\\\/site\\\/\"},{\"@type\":\"ListItem\",\"position\":2,\"name\":\"R\u00e9union au Conseil g\u00e9n\u00e9ral\"}]},{\"@type\":\"WebSite\",\"@id\":\"https:\\\/\\\/www.ffmc72.fr\\\/site\\\/#website\",\"url\":\"https:\\\/\\\/www.ffmc72.fr\\\/site\\\/\",\"name\":\"FFMC 72 - F\u00e9d\u00e9ration Fran\u00e7aise des motards en col\u00e8res de la Sarthe - boycott contr\u00f4le technique moto, contre les ZFE, Adherer, nid de poule, infrastructure, action gazoil, consignes casques, 24h du mans, non au CT2RM, FFMC Sarthe, FFMC 72, F.F.M.C, ERJ, Le Mans, FFMC Le Mans, Veille sur les contr\u00f4les syst\u00e9matiques\",\"description\":\"Plus nombreux, plus fort, rejoint la FFMC\",\"publisher\":{\"@id\":\"https:\\\/\\\/www.ffmc72.fr\\\/site\\\/#organization\"},\"alternateName\":\"FFMC 72\",\"potentialAction\":[{\"@type\":\"SearchAction\",\"target\":{\"@type\":\"EntryPoint\",\"urlTemplate\":\"https:\\\/\\\/www.ffmc72.fr\\\/site\\\/?s={search_term_string}\"},\"query-input\":{\"@type\":\"PropertyValueSpecification\",\"valueRequired\":true,\"valueName\":\"search_term_string\"}}],\"inLanguage\":\"fr-FR\"},{\"@type\":\"Organization\",\"@id\":\"https:\\\/\\\/www.ffmc72.fr\\\/site\\\/#organization\",\"name\":\"FFMC 72\",\"url\":\"https:\\\/\\\/www.ffmc72.fr\\\/site\\\/\",\"logo\":{\"@type\":\"ImageObject\",\"inLanguage\":\"fr-FR\",\"@id\":\"https:\\\/\\\/www.ffmc72.fr\\\/site\\\/#\\\/schema\\\/logo\\\/image\\\/\",\"url\":\"https:\\\/\\\/www.ffmc72.fr\\\/site\\\/wp-content\\\/uploads\\\/2020\\\/05\\\/sticker-partenaire.jpg\",\"contentUrl\":\"https:\\\/\\\/www.ffmc72.fr\\\/site\\\/wp-content\\\/uploads\\\/2020\\\/05\\\/sticker-partenaire.jpg\",\"width\":1024,\"height\":239,\"caption\":\"FFMC 72\"},\"image\":{\"@id\":\"https:\\\/\\\/www.ffmc72.fr\\\/site\\\/#\\\/schema\\\/logo\\\/image\\\/\"},\"sameAs\":[\"https:\\\/\\\/www.facebook.com\\\/ffmc72\"]},{\"@type\":\"Person\",\"@id\":\"https:\\\/\\\/www.ffmc72.fr\\\/site\\\/#\\\/schema\\\/person\\\/1d38cb19c128de2eb8c460e34e6bd842\",\"name\":\"FFMC72\",\"image\":{\"@type\":\"ImageObject\",\"inLanguage\":\"fr-FR\",\"@id\":\"https:\\\/\\\/secure.gravatar.com\\\/avatar\\\/ffe2b5245938875072ece2e5953c5bddc18ebd61b36f80745e44b39d49944dc3?s=96&d=mm&r=g\",\"url\":\"https:\\\/\\\/secure.gravatar.com\\\/avatar\\\/ffe2b5245938875072ece2e5953c5bddc18ebd61b36f80745e44b39d49944dc3?s=96&d=mm&r=g\",\"contentUrl\":\"https:\\\/\\\/secure.gravatar.com\\\/avatar\\\/ffe2b5245938875072ece2e5953c5bddc18ebd61b36f80745e44b39d49944dc3?s=96&d=mm&r=g\",\"caption\":\"FFMC72\"},\"url\":\"https:\\\/\\\/www.ffmc72.fr\\\/site\\\/author\\\/ffmc72\\\/\"}]}<\/script>\n<!-- \/ Yoast SEO plugin. -->","yoast_head_json":{"title":"FFMC 72 - R\u00e9union au Conseil g\u00e9n\u00e9ral - FFMC 72 - F\u00e9d\u00e9ration Fran\u00e7aise des motards en col\u00e8res de la Sarthe - boycott contr\u00f4le technique moto, contre les ZFE, Adherer, nid de poule, infrastructure, action gazoil, consignes casques, 24h du mans, non au CT2RM, FFMC Sarthe, FFMC 72, F.F.M.C, ERJ, Le Mans, FFMC Le Mans, Veille sur les contr\u00f4les syst\u00e9matiques","description":"FFMC 72 - R\u00e9union au Conseil g\u00e9n\u00e9ral","robots":{"index":"index","follow":"follow","max-snippet":"max-snippet:-1","max-image-preview":"max-image-preview:large","max-video-preview":"max-video-preview:-1"},"canonical":"https:\/\/www.ffmc72.fr\/site\/reunion-conseil-general\/","og_locale":"fr_FR","og_type":"article","og_title":"FFMC 72 - R\u00e9union au Conseil g\u00e9n\u00e9ral - FFMC 72 - F\u00e9d\u00e9ration Fran\u00e7aise des motards en col\u00e8res de la Sarthe - boycott contr\u00f4le technique moto, contre les ZFE, Adherer, nid de poule, infrastructure, action gazoil, consignes casques, 24h du mans, non au CT2RM, FFMC Sarthe, FFMC 72, F.F.M.C, ERJ, Le Mans, FFMC Le Mans, Veille sur les contr\u00f4les syst\u00e9matiques","og_description":"FFMC 72 - R\u00e9union au Conseil g\u00e9n\u00e9ral","og_url":"https:\/\/www.ffmc72.fr\/site\/reunion-conseil-general\/","og_site_name":"FFMC 72 - F\u00e9d\u00e9ration Fran\u00e7aise des motards en col\u00e8res de la Sarthe - boycott contr\u00f4le technique moto, contre les ZFE, Adherer, nid de poule, infrastructure, action gazoil, consignes casques, 24h du mans, non au CT2RM, FFMC Sarthe, FFMC 72, F.F.M.C, ERJ, Le Mans, FFMC Le Mans, Veille sur les contr\u00f4les syst\u00e9matiques","article_publisher":"https:\/\/www.facebook.com\/ffmc72","article_published_time":"2015-07-16T17:28:54+00:00","article_modified_time":"2015-08-04T11:45:06+00:00","og_image":[{"url":"https:\/\/www.ffmc72.fr\/site\/wp-content\/uploads\/2015\/07\/2015-08-03_Infra-D7.jpg","type":"","width":"","height":""}],"author":"FFMC72","twitter_card":"summary_large_image","twitter_misc":{"\u00c9crit par":"FFMC72","Dur\u00e9e de lecture estim\u00e9e":"1 minute"},"schema":{"@context":"https:\/\/schema.org","@graph":[{"@type":"Article","@id":"https:\/\/www.ffmc72.fr\/site\/reunion-conseil-general\/#article","isPartOf":{"@id":"https:\/\/www.ffmc72.fr\/site\/reunion-conseil-general\/"},"author":{"name":"FFMC72","@id":"https:\/\/www.ffmc72.fr\/site\/#\/schema\/person\/1d38cb19c128de2eb8c460e34e6bd842"},"headline":"R\u00e9union au Conseil g\u00e9n\u00e9ral","datePublished":"2015-07-16T17:28:54+00:00","dateModified":"2015-08-04T11:45:06+00:00","mainEntityOfPage":{"@id":"https:\/\/www.ffmc72.fr\/site\/reunion-conseil-general\/"},"wordCount":110,"publisher":{"@id":"https:\/\/www.ffmc72.fr\/site\/#organization"},"image":{"@id":"https:\/\/www.ffmc72.fr\/site\/reunion-conseil-general\/#primaryimage"},"thumbnailUrl":"https:\/\/www.ffmc72.fr\/site\/wp-content\/uploads\/2015\/07\/2015-08-03_Infra-D7.jpg","articleSection":["Actions","Compte rendu","Divers","R\u00e9union"],"inLanguage":"fr-FR"},{"@type":"WebPage","@id":"https:\/\/www.ffmc72.fr\/site\/reunion-conseil-general\/","url":"https:\/\/www.ffmc72.fr\/site\/reunion-conseil-general\/","name":"FFMC 72 - R\u00e9union au Conseil g\u00e9n\u00e9ral - FFMC 72 - F\u00e9d\u00e9ration Fran\u00e7aise des motards en col\u00e8res de la Sarthe - boycott contr\u00f4le technique moto, contre les ZFE, Adherer, nid de poule, infrastructure, action gazoil, consignes casques, 24h du mans, non au CT2RM, FFMC Sarthe, FFMC 72, F.F.M.C, ERJ, Le Mans, FFMC Le Mans, Veille sur les contr\u00f4les syst\u00e9matiques","isPartOf":{"@id":"https:\/\/www.ffmc72.fr\/site\/#website"},"primaryImageOfPage":{"@id":"https:\/\/www.ffmc72.fr\/site\/reunion-conseil-general\/#primaryimage"},"image":{"@id":"https:\/\/www.ffmc72.fr\/site\/reunion-conseil-general\/#primaryimage"},"thumbnailUrl":"https:\/\/www.ffmc72.fr\/site\/wp-content\/uploads\/2015\/07\/2015-08-03_Infra-D7.jpg","datePublished":"2015-07-16T17:28:54+00:00","dateModified":"2015-08-04T11:45:06+00:00","description":"FFMC 72 - R\u00e9union au Conseil g\u00e9n\u00e9ral","breadcrumb":{"@id":"https:\/\/www.ffmc72.fr\/site\/reunion-conseil-general\/#breadcrumb"},"inLanguage":"fr-FR","potentialAction":[{"@type":"ReadAction","target":["https:\/\/www.ffmc72.fr\/site\/reunion-conseil-general\/"]}]},{"@type":"ImageObject","inLanguage":"fr-FR","@id":"https:\/\/www.ffmc72.fr\/site\/reunion-conseil-general\/#primaryimage","url":"https:\/\/www.ffmc72.fr\/site\/wp-content\/uploads\/2015\/07\/2015-08-03_Infra-D7.jpg","contentUrl":"https:\/\/www.ffmc72.fr\/site\/wp-content\/uploads\/2015\/07\/2015-08-03_Infra-D7.jpg","width":1269,"height":329},{"@type":"BreadcrumbList","@id":"https:\/\/www.ffmc72.fr\/site\/reunion-conseil-general\/#breadcrumb","itemListElement":[{"@type":"ListItem","position":1,"name":"Accueil","item":"https:\/\/www.ffmc72.fr\/site\/"},{"@type":"ListItem","position":2,"name":"R\u00e9union au Conseil g\u00e9n\u00e9ral"}]},{"@type":"WebSite","@id":"https:\/\/www.ffmc72.fr\/site\/#website","url":"https:\/\/www.ffmc72.fr\/site\/","name":"FFMC 72 - F\u00e9d\u00e9ration Fran\u00e7aise des motards en col\u00e8res de la Sarthe - boycott contr\u00f4le technique moto, contre les ZFE, Adherer, nid de poule, infrastructure, action gazoil, consignes casques, 24h du mans, non au CT2RM, FFMC Sarthe, FFMC 72, F.F.M.C, ERJ, Le Mans, FFMC Le Mans, Veille sur les contr\u00f4les syst\u00e9matiques","description":"Plus nombreux, plus fort, rejoint la FFMC","publisher":{"@id":"https:\/\/www.ffmc72.fr\/site\/#organization"},"alternateName":"FFMC 72","potentialAction":[{"@type":"SearchAction","target":{"@type":"EntryPoint","urlTemplate":"https:\/\/www.ffmc72.fr\/site\/?s={search_term_string}"},"query-input":{"@type":"PropertyValueSpecification","valueRequired":true,"valueName":"search_term_string"}}],"inLanguage":"fr-FR"},{"@type":"Organization","@id":"https:\/\/www.ffmc72.fr\/site\/#organization","name":"FFMC 72","url":"https:\/\/www.ffmc72.fr\/site\/","logo":{"@type":"ImageObject","inLanguage":"fr-FR","@id":"https:\/\/www.ffmc72.fr\/site\/#\/schema\/logo\/image\/","url":"https:\/\/www.ffmc72.fr\/site\/wp-content\/uploads\/2020\/05\/sticker-partenaire.jpg","contentUrl":"https:\/\/www.ffmc72.fr\/site\/wp-content\/uploads\/2020\/05\/sticker-partenaire.jpg","width":1024,"height":239,"caption":"FFMC 72"},"image":{"@id":"https:\/\/www.ffmc72.fr\/site\/#\/schema\/logo\/image\/"},"sameAs":["https:\/\/www.facebook.com\/ffmc72"]},{"@type":"Person","@id":"https:\/\/www.ffmc72.fr\/site\/#\/schema\/person\/1d38cb19c128de2eb8c460e34e6bd842","name":"FFMC72","image":{"@type":"ImageObject","inLanguage":"fr-FR","@id":"https:\/\/secure.gravatar.com\/avatar\/ffe2b5245938875072ece2e5953c5bddc18ebd61b36f80745e44b39d49944dc3?s=96&d=mm&r=g","url":"https:\/\/secure.gravatar.com\/avatar\/ffe2b5245938875072ece2e5953c5bddc18ebd61b36f80745e44b39d49944dc3?s=96&d=mm&r=g","contentUrl":"https:\/\/secure.gravatar.com\/avatar\/ffe2b5245938875072ece2e5953c5bddc18ebd61b36f80745e44b39d49944dc3?s=96&d=mm&r=g","caption":"FFMC72"},"url":"https:\/\/www.ffmc72.fr\/site\/author\/ffmc72\/"}]}},"_links":{"self":[{"href":"https:\/\/www.ffmc72.fr\/site\/wp-json\/wp\/v2\/posts\/748","targetHints":{"allow":["GET"]}}],"collection":[{"href":"https:\/\/www.ffmc72.fr\/site\/wp-json\/wp\/v2\/posts"}],"about":[{"href":"https:\/\/www.ffmc72.fr\/site\/wp-json\/wp\/v2\/types\/post"}],"author":[{"embeddable":true,"href":"https:\/\/www.ffmc72.fr\/site\/wp-json\/wp\/v2\/users\/1"}],"replies":[{"embeddable":true,"href":"https:\/\/www.ffmc72.fr\/site\/wp-json\/wp\/v2\/comments?post=748"}],"version-history":[{"count":4,"href":"https:\/\/www.ffmc72.fr\/site\/wp-json\/wp\/v2\/posts\/748\/revisions"}],"predecessor-version":[{"id":756,"href":"https:\/\/www.ffmc72.fr\/site\/wp-json\/wp\/v2\/posts\/748\/revisions\/756"}],"wp:attachment":[{"href":"https:\/\/www.ffmc72.fr\/site\/wp-json\/wp\/v2\/media?parent=748"}],"wp:term":[{"taxonomy":"category","embeddable":true,"href":"https:\/\/www.ffmc72.fr\/site\/wp-json\/wp\/v2\/categories?post=748"},{"taxonomy":"post_tag","embeddable":true,"href":"https:\/\/www.ffmc72.fr\/site\/wp-json\/wp\/v2\/tags?post=748"}],"curies":[{"name":"wp","href":"https:\/\/api.w.org\/{rel}","templated":true}]}}