{"id":614,"date":"2015-04-24T15:03:40","date_gmt":"2015-04-24T14:03:40","guid":{"rendered":"http:\/\/ffmc72.fr\/site\/?p=614"},"modified":"2015-05-13T15:41:55","modified_gmt":"2015-05-13T14:41:55","slug":"retour-sur-laction-veille-des-24-heures-motos","status":"publish","type":"post","link":"https:\/\/www.ffmc72.fr\/site\/retour-sur-laction-veille-des-24-heures-motos\/","title":{"rendered":"Retours sur l&rsquo;Action Veille des 24 heures motos"},"content":{"rendered":"<p>Les FFMC ont r\u00e9pondu pr\u00e9sente pour r\u00e9aliser cette nouvelle op\u00e9ration de Veille.<br \/>\nLe GIRM lui a mis en place un Relais et nous les avons soutenus pour accueillir, guider et d\u00e9panner les motards arrivant pour les 24h.<\/p>\n<p><a href=\"https:\/\/www.ffmc72.fr\/site\/wp-content\/uploads\/2015\/05\/2015-04-19-Veille-des-24h-04.jpg\"><img loading=\"lazy\" decoding=\"async\" class=\"aligncenter\" alt=\"2015-04-19 - Veille des 24h 04\" src=\"https:\/\/www.ffmc72.fr\/site\/wp-content\/uploads\/2015\/05\/2015-04-19-Veille-des-24h-04-1024x576.jpg\" width=\"396\" height=\"223\" \/><\/a><\/p>\n<p><img loading=\"lazy\" decoding=\"async\" class=\"aligncenter  wp-image-615\" alt=\"2015-04-17 - Veille des 24h 37\" src=\"https:\/\/www.ffmc72.fr\/site\/wp-content\/uploads\/2015\/05\/2015-04-17-Veille-des-24h-37-1024x576.jpg\" width=\"396\" height=\"223\" srcset=\"https:\/\/www.ffmc72.fr\/site\/wp-content\/uploads\/2015\/05\/2015-04-17-Veille-des-24h-37-1024x576.jpg 1024w, https:\/\/www.ffmc72.fr\/site\/wp-content\/uploads\/2015\/05\/2015-04-17-Veille-des-24h-37-300x168.jpg 300w, https:\/\/www.ffmc72.fr\/site\/wp-content\/uploads\/2015\/05\/2015-04-17-Veille-des-24h-37-250x140.jpg 250w, https:\/\/www.ffmc72.fr\/site\/wp-content\/uploads\/2015\/05\/2015-04-17-Veille-des-24h-37-700x393.jpg 700w\" sizes=\"auto, (max-width: 396px) 100vw, 396px\" \/><\/p>\n<p>Sur la 15 aine de points de contr\u00f4le que nous avons fait le vendredi, aucune verbalisation n&rsquo;a \u00e9t\u00e9 constat\u00e9e mais juste des contr\u00f4les des pneus, plaques et au pire l&rsquo;assurance&#8230; et quelques rappels \u00e0 l&rsquo;ordre.<\/p>\n<p style=\"text-align: center;\">En bonus ; quelques d\u00e9pannages, guidages, 3 chutes sans gravit\u00e9 et un marquage sur la brettelle de l&rsquo;universit\u00e9.<a href=\"https:\/\/www.ffmc72.fr\/site\/wp-content\/uploads\/2015\/05\/2015-04-17-Veille-des-24h-57.jpg\"><img loading=\"lazy\" decoding=\"async\" class=\"aligncenter  wp-image-616\" alt=\"2015-04-17 - Veille des 24h 57\" src=\"https:\/\/www.ffmc72.fr\/site\/wp-content\/uploads\/2015\/05\/2015-04-17-Veille-des-24h-57-1024x576.jpg\" width=\"396\" height=\"223\" srcset=\"https:\/\/www.ffmc72.fr\/site\/wp-content\/uploads\/2015\/05\/2015-04-17-Veille-des-24h-57-1024x576.jpg 1024w, https:\/\/www.ffmc72.fr\/site\/wp-content\/uploads\/2015\/05\/2015-04-17-Veille-des-24h-57-300x168.jpg 300w, https:\/\/www.ffmc72.fr\/site\/wp-content\/uploads\/2015\/05\/2015-04-17-Veille-des-24h-57-250x140.jpg 250w, https:\/\/www.ffmc72.fr\/site\/wp-content\/uploads\/2015\/05\/2015-04-17-Veille-des-24h-57-700x393.jpg 700w\" sizes=\"auto, (max-width: 396px) 100vw, 396px\" \/><\/a> <a href=\"https:\/\/www.ffmc72.fr\/site\/wp-content\/uploads\/2015\/05\/2015-04-17-Veille-des-24h-62.jpg\"><img loading=\"lazy\" decoding=\"async\" class=\"aligncenter  wp-image-617\" alt=\"2015-04-17 - Veille des 24h 62\" src=\"https:\/\/www.ffmc72.fr\/site\/wp-content\/uploads\/2015\/05\/2015-04-17-Veille-des-24h-62-1024x576.jpg\" width=\"396\" height=\"223\" srcset=\"https:\/\/www.ffmc72.fr\/site\/wp-content\/uploads\/2015\/05\/2015-04-17-Veille-des-24h-62-1024x576.jpg 1024w, https:\/\/www.ffmc72.fr\/site\/wp-content\/uploads\/2015\/05\/2015-04-17-Veille-des-24h-62-300x168.jpg 300w, https:\/\/www.ffmc72.fr\/site\/wp-content\/uploads\/2015\/05\/2015-04-17-Veille-des-24h-62-250x140.jpg 250w, https:\/\/www.ffmc72.fr\/site\/wp-content\/uploads\/2015\/05\/2015-04-17-Veille-des-24h-62-700x393.jpg 700w\" sizes=\"auto, (max-width: 396px) 100vw, 396px\" \/><\/a> <a href=\"https:\/\/www.ffmc72.fr\/site\/wp-content\/uploads\/2015\/05\/2015-04-17-Veille-des-24h-72.jpg\"><img loading=\"lazy\" decoding=\"async\" class=\"aligncenter  wp-image-618\" alt=\"2015-04-17 - Veille des 24h 72\" src=\"https:\/\/www.ffmc72.fr\/site\/wp-content\/uploads\/2015\/05\/2015-04-17-Veille-des-24h-72-1024x576.jpg\" width=\"396\" height=\"223\" srcset=\"https:\/\/www.ffmc72.fr\/site\/wp-content\/uploads\/2015\/05\/2015-04-17-Veille-des-24h-72-1024x576.jpg 1024w, https:\/\/www.ffmc72.fr\/site\/wp-content\/uploads\/2015\/05\/2015-04-17-Veille-des-24h-72-300x168.jpg 300w, https:\/\/www.ffmc72.fr\/site\/wp-content\/uploads\/2015\/05\/2015-04-17-Veille-des-24h-72-250x140.jpg 250w, https:\/\/www.ffmc72.fr\/site\/wp-content\/uploads\/2015\/05\/2015-04-17-Veille-des-24h-72-700x393.jpg 700w\" sizes=\"auto, (max-width: 396px) 100vw, 396px\" \/><\/a><a href=\"https:\/\/www.ffmc72.fr\/site\/wp-content\/uploads\/2015\/05\/2015-04-19-Article-FFMC37.jpg\"><br \/>\n<\/a><\/p>\n<p>Le samedi 2\u00e8me round, 2 \u00e9quipes se sont relay\u00e9es pour couvrir le plus de points de contr\u00f4le simultan\u00e9ment (&gt;10). A 16h, on rel\u00e2che la pression pour prendre un peu de repos. Ce qui n\u2019emp\u00eachera pas individuellement que nous retournions faire des contr\u00f4les et cela m\u00eame le dimanche.<\/p>\n<p style=\"text-align: center;\"><a href=\"https:\/\/www.ffmc72.fr\/site\/wp-content\/uploads\/2015\/05\/2015-04-19-Veille-des-24h-12.jpg\"><img loading=\"lazy\" decoding=\"async\" alt=\"2015-04-19 - Veille des 24h 12\" src=\"https:\/\/www.ffmc72.fr\/site\/wp-content\/uploads\/2015\/05\/2015-04-19-Veille-des-24h-12-1024x576.jpg\" width=\"396\" height=\"223\" \/><\/a><a href=\"https:\/\/www.ffmc72.fr\/site\/wp-content\/uploads\/2015\/05\/2015-04-19-Veille-des-24h-26.jpg\"><img loading=\"lazy\" decoding=\"async\" alt=\"2015-04-19 - Veille des 24h 26\" src=\"https:\/\/www.ffmc72.fr\/site\/wp-content\/uploads\/2015\/05\/2015-04-19-Veille-des-24h-26-1024x576.jpg\" width=\"396\" height=\"223\" \/><\/a><a href=\"https:\/\/www.ffmc72.fr\/site\/wp-content\/uploads\/2015\/05\/2015-04-19-Veille-des-24h-35.jpg\"><img loading=\"lazy\" decoding=\"async\" alt=\"2015-04-19 - Veille des 24h 35\" src=\"https:\/\/www.ffmc72.fr\/site\/wp-content\/uploads\/2015\/05\/2015-04-19-Veille-des-24h-35-1024x576.jpg\" width=\"396\" height=\"223\" \/><\/a><a href=\"https:\/\/www.ffmc72.fr\/site\/wp-content\/uploads\/2015\/05\/2015-04-19-Veille-des-24h-48.jpg\"><img loading=\"lazy\" decoding=\"async\" alt=\"2015-04-19 - Veille des 24h 48\" src=\"https:\/\/www.ffmc72.fr\/site\/wp-content\/uploads\/2015\/05\/2015-04-19-Veille-des-24h-48-1024x576.jpg\" width=\"396\" height=\"223\" \/><\/a><\/p>\n<p><strong>Le bilan est bon<\/strong> avec notre passage sur une 30 aine de points de contr\u00f4le et une pr\u00e9sence permanente au p\u00e9age d&rsquo;Auvour. Les verbalisations ont \u00e9t\u00e9 anecdotiques aux p\u00e9ages et AUCUNE n&rsquo;ont eu lieu en notre pr\u00e9sence. A l&rsquo;inverse, nous avons guid\u00e9, d\u00e9pann\u00e9 et aid\u00e9 de nombreux motards aussi bien pour des soucis techniques ou autres.<\/p>\n<p>A noter des retours dans plusieurs m\u00e9dias: France3, SweetFM, La nouvelle r\u00e9publique (ci-dessous)&#8230;<\/p>\n<p><a href=\"https:\/\/www.ffmc72.fr\/site\/wp-content\/uploads\/2015\/05\/2015-04-19-Article-FFMC37.jpg\"><img loading=\"lazy\" decoding=\"async\" class=\"aligncenter\" alt=\"2015-04-19 Article FFMC37\" src=\"https:\/\/www.ffmc72.fr\/site\/wp-content\/uploads\/2015\/05\/2015-04-19-Article-FFMC37.jpg\" width=\"396\" height=\"352\" \/><\/a><\/p>\n<p>Autres photos sur :\u00a0<a title=\"Album sur FFMC72\" href=\"https:\/\/www.facebook.com\/media\/set\/?set=a.801012063286976.1073741851.785474194840763&amp;type=3\" target=\"_blank\">Facebook<\/a><\/p>\n<p>UN GRAND MERCI \u00e0 tout les b\u00e9n\u00e9voles des diff\u00e9rentes FFMC qui sont venus nos pr\u00eater main forte et donner quelques heures de leur temps pour d\u00e9fendre notre passion.<\/p>\n<p>ON REMET LE COUVERT POUR LE MOTOGP \ud83d\ude09<\/p>\n<p>&nbsp;<\/p>\n<p>&nbsp;<\/p>\n<p>&nbsp;<\/p>\n","protected":false},"excerpt":{"rendered":"<p>Les FFMC ont r\u00e9pondu pr\u00e9sente pour r\u00e9aliser cette nouvelle op\u00e9ration de Veille. Le GIRM lui a mis en place un Relais et nous les avons soutenus pour accueillir, guider et d\u00e9panner les motards arrivant pour les 24h. Sur la 15 aine de points de contr\u00f4le que nous avons fait le vendredi, aucune verbalisation n&rsquo;a \u00e9t\u00e9 constat\u00e9e mais juste des contr\u00f4les des pneus, plaques et au pire l&rsquo;assurance&#8230; et quelques rappels \u00e0 l&rsquo;ordre. En bonus ; quelques d\u00e9pannages, guidages, 3 chutes sans gravit\u00e9 et un marquage sur la brettelle de l&rsquo;universit\u00e9. Le samedi 2\u00e8me round, 2 \u00e9quipes se sont relay\u00e9es pour&#8230;<\/p>\n<p class=\"continue-reading-button\"> <a class=\"continue-reading-link\" href=\"https:\/\/www.ffmc72.fr\/site\/retour-sur-laction-veille-des-24-heures-motos\/\">Continuer \u00e0 lire<i class=\"crycon-right-dir\"><\/i><\/a><\/p>\n","protected":false},"author":2,"featured_media":0,"comment_status":"closed","ping_status":"closed","sticky":false,"template":"","format":"standard","meta":{"footnotes":""},"categories":[6,12,4],"tags":[],"class_list":["post-614","post","type-post","status-publish","format-standard","hentry","category-actions","category-compte-rendu","category-divers"],"yoast_head":"<!-- This site is optimized with the Yoast SEO plugin v27.5 - https:\/\/yoast.com\/product\/yoast-seo-wordpress\/ -->\n<title>FFMC 72 - Retours sur l&#039;Action Veille des 24 heures motos - FFMC 72 - F\u00e9d\u00e9ration Fran\u00e7aise des motards en col\u00e8res de la Sarthe - boycott contr\u00f4le technique moto, contre les ZFE, Adherer, nid de poule, infrastructure, action gazoil, consignes casques, 24h du mans, non au CT2RM, FFMC Sarthe, FFMC 72, F.F.M.C, ERJ, Le Mans, FFMC Le Mans, Veille sur les contr\u00f4les syst\u00e9matiques<\/title>\n<meta name=\"description\" content=\"FFMC 72 - Retours sur l&#039;Action Veille des 24 heures motos\" \/>\n<meta name=\"robots\" content=\"index, follow, max-snippet:-1, max-image-preview:large, max-video-preview:-1\" \/>\n<link rel=\"canonical\" href=\"https:\/\/www.ffmc72.fr\/site\/retour-sur-laction-veille-des-24-heures-motos\/\" \/>\n<meta property=\"og:locale\" content=\"fr_FR\" \/>\n<meta property=\"og:type\" content=\"article\" \/>\n<meta property=\"og:title\" content=\"FFMC 72 - Retours sur l&#039;Action Veille des 24 heures motos - FFMC 72 - F\u00e9d\u00e9ration Fran\u00e7aise des motards en col\u00e8res de la Sarthe - boycott contr\u00f4le technique moto, contre les ZFE, Adherer, nid de poule, infrastructure, action gazoil, consignes casques, 24h du mans, non au CT2RM, FFMC Sarthe, FFMC 72, F.F.M.C, ERJ, Le Mans, FFMC Le Mans, Veille sur les contr\u00f4les syst\u00e9matiques\" \/>\n<meta property=\"og:description\" content=\"FFMC 72 - Retours sur l&#039;Action Veille des 24 heures motos\" \/>\n<meta property=\"og:url\" content=\"https:\/\/www.ffmc72.fr\/site\/retour-sur-laction-veille-des-24-heures-motos\/\" \/>\n<meta property=\"og:site_name\" content=\"FFMC 72 - F\u00e9d\u00e9ration Fran\u00e7aise des motards en col\u00e8res de la Sarthe - boycott contr\u00f4le technique moto, contre les ZFE, Adherer, nid de poule, infrastructure, action gazoil, consignes casques, 24h du mans, non au CT2RM, FFMC Sarthe, FFMC 72, F.F.M.C, ERJ, Le Mans, FFMC Le Mans, Veille sur les contr\u00f4les syst\u00e9matiques\" \/>\n<meta property=\"article:publisher\" content=\"https:\/\/www.facebook.com\/ffmc72\" \/>\n<meta property=\"article:published_time\" content=\"2015-04-24T14:03:40+00:00\" \/>\n<meta property=\"article:modified_time\" content=\"2015-05-13T14:41:55+00:00\" \/>\n<meta property=\"og:image\" content=\"https:\/\/www.ffmc72.fr\/site\/wp-content\/uploads\/2015\/05\/2015-04-19-Veille-des-24h-04-1024x576.jpg\" \/>\n<meta name=\"author\" content=\"FFMC72\" \/>\n<meta name=\"twitter:card\" content=\"summary_large_image\" \/>\n<meta name=\"twitter:label1\" content=\"\u00c9crit par\" \/>\n\t<meta name=\"twitter:data1\" content=\"FFMC72\" \/>\n\t<meta name=\"twitter:label2\" content=\"Dur\u00e9e de lecture estim\u00e9e\" \/>\n\t<meta name=\"twitter:data2\" content=\"1 minute\" \/>\n<script type=\"application\/ld+json\" class=\"yoast-schema-graph\">{\"@context\":\"https:\\\/\\\/schema.org\",\"@graph\":[{\"@type\":\"Article\",\"@id\":\"https:\\\/\\\/www.ffmc72.fr\\\/site\\\/retour-sur-laction-veille-des-24-heures-motos\\\/#article\",\"isPartOf\":{\"@id\":\"https:\\\/\\\/www.ffmc72.fr\\\/site\\\/retour-sur-laction-veille-des-24-heures-motos\\\/\"},\"author\":{\"name\":\"FFMC72\",\"@id\":\"https:\\\/\\\/www.ffmc72.fr\\\/site\\\/#\\\/schema\\\/person\\\/312123de57325b0a0c24929135685d20\"},\"headline\":\"Retours sur l&rsquo;Action Veille des 24 heures motos\",\"datePublished\":\"2015-04-24T14:03:40+00:00\",\"dateModified\":\"2015-05-13T14:41:55+00:00\",\"mainEntityOfPage\":{\"@id\":\"https:\\\/\\\/www.ffmc72.fr\\\/site\\\/retour-sur-laction-veille-des-24-heures-motos\\\/\"},\"wordCount\":286,\"publisher\":{\"@id\":\"https:\\\/\\\/www.ffmc72.fr\\\/site\\\/#organization\"},\"image\":{\"@id\":\"https:\\\/\\\/www.ffmc72.fr\\\/site\\\/retour-sur-laction-veille-des-24-heures-motos\\\/#primaryimage\"},\"thumbnailUrl\":\"https:\\\/\\\/www.ffmc72.fr\\\/site\\\/wp-content\\\/uploads\\\/2015\\\/05\\\/2015-04-19-Veille-des-24h-04-1024x576.jpg\",\"articleSection\":[\"Actions\",\"Compte rendu\",\"Divers\"],\"inLanguage\":\"fr-FR\"},{\"@type\":\"WebPage\",\"@id\":\"https:\\\/\\\/www.ffmc72.fr\\\/site\\\/retour-sur-laction-veille-des-24-heures-motos\\\/\",\"url\":\"https:\\\/\\\/www.ffmc72.fr\\\/site\\\/retour-sur-laction-veille-des-24-heures-motos\\\/\",\"name\":\"FFMC 72 - Retours sur l'Action Veille des 24 heures motos - FFMC 72 - F\u00e9d\u00e9ration Fran\u00e7aise des motards en col\u00e8res de la Sarthe - boycott contr\u00f4le technique moto, contre les ZFE, Adherer, nid de poule, infrastructure, action gazoil, consignes casques, 24h du mans, non au CT2RM, FFMC Sarthe, FFMC 72, F.F.M.C, ERJ, Le Mans, FFMC Le Mans, Veille sur les contr\u00f4les syst\u00e9matiques\",\"isPartOf\":{\"@id\":\"https:\\\/\\\/www.ffmc72.fr\\\/site\\\/#website\"},\"primaryImageOfPage\":{\"@id\":\"https:\\\/\\\/www.ffmc72.fr\\\/site\\\/retour-sur-laction-veille-des-24-heures-motos\\\/#primaryimage\"},\"image\":{\"@id\":\"https:\\\/\\\/www.ffmc72.fr\\\/site\\\/retour-sur-laction-veille-des-24-heures-motos\\\/#primaryimage\"},\"thumbnailUrl\":\"https:\\\/\\\/www.ffmc72.fr\\\/site\\\/wp-content\\\/uploads\\\/2015\\\/05\\\/2015-04-19-Veille-des-24h-04-1024x576.jpg\",\"datePublished\":\"2015-04-24T14:03:40+00:00\",\"dateModified\":\"2015-05-13T14:41:55+00:00\",\"description\":\"FFMC 72 - Retours sur l'Action Veille des 24 heures motos\",\"breadcrumb\":{\"@id\":\"https:\\\/\\\/www.ffmc72.fr\\\/site\\\/retour-sur-laction-veille-des-24-heures-motos\\\/#breadcrumb\"},\"inLanguage\":\"fr-FR\",\"potentialAction\":[{\"@type\":\"ReadAction\",\"target\":[\"https:\\\/\\\/www.ffmc72.fr\\\/site\\\/retour-sur-laction-veille-des-24-heures-motos\\\/\"]}]},{\"@type\":\"ImageObject\",\"inLanguage\":\"fr-FR\",\"@id\":\"https:\\\/\\\/www.ffmc72.fr\\\/site\\\/retour-sur-laction-veille-des-24-heures-motos\\\/#primaryimage\",\"url\":\"https:\\\/\\\/www.ffmc72.fr\\\/site\\\/wp-content\\\/uploads\\\/2015\\\/05\\\/2015-04-19-Veille-des-24h-04.jpg\",\"contentUrl\":\"https:\\\/\\\/www.ffmc72.fr\\\/site\\\/wp-content\\\/uploads\\\/2015\\\/05\\\/2015-04-19-Veille-des-24h-04.jpg\",\"width\":3712,\"height\":2088},{\"@type\":\"BreadcrumbList\",\"@id\":\"https:\\\/\\\/www.ffmc72.fr\\\/site\\\/retour-sur-laction-veille-des-24-heures-motos\\\/#breadcrumb\",\"itemListElement\":[{\"@type\":\"ListItem\",\"position\":1,\"name\":\"Accueil\",\"item\":\"https:\\\/\\\/www.ffmc72.fr\\\/site\\\/\"},{\"@type\":\"ListItem\",\"position\":2,\"name\":\"Retours sur l&rsquo;Action Veille des 24 heures motos\"}]},{\"@type\":\"WebSite\",\"@id\":\"https:\\\/\\\/www.ffmc72.fr\\\/site\\\/#website\",\"url\":\"https:\\\/\\\/www.ffmc72.fr\\\/site\\\/\",\"name\":\"FFMC 72 - F\u00e9d\u00e9ration Fran\u00e7aise des motards en col\u00e8res de la Sarthe - boycott contr\u00f4le technique moto, contre les ZFE, Adherer, nid de poule, infrastructure, action gazoil, consignes casques, 24h du mans, non au CT2RM, FFMC Sarthe, FFMC 72, F.F.M.C, ERJ, Le Mans, FFMC Le Mans, Veille sur les contr\u00f4les syst\u00e9matiques\",\"description\":\"Plus nombreux, plus fort, rejoint la FFMC\",\"publisher\":{\"@id\":\"https:\\\/\\\/www.ffmc72.fr\\\/site\\\/#organization\"},\"alternateName\":\"FFMC 72\",\"potentialAction\":[{\"@type\":\"SearchAction\",\"target\":{\"@type\":\"EntryPoint\",\"urlTemplate\":\"https:\\\/\\\/www.ffmc72.fr\\\/site\\\/?s={search_term_string}\"},\"query-input\":{\"@type\":\"PropertyValueSpecification\",\"valueRequired\":true,\"valueName\":\"search_term_string\"}}],\"inLanguage\":\"fr-FR\"},{\"@type\":\"Organization\",\"@id\":\"https:\\\/\\\/www.ffmc72.fr\\\/site\\\/#organization\",\"name\":\"FFMC 72\",\"url\":\"https:\\\/\\\/www.ffmc72.fr\\\/site\\\/\",\"logo\":{\"@type\":\"ImageObject\",\"inLanguage\":\"fr-FR\",\"@id\":\"https:\\\/\\\/www.ffmc72.fr\\\/site\\\/#\\\/schema\\\/logo\\\/image\\\/\",\"url\":\"https:\\\/\\\/www.ffmc72.fr\\\/site\\\/wp-content\\\/uploads\\\/2020\\\/05\\\/sticker-partenaire.jpg\",\"contentUrl\":\"https:\\\/\\\/www.ffmc72.fr\\\/site\\\/wp-content\\\/uploads\\\/2020\\\/05\\\/sticker-partenaire.jpg\",\"width\":1024,\"height\":239,\"caption\":\"FFMC 72\"},\"image\":{\"@id\":\"https:\\\/\\\/www.ffmc72.fr\\\/site\\\/#\\\/schema\\\/logo\\\/image\\\/\"},\"sameAs\":[\"https:\\\/\\\/www.facebook.com\\\/ffmc72\"]},{\"@type\":\"Person\",\"@id\":\"https:\\\/\\\/www.ffmc72.fr\\\/site\\\/#\\\/schema\\\/person\\\/312123de57325b0a0c24929135685d20\",\"name\":\"FFMC72\",\"image\":{\"@type\":\"ImageObject\",\"inLanguage\":\"fr-FR\",\"@id\":\"https:\\\/\\\/secure.gravatar.com\\\/avatar\\\/85265c52bbc2ebf87f37b156ecaea0bd9ca08c53073ae34d353a5c3e75ffdbae?s=96&d=mm&r=g\",\"url\":\"https:\\\/\\\/secure.gravatar.com\\\/avatar\\\/85265c52bbc2ebf87f37b156ecaea0bd9ca08c53073ae34d353a5c3e75ffdbae?s=96&d=mm&r=g\",\"contentUrl\":\"https:\\\/\\\/secure.gravatar.com\\\/avatar\\\/85265c52bbc2ebf87f37b156ecaea0bd9ca08c53073ae34d353a5c3e75ffdbae?s=96&d=mm&r=g\",\"caption\":\"FFMC72\"},\"url\":\"https:\\\/\\\/www.ffmc72.fr\\\/site\\\/author\\\/pobien\\\/\"}]}<\/script>\n<!-- \/ Yoast SEO plugin. -->","yoast_head_json":{"title":"FFMC 72 - Retours sur l'Action Veille des 24 heures motos - FFMC 72 - F\u00e9d\u00e9ration Fran\u00e7aise des motards en col\u00e8res de la Sarthe - boycott contr\u00f4le technique moto, contre les ZFE, Adherer, nid de poule, infrastructure, action gazoil, consignes casques, 24h du mans, non au CT2RM, FFMC Sarthe, FFMC 72, F.F.M.C, ERJ, Le Mans, FFMC Le Mans, Veille sur les contr\u00f4les syst\u00e9matiques","description":"FFMC 72 - Retours sur l'Action Veille des 24 heures motos","robots":{"index":"index","follow":"follow","max-snippet":"max-snippet:-1","max-image-preview":"max-image-preview:large","max-video-preview":"max-video-preview:-1"},"canonical":"https:\/\/www.ffmc72.fr\/site\/retour-sur-laction-veille-des-24-heures-motos\/","og_locale":"fr_FR","og_type":"article","og_title":"FFMC 72 - Retours sur l'Action Veille des 24 heures motos - FFMC 72 - F\u00e9d\u00e9ration Fran\u00e7aise des motards en col\u00e8res de la Sarthe - boycott contr\u00f4le technique moto, contre les ZFE, Adherer, nid de poule, infrastructure, action gazoil, consignes casques, 24h du mans, non au CT2RM, FFMC Sarthe, FFMC 72, F.F.M.C, ERJ, Le Mans, FFMC Le Mans, Veille sur les contr\u00f4les syst\u00e9matiques","og_description":"FFMC 72 - Retours sur l'Action Veille des 24 heures motos","og_url":"https:\/\/www.ffmc72.fr\/site\/retour-sur-laction-veille-des-24-heures-motos\/","og_site_name":"FFMC 72 - F\u00e9d\u00e9ration Fran\u00e7aise des motards en col\u00e8res de la Sarthe - boycott contr\u00f4le technique moto, contre les ZFE, Adherer, nid de poule, infrastructure, action gazoil, consignes casques, 24h du mans, non au CT2RM, FFMC Sarthe, FFMC 72, F.F.M.C, ERJ, Le Mans, FFMC Le Mans, Veille sur les contr\u00f4les syst\u00e9matiques","article_publisher":"https:\/\/www.facebook.com\/ffmc72","article_published_time":"2015-04-24T14:03:40+00:00","article_modified_time":"2015-05-13T14:41:55+00:00","og_image":[{"url":"https:\/\/www.ffmc72.fr\/site\/wp-content\/uploads\/2015\/05\/2015-04-19-Veille-des-24h-04-1024x576.jpg","type":"","width":"","height":""}],"author":"FFMC72","twitter_card":"summary_large_image","twitter_misc":{"\u00c9crit par":"FFMC72","Dur\u00e9e de lecture estim\u00e9e":"1 minute"},"schema":{"@context":"https:\/\/schema.org","@graph":[{"@type":"Article","@id":"https:\/\/www.ffmc72.fr\/site\/retour-sur-laction-veille-des-24-heures-motos\/#article","isPartOf":{"@id":"https:\/\/www.ffmc72.fr\/site\/retour-sur-laction-veille-des-24-heures-motos\/"},"author":{"name":"FFMC72","@id":"https:\/\/www.ffmc72.fr\/site\/#\/schema\/person\/312123de57325b0a0c24929135685d20"},"headline":"Retours sur l&rsquo;Action Veille des 24 heures motos","datePublished":"2015-04-24T14:03:40+00:00","dateModified":"2015-05-13T14:41:55+00:00","mainEntityOfPage":{"@id":"https:\/\/www.ffmc72.fr\/site\/retour-sur-laction-veille-des-24-heures-motos\/"},"wordCount":286,"publisher":{"@id":"https:\/\/www.ffmc72.fr\/site\/#organization"},"image":{"@id":"https:\/\/www.ffmc72.fr\/site\/retour-sur-laction-veille-des-24-heures-motos\/#primaryimage"},"thumbnailUrl":"https:\/\/www.ffmc72.fr\/site\/wp-content\/uploads\/2015\/05\/2015-04-19-Veille-des-24h-04-1024x576.jpg","articleSection":["Actions","Compte rendu","Divers"],"inLanguage":"fr-FR"},{"@type":"WebPage","@id":"https:\/\/www.ffmc72.fr\/site\/retour-sur-laction-veille-des-24-heures-motos\/","url":"https:\/\/www.ffmc72.fr\/site\/retour-sur-laction-veille-des-24-heures-motos\/","name":"FFMC 72 - Retours sur l'Action Veille des 24 heures motos - FFMC 72 - F\u00e9d\u00e9ration Fran\u00e7aise des motards en col\u00e8res de la Sarthe - boycott contr\u00f4le technique moto, contre les ZFE, Adherer, nid de poule, infrastructure, action gazoil, consignes casques, 24h du mans, non au CT2RM, FFMC Sarthe, FFMC 72, F.F.M.C, ERJ, Le Mans, FFMC Le Mans, Veille sur les contr\u00f4les syst\u00e9matiques","isPartOf":{"@id":"https:\/\/www.ffmc72.fr\/site\/#website"},"primaryImageOfPage":{"@id":"https:\/\/www.ffmc72.fr\/site\/retour-sur-laction-veille-des-24-heures-motos\/#primaryimage"},"image":{"@id":"https:\/\/www.ffmc72.fr\/site\/retour-sur-laction-veille-des-24-heures-motos\/#primaryimage"},"thumbnailUrl":"https:\/\/www.ffmc72.fr\/site\/wp-content\/uploads\/2015\/05\/2015-04-19-Veille-des-24h-04-1024x576.jpg","datePublished":"2015-04-24T14:03:40+00:00","dateModified":"2015-05-13T14:41:55+00:00","description":"FFMC 72 - Retours sur l'Action Veille des 24 heures motos","breadcrumb":{"@id":"https:\/\/www.ffmc72.fr\/site\/retour-sur-laction-veille-des-24-heures-motos\/#breadcrumb"},"inLanguage":"fr-FR","potentialAction":[{"@type":"ReadAction","target":["https:\/\/www.ffmc72.fr\/site\/retour-sur-laction-veille-des-24-heures-motos\/"]}]},{"@type":"ImageObject","inLanguage":"fr-FR","@id":"https:\/\/www.ffmc72.fr\/site\/retour-sur-laction-veille-des-24-heures-motos\/#primaryimage","url":"https:\/\/www.ffmc72.fr\/site\/wp-content\/uploads\/2015\/05\/2015-04-19-Veille-des-24h-04.jpg","contentUrl":"https:\/\/www.ffmc72.fr\/site\/wp-content\/uploads\/2015\/05\/2015-04-19-Veille-des-24h-04.jpg","width":3712,"height":2088},{"@type":"BreadcrumbList","@id":"https:\/\/www.ffmc72.fr\/site\/retour-sur-laction-veille-des-24-heures-motos\/#breadcrumb","itemListElement":[{"@type":"ListItem","position":1,"name":"Accueil","item":"https:\/\/www.ffmc72.fr\/site\/"},{"@type":"ListItem","position":2,"name":"Retours sur l&rsquo;Action Veille des 24 heures motos"}]},{"@type":"WebSite","@id":"https:\/\/www.ffmc72.fr\/site\/#website","url":"https:\/\/www.ffmc72.fr\/site\/","name":"FFMC 72 - F\u00e9d\u00e9ration Fran\u00e7aise des motards en col\u00e8res de la Sarthe - boycott contr\u00f4le technique moto, contre les ZFE, Adherer, nid de poule, infrastructure, action gazoil, consignes casques, 24h du mans, non au CT2RM, FFMC Sarthe, FFMC 72, F.F.M.C, ERJ, Le Mans, FFMC Le Mans, Veille sur les contr\u00f4les syst\u00e9matiques","description":"Plus nombreux, plus fort, rejoint la FFMC","publisher":{"@id":"https:\/\/www.ffmc72.fr\/site\/#organization"},"alternateName":"FFMC 72","potentialAction":[{"@type":"SearchAction","target":{"@type":"EntryPoint","urlTemplate":"https:\/\/www.ffmc72.fr\/site\/?s={search_term_string}"},"query-input":{"@type":"PropertyValueSpecification","valueRequired":true,"valueName":"search_term_string"}}],"inLanguage":"fr-FR"},{"@type":"Organization","@id":"https:\/\/www.ffmc72.fr\/site\/#organization","name":"FFMC 72","url":"https:\/\/www.ffmc72.fr\/site\/","logo":{"@type":"ImageObject","inLanguage":"fr-FR","@id":"https:\/\/www.ffmc72.fr\/site\/#\/schema\/logo\/image\/","url":"https:\/\/www.ffmc72.fr\/site\/wp-content\/uploads\/2020\/05\/sticker-partenaire.jpg","contentUrl":"https:\/\/www.ffmc72.fr\/site\/wp-content\/uploads\/2020\/05\/sticker-partenaire.jpg","width":1024,"height":239,"caption":"FFMC 72"},"image":{"@id":"https:\/\/www.ffmc72.fr\/site\/#\/schema\/logo\/image\/"},"sameAs":["https:\/\/www.facebook.com\/ffmc72"]},{"@type":"Person","@id":"https:\/\/www.ffmc72.fr\/site\/#\/schema\/person\/312123de57325b0a0c24929135685d20","name":"FFMC72","image":{"@type":"ImageObject","inLanguage":"fr-FR","@id":"https:\/\/secure.gravatar.com\/avatar\/85265c52bbc2ebf87f37b156ecaea0bd9ca08c53073ae34d353a5c3e75ffdbae?s=96&d=mm&r=g","url":"https:\/\/secure.gravatar.com\/avatar\/85265c52bbc2ebf87f37b156ecaea0bd9ca08c53073ae34d353a5c3e75ffdbae?s=96&d=mm&r=g","contentUrl":"https:\/\/secure.gravatar.com\/avatar\/85265c52bbc2ebf87f37b156ecaea0bd9ca08c53073ae34d353a5c3e75ffdbae?s=96&d=mm&r=g","caption":"FFMC72"},"url":"https:\/\/www.ffmc72.fr\/site\/author\/pobien\/"}]}},"_links":{"self":[{"href":"https:\/\/www.ffmc72.fr\/site\/wp-json\/wp\/v2\/posts\/614","targetHints":{"allow":["GET"]}}],"collection":[{"href":"https:\/\/www.ffmc72.fr\/site\/wp-json\/wp\/v2\/posts"}],"about":[{"href":"https:\/\/www.ffmc72.fr\/site\/wp-json\/wp\/v2\/types\/post"}],"author":[{"embeddable":true,"href":"https:\/\/www.ffmc72.fr\/site\/wp-json\/wp\/v2\/users\/2"}],"replies":[{"embeddable":true,"href":"https:\/\/www.ffmc72.fr\/site\/wp-json\/wp\/v2\/comments?post=614"}],"version-history":[{"count":6,"href":"https:\/\/www.ffmc72.fr\/site\/wp-json\/wp\/v2\/posts\/614\/revisions"}],"predecessor-version":[{"id":653,"href":"https:\/\/www.ffmc72.fr\/site\/wp-json\/wp\/v2\/posts\/614\/revisions\/653"}],"wp:attachment":[{"href":"https:\/\/www.ffmc72.fr\/site\/wp-json\/wp\/v2\/media?parent=614"}],"wp:term":[{"taxonomy":"category","embeddable":true,"href":"https:\/\/www.ffmc72.fr\/site\/wp-json\/wp\/v2\/categories?post=614"},{"taxonomy":"post_tag","embeddable":true,"href":"https:\/\/www.ffmc72.fr\/site\/wp-json\/wp\/v2\/tags?post=614"}],"curies":[{"name":"wp","href":"https:\/\/api.w.org\/{rel}","templated":true}]}}