{"id":299,"date":"2014-05-12T18:39:45","date_gmt":"2014-05-12T17:39:45","guid":{"rendered":"http:\/\/ffmc72.fr\/site\/?p=299"},"modified":"2014-05-12T18:42:08","modified_gmt":"2014-05-12T17:42:08","slug":"moto-gp-2014-veille","status":"publish","type":"post","link":"https:\/\/www.ffmc72.fr\/site\/moto-gp-2014-veille\/","title":{"rendered":"Moto GP 2014 : Veille"},"content":{"rendered":"<p>L&rsquo;ann\u00e9e derni\u00e8re, la FFMC 72 innovait avec les op\u00e9rations de Veilles<b>\u00a0aux contr\u00f4les syst\u00e9matiques<\/b>\u00a0r\u00e9alis\u00e9es lors de \u00e9v\u00e9nements sportifs moto de Sarthe.<\/p>\n<p>La FFMC 72 \u00a0se mobilise de mani\u00e8re \u00e0 permettre aux motards d\u2019avoir un meilleur accueil sur le terrain et surtout d\u2019\u00e9viter les <i>\u00ab\u00a0sourici\u00e8res\u00a0\u00bb<\/i> des policiers et gendarmes sur la route. Les militants ont mis en place l\u2019op\u00e9ration <i>\u00ab\u00a0Veille aux contr\u00f4les syst\u00e9matiques\u00a0\u00bb en collaboration avec les autres antennes et nos\u00a0<\/i>partenaires<i>.<\/i><\/p>\n<div><a href=\"https:\/\/www.ffmc72.fr\/site\/wp-content\/uploads\/2014\/05\/affiche-ActionGp-small.jpg\"><img loading=\"lazy\" decoding=\"async\" class=\" wp-image-300 aligncenter\" alt=\"affiche ActionGp-small\" src=\"https:\/\/www.ffmc72.fr\/site\/wp-content\/uploads\/2014\/05\/affiche-ActionGp-small.jpg\" width=\"614\" height=\"869\" srcset=\"https:\/\/www.ffmc72.fr\/site\/wp-content\/uploads\/2014\/05\/affiche-ActionGp-small.jpg 1024w, https:\/\/www.ffmc72.fr\/site\/wp-content\/uploads\/2014\/05\/affiche-ActionGp-small-212x300.jpg 212w, https:\/\/www.ffmc72.fr\/site\/wp-content\/uploads\/2014\/05\/affiche-ActionGp-small-724x1024.jpg 724w, https:\/\/www.ffmc72.fr\/site\/wp-content\/uploads\/2014\/05\/affiche-ActionGp-small-250x353.jpg 250w\" sizes=\"auto, (max-width: 614px) 100vw, 614px\" \/><\/a><\/div>\n<div>Plus les militants seront nombreux, plus l\u2019op\u00e9ration sera efficace. C\u2019est pourquoi la FFMC 72 invite toutes les bonnes volont\u00e9s \u00e0 venir pr\u00eater main forte.Pour le Grand Prix moto, nous serons bas\u00e9 au restaurant <strong>\u00ab\u00a0la Mar\u00e9e\u00a0\u00bb (23 Bis Avenue du Docteur Jean Mac<\/strong>, 72000 Mans &#8211; route de Parign\u00e9) d\u00e8s le Vendredi 16 en fin de matin\u00e9e, vous pourrez vous y restaurer tout au long du weekend.<\/div>\n<div><\/div>\n<div>Les visiteurs sont \u00e9galement invit\u00e9s \u00e0 venir rencontrer les \u00ab\u00a0Motards en col\u00e8re\u00a0\u00bb dans leur stand, dans l\u2019enceinte du circuit.<\/div>\n<div><\/div>\n<div><\/div>\n<div><strong>Vendredi<\/strong><\/div>\n<div>Le d\u00e9part des groupes de Veille sera vendredi \u00e0 14h avec la presse TV<\/div>\n<div>En parall\u00e8le une action \u00ab\u00a0sur-remplissage des r\u00e9servoir\u00a0\u00bb sera men\u00e9e \u00e0 Carrefour (voir <a title=\"Gasoil : Sensibilisation au remplissage des r\u00e9servoirs\" href=\"https:\/\/www.ffmc72.fr\/site\/?p=274\">Article<\/a>)<\/div>\n<div><\/div>\n<div><\/div>\n<div><strong>Samedi<\/strong><\/div>\n<div>On se retrouve vers 9h \u00e0 \u00ab\u00a0la Mar\u00e9e\u00a0\u00bb<\/div>\n<div>En parall\u00e8le l&rsquo;action \u00ab\u00a0sur-remplissage des r\u00e9servoir\u00a0\u00bb sera men\u00e9e \u00e0 Carrefour\u00a0\u00a0(voir\u00a0<a title=\"Gasoil : Sensibilisation au remplissage des r\u00e9servoirs\" href=\"https:\/\/www.ffmc72.fr\/site\/?p=274\">Article<\/a>)<\/div>\n<div><\/div>\n<div><a href=\"https:\/\/www.ffmc72.fr\/site\/wp-content\/uploads\/2014\/05\/Fly-gasoil.jpg\"><img loading=\"lazy\" decoding=\"async\" class=\" wp-image-278 aligncenter\" alt=\"Fly-gasoil\" src=\"https:\/\/www.ffmc72.fr\/site\/wp-content\/uploads\/2014\/05\/Fly-gasoil.jpg\" width=\"292\" height=\"414\" srcset=\"https:\/\/www.ffmc72.fr\/site\/wp-content\/uploads\/2014\/05\/Fly-gasoil.jpg 486w, https:\/\/www.ffmc72.fr\/site\/wp-content\/uploads\/2014\/05\/Fly-gasoil-211x300.jpg 211w, https:\/\/www.ffmc72.fr\/site\/wp-content\/uploads\/2014\/05\/Fly-gasoil-250x354.jpg 250w\" sizes=\"auto, (max-width: 292px) 100vw, 292px\" \/><\/a><\/div>\n<div><\/div>\n<div><\/div>\n<div>Nos partenaires nous soutiennent pour cette action, la pr\u00e9sentation de votre carte FFMC vous donnera acc\u00e8s \u00e0 des r\u00e9ductions<\/div>\n<div>\n<ul>\n<li>Restaurant :\u00a0<b>Vendredi Soir<\/b>\u00a0Papachapter : 39, Bd Pierre Lefaucheux\u00a0, 72000 Mans<\/li>\n<li>Restaurant :\u00a0<b>Weekend\u00a0<\/b>La mar\u00e9e :\u00a023 Bis Avenue du Docteur Jean Mac, 72000 Mans<\/li>\n<li>Restaurant :\u00a0<b>Vendredi et Samedi<\/b>\u00a0L\u2019\u00e9colier : zac de la Prairie du Moulin all sablon, 72380 Ste Jamme sur Sarthe<\/li>\n<li>Point location remorques : Remorque \u00e0 disposition sur le Week-end avec r\u00e9duction\u00a0<a href=\"tel:06%2082%2084%2043%2096\" target=\"_blank\">06 82 84 43 96<\/a><\/li>\n<\/ul>\n<\/div>\n","protected":false},"excerpt":{"rendered":"<p>L&rsquo;ann\u00e9e derni\u00e8re, la FFMC 72 innovait avec les op\u00e9rations de Veilles\u00a0aux contr\u00f4les syst\u00e9matiques\u00a0r\u00e9alis\u00e9es lors de \u00e9v\u00e9nements sportifs moto de Sarthe. La FFMC 72 \u00a0se mobilise de mani\u00e8re \u00e0 permettre aux motards d\u2019avoir un meilleur accueil sur le terrain et surtout d\u2019\u00e9viter les \u00ab\u00a0sourici\u00e8res\u00a0\u00bb des policiers et gendarmes sur la route. Les militants ont mis en place l\u2019op\u00e9ration \u00ab\u00a0Veille aux contr\u00f4les syst\u00e9matiques\u00a0\u00bb en collaboration avec les autres antennes et nos\u00a0partenaires. Plus les militants seront nombreux, plus l\u2019op\u00e9ration sera efficace. C\u2019est pourquoi la FFMC 72 invite toutes les bonnes volont\u00e9s \u00e0 venir pr\u00eater main forte.Pour le Grand Prix moto, nous serons bas\u00e9&#8230;<\/p>\n<p class=\"continue-reading-button\"> <a class=\"continue-reading-link\" href=\"https:\/\/www.ffmc72.fr\/site\/moto-gp-2014-veille\/\">Continuer \u00e0 lire<i class=\"crycon-right-dir\"><\/i><\/a><\/p>\n","protected":false},"author":1,"featured_media":0,"comment_status":"closed","ping_status":"closed","sticky":false,"template":"","format":"standard","meta":{"footnotes":""},"categories":[6],"tags":[],"class_list":["post-299","post","type-post","status-publish","format-standard","hentry","category-actions"],"yoast_head":"<!-- This site is optimized with the Yoast SEO plugin v27.5 - https:\/\/yoast.com\/product\/yoast-seo-wordpress\/ -->\n<title>FFMC 72 - Moto GP 2014 : Veille  - FFMC 72 - F\u00e9d\u00e9ration Fran\u00e7aise des motards en col\u00e8res de la Sarthe - boycott contr\u00f4le technique moto, contre les ZFE, Adherer, nid de poule, infrastructure, action gazoil, consignes casques, 24h du mans, non au CT2RM, FFMC Sarthe, FFMC 72, F.F.M.C, ERJ, Le Mans, FFMC Le Mans, Veille sur les contr\u00f4les syst\u00e9matiques<\/title>\n<meta name=\"description\" content=\"FFMC 72 - Moto GP 2014 : Veille\" \/>\n<meta name=\"robots\" content=\"index, follow, max-snippet:-1, max-image-preview:large, max-video-preview:-1\" \/>\n<link rel=\"canonical\" href=\"https:\/\/www.ffmc72.fr\/site\/moto-gp-2014-veille\/\" \/>\n<meta property=\"og:locale\" content=\"fr_FR\" \/>\n<meta property=\"og:type\" content=\"article\" \/>\n<meta property=\"og:title\" content=\"FFMC 72 - Moto GP 2014 : Veille  - FFMC 72 - F\u00e9d\u00e9ration Fran\u00e7aise des motards en col\u00e8res de la Sarthe - boycott contr\u00f4le technique moto, contre les ZFE, Adherer, nid de poule, infrastructure, action gazoil, consignes casques, 24h du mans, non au CT2RM, FFMC Sarthe, FFMC 72, F.F.M.C, ERJ, Le Mans, FFMC Le Mans, Veille sur les contr\u00f4les syst\u00e9matiques\" \/>\n<meta property=\"og:description\" content=\"FFMC 72 - Moto GP 2014 : Veille\" \/>\n<meta property=\"og:url\" content=\"https:\/\/www.ffmc72.fr\/site\/moto-gp-2014-veille\/\" \/>\n<meta property=\"og:site_name\" content=\"FFMC 72 - F\u00e9d\u00e9ration Fran\u00e7aise des motards en col\u00e8res de la Sarthe - boycott contr\u00f4le technique moto, contre les ZFE, Adherer, nid de poule, infrastructure, action gazoil, consignes casques, 24h du mans, non au CT2RM, FFMC Sarthe, FFMC 72, F.F.M.C, ERJ, Le Mans, FFMC Le Mans, Veille sur les contr\u00f4les syst\u00e9matiques\" \/>\n<meta property=\"article:publisher\" content=\"https:\/\/www.facebook.com\/ffmc72\" \/>\n<meta property=\"article:published_time\" content=\"2014-05-12T17:39:45+00:00\" \/>\n<meta property=\"article:modified_time\" content=\"2014-05-12T17:42:08+00:00\" \/>\n<meta property=\"og:image\" content=\"https:\/\/www.ffmc72.fr\/site\/wp-content\/uploads\/2014\/05\/affiche-ActionGp-small.jpg\" \/>\n<meta name=\"author\" content=\"FFMC72\" \/>\n<meta name=\"twitter:card\" content=\"summary_large_image\" \/>\n<meta name=\"twitter:label1\" content=\"\u00c9crit par\" \/>\n\t<meta name=\"twitter:data1\" content=\"FFMC72\" \/>\n\t<meta name=\"twitter:label2\" content=\"Dur\u00e9e de lecture estim\u00e9e\" \/>\n\t<meta name=\"twitter:data2\" content=\"1 minute\" \/>\n<script type=\"application\/ld+json\" class=\"yoast-schema-graph\">{\"@context\":\"https:\\\/\\\/schema.org\",\"@graph\":[{\"@type\":\"Article\",\"@id\":\"https:\\\/\\\/www.ffmc72.fr\\\/site\\\/moto-gp-2014-veille\\\/#article\",\"isPartOf\":{\"@id\":\"https:\\\/\\\/www.ffmc72.fr\\\/site\\\/moto-gp-2014-veille\\\/\"},\"author\":{\"name\":\"FFMC72\",\"@id\":\"https:\\\/\\\/www.ffmc72.fr\\\/site\\\/#\\\/schema\\\/person\\\/1d38cb19c128de2eb8c460e34e6bd842\"},\"headline\":\"Moto GP 2014 : Veille\",\"datePublished\":\"2014-05-12T17:39:45+00:00\",\"dateModified\":\"2014-05-12T17:42:08+00:00\",\"mainEntityOfPage\":{\"@id\":\"https:\\\/\\\/www.ffmc72.fr\\\/site\\\/moto-gp-2014-veille\\\/\"},\"wordCount\":304,\"publisher\":{\"@id\":\"https:\\\/\\\/www.ffmc72.fr\\\/site\\\/#organization\"},\"image\":{\"@id\":\"https:\\\/\\\/www.ffmc72.fr\\\/site\\\/moto-gp-2014-veille\\\/#primaryimage\"},\"thumbnailUrl\":\"https:\\\/\\\/www.ffmc72.fr\\\/site\\\/wp-content\\\/uploads\\\/2014\\\/05\\\/affiche-ActionGp-small.jpg\",\"articleSection\":[\"Actions\"],\"inLanguage\":\"fr-FR\"},{\"@type\":\"WebPage\",\"@id\":\"https:\\\/\\\/www.ffmc72.fr\\\/site\\\/moto-gp-2014-veille\\\/\",\"url\":\"https:\\\/\\\/www.ffmc72.fr\\\/site\\\/moto-gp-2014-veille\\\/\",\"name\":\"FFMC 72 - Moto GP 2014 : Veille - FFMC 72 - F\u00e9d\u00e9ration Fran\u00e7aise des motards en col\u00e8res de la Sarthe - boycott contr\u00f4le technique moto, contre les ZFE, Adherer, nid de poule, infrastructure, action gazoil, consignes casques, 24h du mans, non au CT2RM, FFMC Sarthe, FFMC 72, F.F.M.C, ERJ, Le Mans, FFMC Le Mans, Veille sur les contr\u00f4les syst\u00e9matiques\",\"isPartOf\":{\"@id\":\"https:\\\/\\\/www.ffmc72.fr\\\/site\\\/#website\"},\"primaryImageOfPage\":{\"@id\":\"https:\\\/\\\/www.ffmc72.fr\\\/site\\\/moto-gp-2014-veille\\\/#primaryimage\"},\"image\":{\"@id\":\"https:\\\/\\\/www.ffmc72.fr\\\/site\\\/moto-gp-2014-veille\\\/#primaryimage\"},\"thumbnailUrl\":\"https:\\\/\\\/www.ffmc72.fr\\\/site\\\/wp-content\\\/uploads\\\/2014\\\/05\\\/affiche-ActionGp-small.jpg\",\"datePublished\":\"2014-05-12T17:39:45+00:00\",\"dateModified\":\"2014-05-12T17:42:08+00:00\",\"description\":\"FFMC 72 - Moto GP 2014 : Veille\",\"breadcrumb\":{\"@id\":\"https:\\\/\\\/www.ffmc72.fr\\\/site\\\/moto-gp-2014-veille\\\/#breadcrumb\"},\"inLanguage\":\"fr-FR\",\"potentialAction\":[{\"@type\":\"ReadAction\",\"target\":[\"https:\\\/\\\/www.ffmc72.fr\\\/site\\\/moto-gp-2014-veille\\\/\"]}]},{\"@type\":\"ImageObject\",\"inLanguage\":\"fr-FR\",\"@id\":\"https:\\\/\\\/www.ffmc72.fr\\\/site\\\/moto-gp-2014-veille\\\/#primaryimage\",\"url\":\"https:\\\/\\\/www.ffmc72.fr\\\/site\\\/wp-content\\\/uploads\\\/2014\\\/05\\\/affiche-ActionGp-small.jpg\",\"contentUrl\":\"https:\\\/\\\/www.ffmc72.fr\\\/site\\\/wp-content\\\/uploads\\\/2014\\\/05\\\/affiche-ActionGp-small.jpg\",\"width\":1024,\"height\":1448},{\"@type\":\"BreadcrumbList\",\"@id\":\"https:\\\/\\\/www.ffmc72.fr\\\/site\\\/moto-gp-2014-veille\\\/#breadcrumb\",\"itemListElement\":[{\"@type\":\"ListItem\",\"position\":1,\"name\":\"Accueil\",\"item\":\"https:\\\/\\\/www.ffmc72.fr\\\/site\\\/\"},{\"@type\":\"ListItem\",\"position\":2,\"name\":\"Moto GP 2014 : Veille\"}]},{\"@type\":\"WebSite\",\"@id\":\"https:\\\/\\\/www.ffmc72.fr\\\/site\\\/#website\",\"url\":\"https:\\\/\\\/www.ffmc72.fr\\\/site\\\/\",\"name\":\"FFMC 72 - F\u00e9d\u00e9ration Fran\u00e7aise des motards en col\u00e8res de la Sarthe - boycott contr\u00f4le technique moto, contre les ZFE, Adherer, nid de poule, infrastructure, action gazoil, consignes casques, 24h du mans, non au CT2RM, FFMC Sarthe, FFMC 72, F.F.M.C, ERJ, Le Mans, FFMC Le Mans, Veille sur les contr\u00f4les syst\u00e9matiques\",\"description\":\"Plus nombreux, plus fort, rejoint la FFMC\",\"publisher\":{\"@id\":\"https:\\\/\\\/www.ffmc72.fr\\\/site\\\/#organization\"},\"alternateName\":\"FFMC 72\",\"potentialAction\":[{\"@type\":\"SearchAction\",\"target\":{\"@type\":\"EntryPoint\",\"urlTemplate\":\"https:\\\/\\\/www.ffmc72.fr\\\/site\\\/?s={search_term_string}\"},\"query-input\":{\"@type\":\"PropertyValueSpecification\",\"valueRequired\":true,\"valueName\":\"search_term_string\"}}],\"inLanguage\":\"fr-FR\"},{\"@type\":\"Organization\",\"@id\":\"https:\\\/\\\/www.ffmc72.fr\\\/site\\\/#organization\",\"name\":\"FFMC 72\",\"url\":\"https:\\\/\\\/www.ffmc72.fr\\\/site\\\/\",\"logo\":{\"@type\":\"ImageObject\",\"inLanguage\":\"fr-FR\",\"@id\":\"https:\\\/\\\/www.ffmc72.fr\\\/site\\\/#\\\/schema\\\/logo\\\/image\\\/\",\"url\":\"https:\\\/\\\/www.ffmc72.fr\\\/site\\\/wp-content\\\/uploads\\\/2020\\\/05\\\/sticker-partenaire.jpg\",\"contentUrl\":\"https:\\\/\\\/www.ffmc72.fr\\\/site\\\/wp-content\\\/uploads\\\/2020\\\/05\\\/sticker-partenaire.jpg\",\"width\":1024,\"height\":239,\"caption\":\"FFMC 72\"},\"image\":{\"@id\":\"https:\\\/\\\/www.ffmc72.fr\\\/site\\\/#\\\/schema\\\/logo\\\/image\\\/\"},\"sameAs\":[\"https:\\\/\\\/www.facebook.com\\\/ffmc72\"]},{\"@type\":\"Person\",\"@id\":\"https:\\\/\\\/www.ffmc72.fr\\\/site\\\/#\\\/schema\\\/person\\\/1d38cb19c128de2eb8c460e34e6bd842\",\"name\":\"FFMC72\",\"image\":{\"@type\":\"ImageObject\",\"inLanguage\":\"fr-FR\",\"@id\":\"https:\\\/\\\/secure.gravatar.com\\\/avatar\\\/ffe2b5245938875072ece2e5953c5bddc18ebd61b36f80745e44b39d49944dc3?s=96&d=mm&r=g\",\"url\":\"https:\\\/\\\/secure.gravatar.com\\\/avatar\\\/ffe2b5245938875072ece2e5953c5bddc18ebd61b36f80745e44b39d49944dc3?s=96&d=mm&r=g\",\"contentUrl\":\"https:\\\/\\\/secure.gravatar.com\\\/avatar\\\/ffe2b5245938875072ece2e5953c5bddc18ebd61b36f80745e44b39d49944dc3?s=96&d=mm&r=g\",\"caption\":\"FFMC72\"},\"url\":\"https:\\\/\\\/www.ffmc72.fr\\\/site\\\/author\\\/ffmc72\\\/\"}]}<\/script>\n<!-- \/ Yoast SEO plugin. -->","yoast_head_json":{"title":"FFMC 72 - Moto GP 2014 : Veille  - FFMC 72 - F\u00e9d\u00e9ration Fran\u00e7aise des motards en col\u00e8res de la Sarthe - boycott contr\u00f4le technique moto, contre les ZFE, Adherer, nid de poule, infrastructure, action gazoil, consignes casques, 24h du mans, non au CT2RM, FFMC Sarthe, FFMC 72, F.F.M.C, ERJ, Le Mans, FFMC Le Mans, Veille sur les contr\u00f4les syst\u00e9matiques","description":"FFMC 72 - Moto GP 2014 : Veille","robots":{"index":"index","follow":"follow","max-snippet":"max-snippet:-1","max-image-preview":"max-image-preview:large","max-video-preview":"max-video-preview:-1"},"canonical":"https:\/\/www.ffmc72.fr\/site\/moto-gp-2014-veille\/","og_locale":"fr_FR","og_type":"article","og_title":"FFMC 72 - Moto GP 2014 : Veille  - FFMC 72 - F\u00e9d\u00e9ration Fran\u00e7aise des motards en col\u00e8res de la Sarthe - boycott contr\u00f4le technique moto, contre les ZFE, Adherer, nid de poule, infrastructure, action gazoil, consignes casques, 24h du mans, non au CT2RM, FFMC Sarthe, FFMC 72, F.F.M.C, ERJ, Le Mans, FFMC Le Mans, Veille sur les contr\u00f4les syst\u00e9matiques","og_description":"FFMC 72 - Moto GP 2014 : Veille","og_url":"https:\/\/www.ffmc72.fr\/site\/moto-gp-2014-veille\/","og_site_name":"FFMC 72 - F\u00e9d\u00e9ration Fran\u00e7aise des motards en col\u00e8res de la Sarthe - boycott contr\u00f4le technique moto, contre les ZFE, Adherer, nid de poule, infrastructure, action gazoil, consignes casques, 24h du mans, non au CT2RM, FFMC Sarthe, FFMC 72, F.F.M.C, ERJ, Le Mans, FFMC Le Mans, Veille sur les contr\u00f4les syst\u00e9matiques","article_publisher":"https:\/\/www.facebook.com\/ffmc72","article_published_time":"2014-05-12T17:39:45+00:00","article_modified_time":"2014-05-12T17:42:08+00:00","og_image":[{"url":"https:\/\/www.ffmc72.fr\/site\/wp-content\/uploads\/2014\/05\/affiche-ActionGp-small.jpg","type":"","width":"","height":""}],"author":"FFMC72","twitter_card":"summary_large_image","twitter_misc":{"\u00c9crit par":"FFMC72","Dur\u00e9e de lecture estim\u00e9e":"1 minute"},"schema":{"@context":"https:\/\/schema.org","@graph":[{"@type":"Article","@id":"https:\/\/www.ffmc72.fr\/site\/moto-gp-2014-veille\/#article","isPartOf":{"@id":"https:\/\/www.ffmc72.fr\/site\/moto-gp-2014-veille\/"},"author":{"name":"FFMC72","@id":"https:\/\/www.ffmc72.fr\/site\/#\/schema\/person\/1d38cb19c128de2eb8c460e34e6bd842"},"headline":"Moto GP 2014 : Veille","datePublished":"2014-05-12T17:39:45+00:00","dateModified":"2014-05-12T17:42:08+00:00","mainEntityOfPage":{"@id":"https:\/\/www.ffmc72.fr\/site\/moto-gp-2014-veille\/"},"wordCount":304,"publisher":{"@id":"https:\/\/www.ffmc72.fr\/site\/#organization"},"image":{"@id":"https:\/\/www.ffmc72.fr\/site\/moto-gp-2014-veille\/#primaryimage"},"thumbnailUrl":"https:\/\/www.ffmc72.fr\/site\/wp-content\/uploads\/2014\/05\/affiche-ActionGp-small.jpg","articleSection":["Actions"],"inLanguage":"fr-FR"},{"@type":"WebPage","@id":"https:\/\/www.ffmc72.fr\/site\/moto-gp-2014-veille\/","url":"https:\/\/www.ffmc72.fr\/site\/moto-gp-2014-veille\/","name":"FFMC 72 - Moto GP 2014 : Veille - FFMC 72 - F\u00e9d\u00e9ration Fran\u00e7aise des motards en col\u00e8res de la Sarthe - boycott contr\u00f4le technique moto, contre les ZFE, Adherer, nid de poule, infrastructure, action gazoil, consignes casques, 24h du mans, non au CT2RM, FFMC Sarthe, FFMC 72, F.F.M.C, ERJ, Le Mans, FFMC Le Mans, Veille sur les contr\u00f4les syst\u00e9matiques","isPartOf":{"@id":"https:\/\/www.ffmc72.fr\/site\/#website"},"primaryImageOfPage":{"@id":"https:\/\/www.ffmc72.fr\/site\/moto-gp-2014-veille\/#primaryimage"},"image":{"@id":"https:\/\/www.ffmc72.fr\/site\/moto-gp-2014-veille\/#primaryimage"},"thumbnailUrl":"https:\/\/www.ffmc72.fr\/site\/wp-content\/uploads\/2014\/05\/affiche-ActionGp-small.jpg","datePublished":"2014-05-12T17:39:45+00:00","dateModified":"2014-05-12T17:42:08+00:00","description":"FFMC 72 - Moto GP 2014 : Veille","breadcrumb":{"@id":"https:\/\/www.ffmc72.fr\/site\/moto-gp-2014-veille\/#breadcrumb"},"inLanguage":"fr-FR","potentialAction":[{"@type":"ReadAction","target":["https:\/\/www.ffmc72.fr\/site\/moto-gp-2014-veille\/"]}]},{"@type":"ImageObject","inLanguage":"fr-FR","@id":"https:\/\/www.ffmc72.fr\/site\/moto-gp-2014-veille\/#primaryimage","url":"https:\/\/www.ffmc72.fr\/site\/wp-content\/uploads\/2014\/05\/affiche-ActionGp-small.jpg","contentUrl":"https:\/\/www.ffmc72.fr\/site\/wp-content\/uploads\/2014\/05\/affiche-ActionGp-small.jpg","width":1024,"height":1448},{"@type":"BreadcrumbList","@id":"https:\/\/www.ffmc72.fr\/site\/moto-gp-2014-veille\/#breadcrumb","itemListElement":[{"@type":"ListItem","position":1,"name":"Accueil","item":"https:\/\/www.ffmc72.fr\/site\/"},{"@type":"ListItem","position":2,"name":"Moto GP 2014 : Veille"}]},{"@type":"WebSite","@id":"https:\/\/www.ffmc72.fr\/site\/#website","url":"https:\/\/www.ffmc72.fr\/site\/","name":"FFMC 72 - F\u00e9d\u00e9ration Fran\u00e7aise des motards en col\u00e8res de la Sarthe - boycott contr\u00f4le technique moto, contre les ZFE, Adherer, nid de poule, infrastructure, action gazoil, consignes casques, 24h du mans, non au CT2RM, FFMC Sarthe, FFMC 72, F.F.M.C, ERJ, Le Mans, FFMC Le Mans, Veille sur les contr\u00f4les syst\u00e9matiques","description":"Plus nombreux, plus fort, rejoint la FFMC","publisher":{"@id":"https:\/\/www.ffmc72.fr\/site\/#organization"},"alternateName":"FFMC 72","potentialAction":[{"@type":"SearchAction","target":{"@type":"EntryPoint","urlTemplate":"https:\/\/www.ffmc72.fr\/site\/?s={search_term_string}"},"query-input":{"@type":"PropertyValueSpecification","valueRequired":true,"valueName":"search_term_string"}}],"inLanguage":"fr-FR"},{"@type":"Organization","@id":"https:\/\/www.ffmc72.fr\/site\/#organization","name":"FFMC 72","url":"https:\/\/www.ffmc72.fr\/site\/","logo":{"@type":"ImageObject","inLanguage":"fr-FR","@id":"https:\/\/www.ffmc72.fr\/site\/#\/schema\/logo\/image\/","url":"https:\/\/www.ffmc72.fr\/site\/wp-content\/uploads\/2020\/05\/sticker-partenaire.jpg","contentUrl":"https:\/\/www.ffmc72.fr\/site\/wp-content\/uploads\/2020\/05\/sticker-partenaire.jpg","width":1024,"height":239,"caption":"FFMC 72"},"image":{"@id":"https:\/\/www.ffmc72.fr\/site\/#\/schema\/logo\/image\/"},"sameAs":["https:\/\/www.facebook.com\/ffmc72"]},{"@type":"Person","@id":"https:\/\/www.ffmc72.fr\/site\/#\/schema\/person\/1d38cb19c128de2eb8c460e34e6bd842","name":"FFMC72","image":{"@type":"ImageObject","inLanguage":"fr-FR","@id":"https:\/\/secure.gravatar.com\/avatar\/ffe2b5245938875072ece2e5953c5bddc18ebd61b36f80745e44b39d49944dc3?s=96&d=mm&r=g","url":"https:\/\/secure.gravatar.com\/avatar\/ffe2b5245938875072ece2e5953c5bddc18ebd61b36f80745e44b39d49944dc3?s=96&d=mm&r=g","contentUrl":"https:\/\/secure.gravatar.com\/avatar\/ffe2b5245938875072ece2e5953c5bddc18ebd61b36f80745e44b39d49944dc3?s=96&d=mm&r=g","caption":"FFMC72"},"url":"https:\/\/www.ffmc72.fr\/site\/author\/ffmc72\/"}]}},"_links":{"self":[{"href":"https:\/\/www.ffmc72.fr\/site\/wp-json\/wp\/v2\/posts\/299","targetHints":{"allow":["GET"]}}],"collection":[{"href":"https:\/\/www.ffmc72.fr\/site\/wp-json\/wp\/v2\/posts"}],"about":[{"href":"https:\/\/www.ffmc72.fr\/site\/wp-json\/wp\/v2\/types\/post"}],"author":[{"embeddable":true,"href":"https:\/\/www.ffmc72.fr\/site\/wp-json\/wp\/v2\/users\/1"}],"replies":[{"embeddable":true,"href":"https:\/\/www.ffmc72.fr\/site\/wp-json\/wp\/v2\/comments?post=299"}],"version-history":[{"count":3,"href":"https:\/\/www.ffmc72.fr\/site\/wp-json\/wp\/v2\/posts\/299\/revisions"}],"predecessor-version":[{"id":303,"href":"https:\/\/www.ffmc72.fr\/site\/wp-json\/wp\/v2\/posts\/299\/revisions\/303"}],"wp:attachment":[{"href":"https:\/\/www.ffmc72.fr\/site\/wp-json\/wp\/v2\/media?parent=299"}],"wp:term":[{"taxonomy":"category","embeddable":true,"href":"https:\/\/www.ffmc72.fr\/site\/wp-json\/wp\/v2\/categories?post=299"},{"taxonomy":"post_tag","embeddable":true,"href":"https:\/\/www.ffmc72.fr\/site\/wp-json\/wp\/v2\/tags?post=299"}],"curies":[{"name":"wp","href":"https:\/\/api.w.org\/{rel}","templated":true}]}}