{"id":2877,"date":"2025-12-14T23:15:38","date_gmt":"2025-12-14T22:15:38","guid":{"rendered":"https:\/\/www.ffmc72.fr\/site\/?p=2877"},"modified":"2025-12-14T23:44:48","modified_gmt":"2025-12-14T22:44:48","slug":"operation-tagtaroute-la-ffmc-72-marque-les-dangers-et-denonce-lhypocrisie-du-ct2rm","status":"publish","type":"post","link":"https:\/\/www.ffmc72.fr\/site\/operation-tagtaroute-la-ffmc-72-marque-les-dangers-et-denonce-lhypocrisie-du-ct2rm\/","title":{"rendered":"Op\u00e9ration #TagTaRoute : La FFMC 72 marque les dangers et d\u00e9nonce l&rsquo;hypocrisie du CT2RM"},"content":{"rendered":"\n<p><strong>Ce dimanche 14 d\u00e9cembre 2025, la F\u00e9d\u00e9ration Fran\u00e7aise des Motards en Col\u00e8re de la Sarthe (FFMC 72) s&rsquo;est mobilis\u00e9e sur le terrain dans le cadre de l&rsquo;op\u00e9ration #TagTaRoute. <br \/>L&rsquo;objectif : signaler physiquement les infrastructures d\u00e9grad\u00e9es et rappeler aux pouvoirs publics que la vraie s\u00e9curit\u00e9 routi\u00e8re passe par l&rsquo;entretien des chauss\u00e9es, pas par un contr\u00f4le technique inutile.<\/strong><\/p>\n\n\n\n<p><strong>Une action de terrain : plus de 100km de traque<\/strong><br \/>D\u00e8s le matin, cinq militants motiv\u00e9s de l&rsquo;antenne sarthoise se sont r\u00e9unis \u00e0 La Fert\u00e9-Bernard. Arm\u00e9s de bombes de peinture de chantier (temporaires) et d&rsquo;appareils photo, ils ont sillonn\u00e9 les routes du d\u00e9partement pendant plus de 4 heures pour certains d&rsquo;entre nous, couvrant un itin\u00e9raire d&rsquo;une centaine km passant par Mamers pour revenir au Mans.<\/p>\n\n\n\n<p>Le mode op\u00e9ratoire est pr\u00e9cis et constructif :<\/p>\n\n\n\n<ol start=\"1\" class=\"wp-block-list\">\n<li>Rep\u00e9rage des nids de poule et infrastructures d\u00e9faillantes.<\/li>\n\n\n\n<li>Marquage visuel \u00e0 la peinture pour alerter les usagers imm\u00e9diats.<\/li>\n\n\n\n<li>Documentation photo pour constituer des dossiers.<\/li>\n\n\n\n<li>Signalement officiel aux gestionnaires de voirie concern\u00e9s (Mairies, Communaut\u00e9s de communes, Conseil D\u00e9partemental ou Pr\u00e9fecture selon le r\u00e9seau).<\/li>\n<\/ol>\n\n\n\n<p>Au total, ce sont <strong>plus de 20 points noirs particuli\u00e8rement dangereux<\/strong> qui ont \u00e9t\u00e9 marqu\u00e9s. Malheureusement, ce chiffre est loin d&rsquo;\u00eatre exhaustif tant les d\u00e9gradations sont nombreuses sur notre r\u00e9seau secondaire.<\/p>\n\n\n\n<h4 class=\"wp-block-heading\">Le Contr\u00f4le Technique vs La R\u00e9alit\u00e9 de la Route<\/h4>\n\n\n\n<p>Cette action vise \u00e0 mettre en lumi\u00e8re une contradiction flagrante. On impose aujourd&rsquo;hui aux motards un Contr\u00f4le Technique co\u00fbteux et inutile, cens\u00e9 am\u00e9liorer la s\u00e9curit\u00e9, tout en laissant le r\u00e9seau routier se d\u00e9grader.<\/p>\n\n\n\n<p>Les chiffres parlent d&rsquo;eux-m\u00eames et la FFMC 72 tient \u00e0 les rappeler :<\/p>\n\n\n\n<ul class=\"wp-block-list\">\n<li><strong>0,3 % :<\/strong> C&rsquo;est la part des accidents de deux-roues motoris\u00e9s caus\u00e9s par une d\u00e9faillance technique du v\u00e9hicule (Source : <em>Mutuelle des Motards, \u00e9tude MAIDS<\/em>).<\/li>\n\n\n\n<li><strong>30 % :<\/strong> C&rsquo;est la part des accidents mortels o\u00f9 le d\u00e9faut d&rsquo;infrastructure est un facteur causal ou aggravant (Source : <em>\u00c9tude FLAM du CEREMA<\/em>).<\/li>\n<\/ul>\n\n\n\n<p>Aujourd\u2019hui encore, on nous vend le contr\u00f4le technique moto comme une solution miracle, alors qu&rsquo;un simple entretien de nos infrastructures sauverait bien plus de vies.<\/p>\n\n\n\n<h4 class=\"wp-block-heading\">Pour une route qui pardonne<\/h4>\n\n\n\n<p>Contrairement aux id\u00e9es re\u00e7ues, la FFMC 72 ne r\u00e9clame pas un bitume de \u00ab circuit \u00bb pour rouler vite. La demande est simple : <strong>une route qui ne blesse pas, et mieux encore, une route qui prot\u00e8ge.<\/strong><\/p>\n\n\n\n<p>R\u00e9parer un nid de poule, s\u00e9curiser une glissi\u00e8re ou nettoyer des gravillons ne profite pas qu&rsquo;aux motards. C&rsquo;est une question de s\u00e9curit\u00e9 pour tous les usagers : cyclistes, automobilistes, utilisateurs de trottinettes et cyclomoteurs.<\/p>\n\n\n\n<p>La FFMC 72 appelle donc solennellement les mairies, le d\u00e9partement et l&rsquo;\u00c9tat \u00e0 se saisir urgemment du sujet de l&rsquo;entretien du r\u00e9seau routier, v\u00e9ritable levier de s\u00e9curit\u00e9 publique, bien plus efficace que les mesures coercitives visant les usagers.<\/p>\n\n\n\n<p><strong>L\u2019\u00e9quipe de la FFMC 72<\/strong><\/p>\n\n\n\n<figure class=\"wp-block-image size-large\"><a href=\"https:\/\/www.ffmc72.fr\/site\/wp-content\/uploads\/2025\/12\/MG_1775-scaled.jpg\"><img loading=\"lazy\" decoding=\"async\" width=\"1024\" height=\"683\" src=\"https:\/\/www.ffmc72.fr\/site\/wp-content\/uploads\/2025\/12\/MG_1775-1024x683.jpg\" alt=\"\" class=\"wp-image-2878\" srcset=\"https:\/\/www.ffmc72.fr\/site\/wp-content\/uploads\/2025\/12\/MG_1775-1024x683.jpg 1024w, https:\/\/www.ffmc72.fr\/site\/wp-content\/uploads\/2025\/12\/MG_1775-300x200.jpg 300w, https:\/\/www.ffmc72.fr\/site\/wp-content\/uploads\/2025\/12\/MG_1775-768x512.jpg 768w, https:\/\/www.ffmc72.fr\/site\/wp-content\/uploads\/2025\/12\/MG_1775-1536x1024.jpg 1536w, https:\/\/www.ffmc72.fr\/site\/wp-content\/uploads\/2025\/12\/MG_1775-2048x1365.jpg 2048w, https:\/\/www.ffmc72.fr\/site\/wp-content\/uploads\/2025\/12\/MG_1775-450x300.jpg 450w, https:\/\/www.ffmc72.fr\/site\/wp-content\/uploads\/2025\/12\/MG_1775-150x100.jpg 150w\" sizes=\"auto, (max-width: 1024px) 100vw, 1024px\" \/><\/a><\/figure>\n\n\n\n<figure class=\"wp-block-image size-large\"><a href=\"https:\/\/www.ffmc72.fr\/site\/wp-content\/uploads\/2025\/12\/MG_1776-scaled.jpg\"><img loading=\"lazy\" decoding=\"async\" width=\"1024\" height=\"683\" src=\"https:\/\/www.ffmc72.fr\/site\/wp-content\/uploads\/2025\/12\/MG_1776-1024x683.jpg\" alt=\"\" class=\"wp-image-2879\" srcset=\"https:\/\/www.ffmc72.fr\/site\/wp-content\/uploads\/2025\/12\/MG_1776-1024x683.jpg 1024w, https:\/\/www.ffmc72.fr\/site\/wp-content\/uploads\/2025\/12\/MG_1776-300x200.jpg 300w, https:\/\/www.ffmc72.fr\/site\/wp-content\/uploads\/2025\/12\/MG_1776-768x512.jpg 768w, https:\/\/www.ffmc72.fr\/site\/wp-content\/uploads\/2025\/12\/MG_1776-1536x1024.jpg 1536w, https:\/\/www.ffmc72.fr\/site\/wp-content\/uploads\/2025\/12\/MG_1776-2048x1365.jpg 2048w, https:\/\/www.ffmc72.fr\/site\/wp-content\/uploads\/2025\/12\/MG_1776-450x300.jpg 450w, https:\/\/www.ffmc72.fr\/site\/wp-content\/uploads\/2025\/12\/MG_1776-150x100.jpg 150w\" sizes=\"auto, (max-width: 1024px) 100vw, 1024px\" \/><\/a><\/figure>\n\n\n\n<p>Place Saint Julien &#8211; La Fert\u00e9 Bernard<\/p>\n\n\n\n<figure class=\"wp-block-image size-large\"><a href=\"https:\/\/www.ffmc72.fr\/site\/wp-content\/uploads\/2025\/12\/MG_1796-scaled.jpg\"><img loading=\"lazy\" decoding=\"async\" width=\"683\" height=\"1024\" src=\"https:\/\/www.ffmc72.fr\/site\/wp-content\/uploads\/2025\/12\/MG_1796-683x1024.jpg\" alt=\"\" class=\"wp-image-2880\" srcset=\"https:\/\/www.ffmc72.fr\/site\/wp-content\/uploads\/2025\/12\/MG_1796-683x1024.jpg 683w, https:\/\/www.ffmc72.fr\/site\/wp-content\/uploads\/2025\/12\/MG_1796-200x300.jpg 200w, https:\/\/www.ffmc72.fr\/site\/wp-content\/uploads\/2025\/12\/MG_1796-768x1152.jpg 768w, https:\/\/www.ffmc72.fr\/site\/wp-content\/uploads\/2025\/12\/MG_1796-1024x1536.jpg 1024w, https:\/\/www.ffmc72.fr\/site\/wp-content\/uploads\/2025\/12\/MG_1796-1365x2048.jpg 1365w, https:\/\/www.ffmc72.fr\/site\/wp-content\/uploads\/2025\/12\/MG_1796-300x450.jpg 300w, https:\/\/www.ffmc72.fr\/site\/wp-content\/uploads\/2025\/12\/MG_1796-100x150.jpg 100w, https:\/\/www.ffmc72.fr\/site\/wp-content\/uploads\/2025\/12\/MG_1796-scaled.jpg 1707w\" sizes=\"auto, (max-width: 683px) 100vw, 683px\" \/><\/a><\/figure>\n\n\n\n<p>Avenue de la r\u00e9publique &#8211; La Fert\u00e9 Bernard<\/p>\n\n\n\n<figure class=\"wp-block-image size-large\"><a href=\"https:\/\/www.ffmc72.fr\/site\/wp-content\/uploads\/2025\/12\/MG_1798-scaled.jpg\"><img loading=\"lazy\" decoding=\"async\" width=\"683\" height=\"1024\" src=\"https:\/\/www.ffmc72.fr\/site\/wp-content\/uploads\/2025\/12\/MG_1798-683x1024.jpg\" alt=\"\" class=\"wp-image-2881\" srcset=\"https:\/\/www.ffmc72.fr\/site\/wp-content\/uploads\/2025\/12\/MG_1798-683x1024.jpg 683w, https:\/\/www.ffmc72.fr\/site\/wp-content\/uploads\/2025\/12\/MG_1798-200x300.jpg 200w, https:\/\/www.ffmc72.fr\/site\/wp-content\/uploads\/2025\/12\/MG_1798-768x1152.jpg 768w, https:\/\/www.ffmc72.fr\/site\/wp-content\/uploads\/2025\/12\/MG_1798-1024x1536.jpg 1024w, https:\/\/www.ffmc72.fr\/site\/wp-content\/uploads\/2025\/12\/MG_1798-1365x2048.jpg 1365w, https:\/\/www.ffmc72.fr\/site\/wp-content\/uploads\/2025\/12\/MG_1798-300x450.jpg 300w, https:\/\/www.ffmc72.fr\/site\/wp-content\/uploads\/2025\/12\/MG_1798-100x150.jpg 100w, https:\/\/www.ffmc72.fr\/site\/wp-content\/uploads\/2025\/12\/MG_1798-scaled.jpg 1707w\" sizes=\"auto, (max-width: 683px) 100vw, 683px\" \/><\/a><\/figure>\n\n\n\n<p>Avenue Georges Desnos &#8211; La Fert\u00e9 Bernard<\/p>\n\n\n\n<figure class=\"wp-block-image size-large\"><a href=\"https:\/\/www.ffmc72.fr\/site\/wp-content\/uploads\/2025\/12\/MG_1799-scaled.jpg\"><img loading=\"lazy\" decoding=\"async\" width=\"683\" height=\"1024\" src=\"https:\/\/www.ffmc72.fr\/site\/wp-content\/uploads\/2025\/12\/MG_1799-683x1024.jpg\" alt=\"\" class=\"wp-image-2882\" srcset=\"https:\/\/www.ffmc72.fr\/site\/wp-content\/uploads\/2025\/12\/MG_1799-683x1024.jpg 683w, https:\/\/www.ffmc72.fr\/site\/wp-content\/uploads\/2025\/12\/MG_1799-200x300.jpg 200w, https:\/\/www.ffmc72.fr\/site\/wp-content\/uploads\/2025\/12\/MG_1799-768x1152.jpg 768w, https:\/\/www.ffmc72.fr\/site\/wp-content\/uploads\/2025\/12\/MG_1799-1024x1536.jpg 1024w, https:\/\/www.ffmc72.fr\/site\/wp-content\/uploads\/2025\/12\/MG_1799-1365x2048.jpg 1365w, https:\/\/www.ffmc72.fr\/site\/wp-content\/uploads\/2025\/12\/MG_1799-300x450.jpg 300w, https:\/\/www.ffmc72.fr\/site\/wp-content\/uploads\/2025\/12\/MG_1799-100x150.jpg 100w, https:\/\/www.ffmc72.fr\/site\/wp-content\/uploads\/2025\/12\/MG_1799-scaled.jpg 1707w\" sizes=\"auto, (max-width: 683px) 100vw, 683px\" \/><\/a><\/figure>\n\n\n\n<p>Rue du Perche &#8211; La Fert\u00e9 Bernard<\/p>\n\n\n\n<figure class=\"wp-block-image size-large\"><a href=\"https:\/\/www.ffmc72.fr\/site\/wp-content\/uploads\/2025\/12\/MG_1819-scaled.jpg\"><img loading=\"lazy\" decoding=\"async\" width=\"683\" height=\"1024\" src=\"https:\/\/www.ffmc72.fr\/site\/wp-content\/uploads\/2025\/12\/MG_1819-683x1024.jpg\" alt=\"\" class=\"wp-image-2883\" srcset=\"https:\/\/www.ffmc72.fr\/site\/wp-content\/uploads\/2025\/12\/MG_1819-683x1024.jpg 683w, https:\/\/www.ffmc72.fr\/site\/wp-content\/uploads\/2025\/12\/MG_1819-200x300.jpg 200w, https:\/\/www.ffmc72.fr\/site\/wp-content\/uploads\/2025\/12\/MG_1819-768x1152.jpg 768w, https:\/\/www.ffmc72.fr\/site\/wp-content\/uploads\/2025\/12\/MG_1819-1024x1536.jpg 1024w, https:\/\/www.ffmc72.fr\/site\/wp-content\/uploads\/2025\/12\/MG_1819-1365x2048.jpg 1365w, https:\/\/www.ffmc72.fr\/site\/wp-content\/uploads\/2025\/12\/MG_1819-300x450.jpg 300w, https:\/\/www.ffmc72.fr\/site\/wp-content\/uploads\/2025\/12\/MG_1819-100x150.jpg 100w, https:\/\/www.ffmc72.fr\/site\/wp-content\/uploads\/2025\/12\/MG_1819-scaled.jpg 1707w\" sizes=\"auto, (max-width: 683px) 100vw, 683px\" \/><\/a><\/figure>\n\n\n\n<p>Boulevard Victor Hugo &#8211; Mamers<\/p>\n\n\n\n<figure class=\"wp-block-image size-large\"><a href=\"https:\/\/www.ffmc72.fr\/site\/wp-content\/uploads\/2025\/12\/IMG20251214153333-scaled.jpg\"><img loading=\"lazy\" decoding=\"async\" width=\"1024\" height=\"768\" src=\"https:\/\/www.ffmc72.fr\/site\/wp-content\/uploads\/2025\/12\/IMG20251214153333-1024x768.jpg\" alt=\"Avenue des platanes - Le Mans\" class=\"wp-image-2884\" srcset=\"https:\/\/www.ffmc72.fr\/site\/wp-content\/uploads\/2025\/12\/IMG20251214153333-1024x768.jpg 1024w, https:\/\/www.ffmc72.fr\/site\/wp-content\/uploads\/2025\/12\/IMG20251214153333-300x225.jpg 300w, https:\/\/www.ffmc72.fr\/site\/wp-content\/uploads\/2025\/12\/IMG20251214153333-768x576.jpg 768w, https:\/\/www.ffmc72.fr\/site\/wp-content\/uploads\/2025\/12\/IMG20251214153333-1536x1152.jpg 1536w, https:\/\/www.ffmc72.fr\/site\/wp-content\/uploads\/2025\/12\/IMG20251214153333-2048x1536.jpg 2048w, https:\/\/www.ffmc72.fr\/site\/wp-content\/uploads\/2025\/12\/IMG20251214153333-450x338.jpg 450w, https:\/\/www.ffmc72.fr\/site\/wp-content\/uploads\/2025\/12\/IMG20251214153333-150x113.jpg 150w\" sizes=\"auto, (max-width: 1024px) 100vw, 1024px\" \/><\/a><\/figure>\n\n\n\n<p>Avenue des platanes &#8211; Le Mans<\/p>\n\n\n\n<figure class=\"wp-block-image size-large\"><a href=\"https:\/\/www.ffmc72.fr\/site\/wp-content\/uploads\/2025\/12\/WhatsApp-Image-2025-12-14-at-15.30.27-scaled.jpeg\"><img loading=\"lazy\" decoding=\"async\" width=\"1024\" height=\"768\" src=\"https:\/\/www.ffmc72.fr\/site\/wp-content\/uploads\/2025\/12\/WhatsApp-Image-2025-12-14-at-15.30.27-1024x768.jpeg\" alt=\"\" class=\"wp-image-2888\" srcset=\"https:\/\/www.ffmc72.fr\/site\/wp-content\/uploads\/2025\/12\/WhatsApp-Image-2025-12-14-at-15.30.27-1024x768.jpeg 1024w, https:\/\/www.ffmc72.fr\/site\/wp-content\/uploads\/2025\/12\/WhatsApp-Image-2025-12-14-at-15.30.27-300x225.jpeg 300w, https:\/\/www.ffmc72.fr\/site\/wp-content\/uploads\/2025\/12\/WhatsApp-Image-2025-12-14-at-15.30.27-768x576.jpeg 768w, https:\/\/www.ffmc72.fr\/site\/wp-content\/uploads\/2025\/12\/WhatsApp-Image-2025-12-14-at-15.30.27-1536x1152.jpeg 1536w, https:\/\/www.ffmc72.fr\/site\/wp-content\/uploads\/2025\/12\/WhatsApp-Image-2025-12-14-at-15.30.27-2048x1536.jpeg 2048w, https:\/\/www.ffmc72.fr\/site\/wp-content\/uploads\/2025\/12\/WhatsApp-Image-2025-12-14-at-15.30.27-450x338.jpeg 450w, https:\/\/www.ffmc72.fr\/site\/wp-content\/uploads\/2025\/12\/WhatsApp-Image-2025-12-14-at-15.30.27-150x113.jpeg 150w\" sizes=\"auto, (max-width: 1024px) 100vw, 1024px\" \/><\/a><\/figure>\n\n\n\n<figure class=\"wp-block-image size-large\"><a href=\"https:\/\/www.ffmc72.fr\/site\/wp-content\/uploads\/2025\/12\/MG_1791-scaled.jpg\"><img loading=\"lazy\" decoding=\"async\" width=\"683\" height=\"1024\" src=\"https:\/\/www.ffmc72.fr\/site\/wp-content\/uploads\/2025\/12\/MG_1791-683x1024.jpg\" alt=\"\" class=\"wp-image-2894\" srcset=\"https:\/\/www.ffmc72.fr\/site\/wp-content\/uploads\/2025\/12\/MG_1791-683x1024.jpg 683w, https:\/\/www.ffmc72.fr\/site\/wp-content\/uploads\/2025\/12\/MG_1791-200x300.jpg 200w, https:\/\/www.ffmc72.fr\/site\/wp-content\/uploads\/2025\/12\/MG_1791-768x1152.jpg 768w, https:\/\/www.ffmc72.fr\/site\/wp-content\/uploads\/2025\/12\/MG_1791-1024x1536.jpg 1024w, https:\/\/www.ffmc72.fr\/site\/wp-content\/uploads\/2025\/12\/MG_1791-1365x2048.jpg 1365w, https:\/\/www.ffmc72.fr\/site\/wp-content\/uploads\/2025\/12\/MG_1791-300x450.jpg 300w, https:\/\/www.ffmc72.fr\/site\/wp-content\/uploads\/2025\/12\/MG_1791-100x150.jpg 100w, https:\/\/www.ffmc72.fr\/site\/wp-content\/uploads\/2025\/12\/MG_1791-scaled.jpg 1707w\" sizes=\"auto, (max-width: 683px) 100vw, 683px\" \/><\/a><\/figure>\n\n\n\n\n\n<p class=\"has-small-font-size\">Source : <br \/>CEREMA : <a href=\"https:\/\/www.cerema.fr\/system\/files\/documents\/2021\/08\/2021_08_06_flam_facteurs.pdf\">https:\/\/www.cerema.fr\/system\/files\/documents\/2021\/08\/2021_08_06_flam_facteurs.pdf<\/a><br \/>MAIDS : <a href=\"https:\/\/www.maids-study.eu\/pdf\/MAIDS2.pdf\">https:\/\/www.maids-study.eu\/pdf\/MAIDS2.pdf<\/a><br \/>Mutuelles des Motards : <a href=\"https:\/\/www.mutuelledesmotards.fr\/actualites\/conseils-le-point-sur-le-controle-technique\">https:\/\/www.mutuelledesmotards.fr\/actualites\/conseils-le-point-sur-le-controle-technique<\/a><\/p>\n\n\n\n<p><\/p>\n","protected":false},"excerpt":{"rendered":"<p>Ce dimanche 14 d\u00e9cembre 2025, la F\u00e9d\u00e9ration Fran\u00e7aise des Motards en Col\u00e8re de la Sarthe (FFMC 72) s&rsquo;est mobilis\u00e9e sur le terrain dans le cadre de l&rsquo;op\u00e9ration #TagTaRoute. L&rsquo;objectif : signaler physiquement les infrastructures d\u00e9grad\u00e9es et rappeler aux pouvoirs publics que la vraie s\u00e9curit\u00e9 routi\u00e8re passe par l&rsquo;entretien des chauss\u00e9es, pas par un contr\u00f4le technique inutile. Une action de terrain : plus de 100km de traqueD\u00e8s le matin, cinq militants motiv\u00e9s de l&rsquo;antenne sarthoise se sont r\u00e9unis \u00e0 La Fert\u00e9-Bernard. Arm\u00e9s de bombes de peinture de chantier (temporaires) et d&rsquo;appareils photo, ils ont sillonn\u00e9 les routes du d\u00e9partement pendant plus&#8230;<\/p>\n<p class=\"continue-reading-button\"> <a class=\"continue-reading-link\" href=\"https:\/\/www.ffmc72.fr\/site\/operation-tagtaroute-la-ffmc-72-marque-les-dangers-et-denonce-lhypocrisie-du-ct2rm\/\">Continuer \u00e0 lire<i class=\"crycon-right-dir\"><\/i><\/a><\/p>\n","protected":false},"author":4,"featured_media":2883,"comment_status":"closed","ping_status":"closed","sticky":false,"template":"","format":"standard","meta":{"footnotes":""},"categories":[4],"tags":[],"class_list":["post-2877","post","type-post","status-publish","format-standard","has-post-thumbnail","hentry","category-divers"],"yoast_head":"<!-- This site is optimized with the Yoast SEO plugin v27.5 - https:\/\/yoast.com\/product\/yoast-seo-wordpress\/ -->\n<title>FFMC 72 - Op\u00e9ration #TagTaRoute : La FFMC 72 marque les dangers et d\u00e9nonce l&#039;hypocrisie du CT2RM - FFMC 72 - F\u00e9d\u00e9ration Fran\u00e7aise des motards en col\u00e8res de la Sarthe - boycott contr\u00f4le technique moto, contre les ZFE, Adherer, nid de poule, infrastructure, action gazoil, consignes casques, 24h du mans, non au CT2RM, FFMC Sarthe, FFMC 72, F.F.M.C, ERJ, Le Mans, FFMC Le Mans, Veille sur les contr\u00f4les syst\u00e9matiques<\/title>\n<meta name=\"description\" content=\"FFMC 72 - Op\u00e9ration #TagTaRoute : La FFMC 72 marque les dangers et d\u00e9nonce l&#039;hypocrisie du CT2RM Ce dimanche 14 d\u00e9cembre 2025, la F\u00e9d\u00e9ration Fran\u00e7aise des Motards en Col\u00e8re de la Sarthe (FFMC 72) s&#039;est mobilis\u00e9e sur le terrain dans le cadre de l&#039;op\u00e9ration #TagTaRoute. L&#039;objectif : signaler physiquement les infrastructures d\u00e9grad\u00e9es et rappeler aux pouvoirs publics que la vraie s\u00e9curit\u00e9 routi\u00e8re passe par l&#039;entretien des chauss\u00e9es, pas par un contr\u00f4le technique inutile.\" \/>\n<meta name=\"robots\" content=\"index, follow, max-snippet:-1, max-image-preview:large, max-video-preview:-1\" \/>\n<link rel=\"canonical\" href=\"https:\/\/www.ffmc72.fr\/site\/operation-tagtaroute-la-ffmc-72-marque-les-dangers-et-denonce-lhypocrisie-du-ct2rm\/\" \/>\n<meta property=\"og:locale\" content=\"fr_FR\" \/>\n<meta property=\"og:type\" content=\"article\" \/>\n<meta property=\"og:title\" content=\"Op\u00e9ration #TagTaRoute : La FFMC 72 marque les dangers et d\u00e9nonce l&#039;hypocrisie du CT2RM\" \/>\n<meta property=\"og:description\" content=\"Ce dimanche 14 d\u00e9cembre 2025, la F\u00e9d\u00e9ration Fran\u00e7aise des Motards en Col\u00e8re de la Sarthe (FFMC 72) s&#039;est mobilis\u00e9e sur le terrain dans le cadre de l&#039;op\u00e9ration #TagTaRoute. L&#039;objectif : signaler physiquement les infrastructures d\u00e9grad\u00e9es et rappeler aux pouvoirs publics que la vraie s\u00e9curit\u00e9 routi\u00e8re passe par l&#039;entretien des chauss\u00e9es, pas par un contr\u00f4le technique inutile.\" \/>\n<meta property=\"og:url\" content=\"https:\/\/www.ffmc72.fr\/site\/operation-tagtaroute-la-ffmc-72-marque-les-dangers-et-denonce-lhypocrisie-du-ct2rm\/\" \/>\n<meta property=\"og:site_name\" content=\"FFMC 72 - F\u00e9d\u00e9ration Fran\u00e7aise des motards en col\u00e8res de la Sarthe - boycott contr\u00f4le technique moto, contre les ZFE, Adherer, nid de poule, infrastructure, action gazoil, consignes casques, 24h du mans, non au CT2RM, FFMC Sarthe, FFMC 72, F.F.M.C, ERJ, Le Mans, FFMC Le Mans, Veille sur les contr\u00f4les syst\u00e9matiques\" \/>\n<meta property=\"article:publisher\" content=\"https:\/\/www.facebook.com\/ffmc72\" \/>\n<meta property=\"article:published_time\" content=\"2025-12-14T22:15:38+00:00\" \/>\n<meta property=\"article:modified_time\" content=\"2025-12-14T22:44:48+00:00\" \/>\n<meta property=\"og:image\" content=\"https:\/\/www.ffmc72.fr\/site\/wp-content\/uploads\/2025\/12\/MG_1819-scaled.jpg\" \/>\n\t<meta property=\"og:image:width\" content=\"1707\" \/>\n\t<meta property=\"og:image:height\" content=\"2560\" \/>\n\t<meta property=\"og:image:type\" content=\"image\/jpeg\" \/>\n<meta name=\"author\" content=\"R G\" \/>\n<meta name=\"twitter:card\" content=\"summary_large_image\" \/>\n<meta name=\"twitter:title\" content=\"Op\u00e9ration #TagTaRoute : La FFMC 72 marque les dangers et d\u00e9nonce l&#039;hypocrisie du CT2RM\" \/>\n<meta name=\"twitter:description\" content=\"Ce dimanche 14 d\u00e9cembre 2025, la F\u00e9d\u00e9ration Fran\u00e7aise des Motards en Col\u00e8re de la Sarthe (FFMC 72) s&#039;est mobilis\u00e9e sur le terrain dans le cadre de l&#039;op\u00e9ration #TagTaRoute. L&#039;objectif : signaler physiquement les infrastructures d\u00e9grad\u00e9es et rappeler aux pouvoirs publics que la vraie s\u00e9curit\u00e9 routi\u00e8re passe par l&#039;entretien des chauss\u00e9es, pas par un contr\u00f4le technique inutile.\" \/>\n<meta name=\"twitter:image\" content=\"https:\/\/www.ffmc72.fr\/site\/wp-content\/uploads\/2025\/12\/MG_1819-scaled.jpg\" \/>\n<meta name=\"twitter:label1\" content=\"\u00c9crit par\" \/>\n\t<meta name=\"twitter:data1\" content=\"R G\" \/>\n\t<meta name=\"twitter:label2\" content=\"Dur\u00e9e de lecture estim\u00e9e\" \/>\n\t<meta name=\"twitter:data2\" content=\"5 minutes\" \/>\n<script type=\"application\/ld+json\" class=\"yoast-schema-graph\">{\"@context\":\"https:\\\/\\\/schema.org\",\"@graph\":[{\"@type\":\"Article\",\"@id\":\"https:\\\/\\\/www.ffmc72.fr\\\/site\\\/operation-tagtaroute-la-ffmc-72-marque-les-dangers-et-denonce-lhypocrisie-du-ct2rm\\\/#article\",\"isPartOf\":{\"@id\":\"https:\\\/\\\/www.ffmc72.fr\\\/site\\\/operation-tagtaroute-la-ffmc-72-marque-les-dangers-et-denonce-lhypocrisie-du-ct2rm\\\/\"},\"author\":{\"name\":\"R G\",\"@id\":\"https:\\\/\\\/www.ffmc72.fr\\\/site\\\/#\\\/schema\\\/person\\\/e534e5a954de4d861a155e8607164ea3\"},\"headline\":\"Op\u00e9ration #TagTaRoute : La FFMC 72 marque les dangers et d\u00e9nonce l&rsquo;hypocrisie du CT2RM\",\"datePublished\":\"2025-12-14T22:15:38+00:00\",\"dateModified\":\"2025-12-14T22:44:48+00:00\",\"mainEntityOfPage\":{\"@id\":\"https:\\\/\\\/www.ffmc72.fr\\\/site\\\/operation-tagtaroute-la-ffmc-72-marque-les-dangers-et-denonce-lhypocrisie-du-ct2rm\\\/\"},\"wordCount\":590,\"publisher\":{\"@id\":\"https:\\\/\\\/www.ffmc72.fr\\\/site\\\/#organization\"},\"image\":{\"@id\":\"https:\\\/\\\/www.ffmc72.fr\\\/site\\\/operation-tagtaroute-la-ffmc-72-marque-les-dangers-et-denonce-lhypocrisie-du-ct2rm\\\/#primaryimage\"},\"thumbnailUrl\":\"https:\\\/\\\/www.ffmc72.fr\\\/site\\\/wp-content\\\/uploads\\\/2025\\\/12\\\/MG_1819-scaled.jpg\",\"articleSection\":[\"Divers\"],\"inLanguage\":\"fr-FR\"},{\"@type\":\"WebPage\",\"@id\":\"https:\\\/\\\/www.ffmc72.fr\\\/site\\\/operation-tagtaroute-la-ffmc-72-marque-les-dangers-et-denonce-lhypocrisie-du-ct2rm\\\/\",\"url\":\"https:\\\/\\\/www.ffmc72.fr\\\/site\\\/operation-tagtaroute-la-ffmc-72-marque-les-dangers-et-denonce-lhypocrisie-du-ct2rm\\\/\",\"name\":\"FFMC 72 - Op\u00e9ration #TagTaRoute : La FFMC 72 marque les dangers et d\u00e9nonce l'hypocrisie du CT2RM - FFMC 72 - F\u00e9d\u00e9ration Fran\u00e7aise des motards en col\u00e8res de la Sarthe - boycott contr\u00f4le technique moto, contre les ZFE, Adherer, nid de poule, infrastructure, action gazoil, consignes casques, 24h du mans, non au CT2RM, FFMC Sarthe, FFMC 72, F.F.M.C, ERJ, Le Mans, FFMC Le Mans, Veille sur les contr\u00f4les syst\u00e9matiques\",\"isPartOf\":{\"@id\":\"https:\\\/\\\/www.ffmc72.fr\\\/site\\\/#website\"},\"primaryImageOfPage\":{\"@id\":\"https:\\\/\\\/www.ffmc72.fr\\\/site\\\/operation-tagtaroute-la-ffmc-72-marque-les-dangers-et-denonce-lhypocrisie-du-ct2rm\\\/#primaryimage\"},\"image\":{\"@id\":\"https:\\\/\\\/www.ffmc72.fr\\\/site\\\/operation-tagtaroute-la-ffmc-72-marque-les-dangers-et-denonce-lhypocrisie-du-ct2rm\\\/#primaryimage\"},\"thumbnailUrl\":\"https:\\\/\\\/www.ffmc72.fr\\\/site\\\/wp-content\\\/uploads\\\/2025\\\/12\\\/MG_1819-scaled.jpg\",\"datePublished\":\"2025-12-14T22:15:38+00:00\",\"dateModified\":\"2025-12-14T22:44:48+00:00\",\"description\":\"FFMC 72 - Op\u00e9ration #TagTaRoute : La FFMC 72 marque les dangers et d\u00e9nonce l'hypocrisie du CT2RM Ce dimanche 14 d\u00e9cembre 2025, la F\u00e9d\u00e9ration Fran\u00e7aise des Motards en Col\u00e8re de la Sarthe (FFMC 72) s'est mobilis\u00e9e sur le terrain dans le cadre de l'op\u00e9ration #TagTaRoute. L'objectif : signaler physiquement les infrastructures d\u00e9grad\u00e9es et rappeler aux pouvoirs publics que la vraie s\u00e9curit\u00e9 routi\u00e8re passe par l'entretien des chauss\u00e9es, pas par un contr\u00f4le technique inutile.\",\"breadcrumb\":{\"@id\":\"https:\\\/\\\/www.ffmc72.fr\\\/site\\\/operation-tagtaroute-la-ffmc-72-marque-les-dangers-et-denonce-lhypocrisie-du-ct2rm\\\/#breadcrumb\"},\"inLanguage\":\"fr-FR\",\"potentialAction\":[{\"@type\":\"ReadAction\",\"target\":[\"https:\\\/\\\/www.ffmc72.fr\\\/site\\\/operation-tagtaroute-la-ffmc-72-marque-les-dangers-et-denonce-lhypocrisie-du-ct2rm\\\/\"]}]},{\"@type\":\"ImageObject\",\"inLanguage\":\"fr-FR\",\"@id\":\"https:\\\/\\\/www.ffmc72.fr\\\/site\\\/operation-tagtaroute-la-ffmc-72-marque-les-dangers-et-denonce-lhypocrisie-du-ct2rm\\\/#primaryimage\",\"url\":\"https:\\\/\\\/www.ffmc72.fr\\\/site\\\/wp-content\\\/uploads\\\/2025\\\/12\\\/MG_1819-scaled.jpg\",\"contentUrl\":\"https:\\\/\\\/www.ffmc72.fr\\\/site\\\/wp-content\\\/uploads\\\/2025\\\/12\\\/MG_1819-scaled.jpg\",\"width\":1707,\"height\":2560},{\"@type\":\"BreadcrumbList\",\"@id\":\"https:\\\/\\\/www.ffmc72.fr\\\/site\\\/operation-tagtaroute-la-ffmc-72-marque-les-dangers-et-denonce-lhypocrisie-du-ct2rm\\\/#breadcrumb\",\"itemListElement\":[{\"@type\":\"ListItem\",\"position\":1,\"name\":\"Accueil\",\"item\":\"https:\\\/\\\/www.ffmc72.fr\\\/site\\\/\"},{\"@type\":\"ListItem\",\"position\":2,\"name\":\"Op\u00e9ration #TagTaRoute : La FFMC 72 marque les dangers et d\u00e9nonce l&rsquo;hypocrisie du CT2RM\"}]},{\"@type\":\"WebSite\",\"@id\":\"https:\\\/\\\/www.ffmc72.fr\\\/site\\\/#website\",\"url\":\"https:\\\/\\\/www.ffmc72.fr\\\/site\\\/\",\"name\":\"FFMC 72 - F\u00e9d\u00e9ration Fran\u00e7aise des motards en col\u00e8res de la Sarthe - boycott contr\u00f4le technique moto, contre les ZFE, Adherer, nid de poule, infrastructure, action gazoil, consignes casques, 24h du mans, non au CT2RM, FFMC Sarthe, FFMC 72, F.F.M.C, ERJ, Le Mans, FFMC Le Mans, Veille sur les contr\u00f4les syst\u00e9matiques\",\"description\":\"Plus nombreux, plus fort, rejoint la FFMC\",\"publisher\":{\"@id\":\"https:\\\/\\\/www.ffmc72.fr\\\/site\\\/#organization\"},\"alternateName\":\"FFMC 72\",\"potentialAction\":[{\"@type\":\"SearchAction\",\"target\":{\"@type\":\"EntryPoint\",\"urlTemplate\":\"https:\\\/\\\/www.ffmc72.fr\\\/site\\\/?s={search_term_string}\"},\"query-input\":{\"@type\":\"PropertyValueSpecification\",\"valueRequired\":true,\"valueName\":\"search_term_string\"}}],\"inLanguage\":\"fr-FR\"},{\"@type\":\"Organization\",\"@id\":\"https:\\\/\\\/www.ffmc72.fr\\\/site\\\/#organization\",\"name\":\"FFMC 72\",\"url\":\"https:\\\/\\\/www.ffmc72.fr\\\/site\\\/\",\"logo\":{\"@type\":\"ImageObject\",\"inLanguage\":\"fr-FR\",\"@id\":\"https:\\\/\\\/www.ffmc72.fr\\\/site\\\/#\\\/schema\\\/logo\\\/image\\\/\",\"url\":\"https:\\\/\\\/www.ffmc72.fr\\\/site\\\/wp-content\\\/uploads\\\/2020\\\/05\\\/sticker-partenaire.jpg\",\"contentUrl\":\"https:\\\/\\\/www.ffmc72.fr\\\/site\\\/wp-content\\\/uploads\\\/2020\\\/05\\\/sticker-partenaire.jpg\",\"width\":1024,\"height\":239,\"caption\":\"FFMC 72\"},\"image\":{\"@id\":\"https:\\\/\\\/www.ffmc72.fr\\\/site\\\/#\\\/schema\\\/logo\\\/image\\\/\"},\"sameAs\":[\"https:\\\/\\\/www.facebook.com\\\/ffmc72\"]},{\"@type\":\"Person\",\"@id\":\"https:\\\/\\\/www.ffmc72.fr\\\/site\\\/#\\\/schema\\\/person\\\/e534e5a954de4d861a155e8607164ea3\",\"name\":\"R G\",\"image\":{\"@type\":\"ImageObject\",\"inLanguage\":\"fr-FR\",\"@id\":\"https:\\\/\\\/secure.gravatar.com\\\/avatar\\\/07ef0ebd2018ce6d2ba339e1b56a6fd0ee8dd691e014c409aa2721fafc4b5076?s=96&d=mm&r=g\",\"url\":\"https:\\\/\\\/secure.gravatar.com\\\/avatar\\\/07ef0ebd2018ce6d2ba339e1b56a6fd0ee8dd691e014c409aa2721fafc4b5076?s=96&d=mm&r=g\",\"contentUrl\":\"https:\\\/\\\/secure.gravatar.com\\\/avatar\\\/07ef0ebd2018ce6d2ba339e1b56a6fd0ee8dd691e014c409aa2721fafc4b5076?s=96&d=mm&r=g\",\"caption\":\"R G\"},\"url\":\"https:\\\/\\\/www.ffmc72.fr\\\/site\\\/author\\\/r-guillemot\\\/\"}]}<\/script>\n<!-- \/ Yoast SEO plugin. -->","yoast_head_json":{"title":"FFMC 72 - Op\u00e9ration #TagTaRoute : La FFMC 72 marque les dangers et d\u00e9nonce l'hypocrisie du CT2RM - FFMC 72 - F\u00e9d\u00e9ration Fran\u00e7aise des motards en col\u00e8res de la Sarthe - boycott contr\u00f4le technique moto, contre les ZFE, Adherer, nid de poule, infrastructure, action gazoil, consignes casques, 24h du mans, non au CT2RM, FFMC Sarthe, FFMC 72, F.F.M.C, ERJ, Le Mans, FFMC Le Mans, Veille sur les contr\u00f4les syst\u00e9matiques","description":"FFMC 72 - Op\u00e9ration #TagTaRoute : La FFMC 72 marque les dangers et d\u00e9nonce l'hypocrisie du CT2RM Ce dimanche 14 d\u00e9cembre 2025, la F\u00e9d\u00e9ration Fran\u00e7aise des Motards en Col\u00e8re de la Sarthe (FFMC 72) s'est mobilis\u00e9e sur le terrain dans le cadre de l'op\u00e9ration #TagTaRoute. L'objectif : signaler physiquement les infrastructures d\u00e9grad\u00e9es et rappeler aux pouvoirs publics que la vraie s\u00e9curit\u00e9 routi\u00e8re passe par l'entretien des chauss\u00e9es, pas par un contr\u00f4le technique inutile.","robots":{"index":"index","follow":"follow","max-snippet":"max-snippet:-1","max-image-preview":"max-image-preview:large","max-video-preview":"max-video-preview:-1"},"canonical":"https:\/\/www.ffmc72.fr\/site\/operation-tagtaroute-la-ffmc-72-marque-les-dangers-et-denonce-lhypocrisie-du-ct2rm\/","og_locale":"fr_FR","og_type":"article","og_title":"Op\u00e9ration #TagTaRoute : La FFMC 72 marque les dangers et d\u00e9nonce l'hypocrisie du CT2RM","og_description":"Ce dimanche 14 d\u00e9cembre 2025, la F\u00e9d\u00e9ration Fran\u00e7aise des Motards en Col\u00e8re de la Sarthe (FFMC 72) s'est mobilis\u00e9e sur le terrain dans le cadre de l'op\u00e9ration #TagTaRoute. L'objectif : signaler physiquement les infrastructures d\u00e9grad\u00e9es et rappeler aux pouvoirs publics que la vraie s\u00e9curit\u00e9 routi\u00e8re passe par l'entretien des chauss\u00e9es, pas par un contr\u00f4le technique inutile.","og_url":"https:\/\/www.ffmc72.fr\/site\/operation-tagtaroute-la-ffmc-72-marque-les-dangers-et-denonce-lhypocrisie-du-ct2rm\/","og_site_name":"FFMC 72 - F\u00e9d\u00e9ration Fran\u00e7aise des motards en col\u00e8res de la Sarthe - boycott contr\u00f4le technique moto, contre les ZFE, Adherer, nid de poule, infrastructure, action gazoil, consignes casques, 24h du mans, non au CT2RM, FFMC Sarthe, FFMC 72, F.F.M.C, ERJ, Le Mans, FFMC Le Mans, Veille sur les contr\u00f4les syst\u00e9matiques","article_publisher":"https:\/\/www.facebook.com\/ffmc72","article_published_time":"2025-12-14T22:15:38+00:00","article_modified_time":"2025-12-14T22:44:48+00:00","og_image":[{"width":1707,"height":2560,"url":"https:\/\/www.ffmc72.fr\/site\/wp-content\/uploads\/2025\/12\/MG_1819-scaled.jpg","type":"image\/jpeg"}],"author":"R G","twitter_card":"summary_large_image","twitter_title":"Op\u00e9ration #TagTaRoute : La FFMC 72 marque les dangers et d\u00e9nonce l'hypocrisie du CT2RM","twitter_description":"Ce dimanche 14 d\u00e9cembre 2025, la F\u00e9d\u00e9ration Fran\u00e7aise des Motards en Col\u00e8re de la Sarthe (FFMC 72) s'est mobilis\u00e9e sur le terrain dans le cadre de l'op\u00e9ration #TagTaRoute. L'objectif : signaler physiquement les infrastructures d\u00e9grad\u00e9es et rappeler aux pouvoirs publics que la vraie s\u00e9curit\u00e9 routi\u00e8re passe par l'entretien des chauss\u00e9es, pas par un contr\u00f4le technique inutile.","twitter_image":"https:\/\/www.ffmc72.fr\/site\/wp-content\/uploads\/2025\/12\/MG_1819-scaled.jpg","twitter_misc":{"\u00c9crit par":"R G","Dur\u00e9e de lecture estim\u00e9e":"5 minutes"},"schema":{"@context":"https:\/\/schema.org","@graph":[{"@type":"Article","@id":"https:\/\/www.ffmc72.fr\/site\/operation-tagtaroute-la-ffmc-72-marque-les-dangers-et-denonce-lhypocrisie-du-ct2rm\/#article","isPartOf":{"@id":"https:\/\/www.ffmc72.fr\/site\/operation-tagtaroute-la-ffmc-72-marque-les-dangers-et-denonce-lhypocrisie-du-ct2rm\/"},"author":{"name":"R G","@id":"https:\/\/www.ffmc72.fr\/site\/#\/schema\/person\/e534e5a954de4d861a155e8607164ea3"},"headline":"Op\u00e9ration #TagTaRoute : La FFMC 72 marque les dangers et d\u00e9nonce l&rsquo;hypocrisie du CT2RM","datePublished":"2025-12-14T22:15:38+00:00","dateModified":"2025-12-14T22:44:48+00:00","mainEntityOfPage":{"@id":"https:\/\/www.ffmc72.fr\/site\/operation-tagtaroute-la-ffmc-72-marque-les-dangers-et-denonce-lhypocrisie-du-ct2rm\/"},"wordCount":590,"publisher":{"@id":"https:\/\/www.ffmc72.fr\/site\/#organization"},"image":{"@id":"https:\/\/www.ffmc72.fr\/site\/operation-tagtaroute-la-ffmc-72-marque-les-dangers-et-denonce-lhypocrisie-du-ct2rm\/#primaryimage"},"thumbnailUrl":"https:\/\/www.ffmc72.fr\/site\/wp-content\/uploads\/2025\/12\/MG_1819-scaled.jpg","articleSection":["Divers"],"inLanguage":"fr-FR"},{"@type":"WebPage","@id":"https:\/\/www.ffmc72.fr\/site\/operation-tagtaroute-la-ffmc-72-marque-les-dangers-et-denonce-lhypocrisie-du-ct2rm\/","url":"https:\/\/www.ffmc72.fr\/site\/operation-tagtaroute-la-ffmc-72-marque-les-dangers-et-denonce-lhypocrisie-du-ct2rm\/","name":"FFMC 72 - Op\u00e9ration #TagTaRoute : La FFMC 72 marque les dangers et d\u00e9nonce l'hypocrisie du CT2RM - FFMC 72 - F\u00e9d\u00e9ration Fran\u00e7aise des motards en col\u00e8res de la Sarthe - boycott contr\u00f4le technique moto, contre les ZFE, Adherer, nid de poule, infrastructure, action gazoil, consignes casques, 24h du mans, non au CT2RM, FFMC Sarthe, FFMC 72, F.F.M.C, ERJ, Le Mans, FFMC Le Mans, Veille sur les contr\u00f4les syst\u00e9matiques","isPartOf":{"@id":"https:\/\/www.ffmc72.fr\/site\/#website"},"primaryImageOfPage":{"@id":"https:\/\/www.ffmc72.fr\/site\/operation-tagtaroute-la-ffmc-72-marque-les-dangers-et-denonce-lhypocrisie-du-ct2rm\/#primaryimage"},"image":{"@id":"https:\/\/www.ffmc72.fr\/site\/operation-tagtaroute-la-ffmc-72-marque-les-dangers-et-denonce-lhypocrisie-du-ct2rm\/#primaryimage"},"thumbnailUrl":"https:\/\/www.ffmc72.fr\/site\/wp-content\/uploads\/2025\/12\/MG_1819-scaled.jpg","datePublished":"2025-12-14T22:15:38+00:00","dateModified":"2025-12-14T22:44:48+00:00","description":"FFMC 72 - Op\u00e9ration #TagTaRoute : La FFMC 72 marque les dangers et d\u00e9nonce l'hypocrisie du CT2RM Ce dimanche 14 d\u00e9cembre 2025, la F\u00e9d\u00e9ration Fran\u00e7aise des Motards en Col\u00e8re de la Sarthe (FFMC 72) s'est mobilis\u00e9e sur le terrain dans le cadre de l'op\u00e9ration #TagTaRoute. L'objectif : signaler physiquement les infrastructures d\u00e9grad\u00e9es et rappeler aux pouvoirs publics que la vraie s\u00e9curit\u00e9 routi\u00e8re passe par l'entretien des chauss\u00e9es, pas par un contr\u00f4le technique inutile.","breadcrumb":{"@id":"https:\/\/www.ffmc72.fr\/site\/operation-tagtaroute-la-ffmc-72-marque-les-dangers-et-denonce-lhypocrisie-du-ct2rm\/#breadcrumb"},"inLanguage":"fr-FR","potentialAction":[{"@type":"ReadAction","target":["https:\/\/www.ffmc72.fr\/site\/operation-tagtaroute-la-ffmc-72-marque-les-dangers-et-denonce-lhypocrisie-du-ct2rm\/"]}]},{"@type":"ImageObject","inLanguage":"fr-FR","@id":"https:\/\/www.ffmc72.fr\/site\/operation-tagtaroute-la-ffmc-72-marque-les-dangers-et-denonce-lhypocrisie-du-ct2rm\/#primaryimage","url":"https:\/\/www.ffmc72.fr\/site\/wp-content\/uploads\/2025\/12\/MG_1819-scaled.jpg","contentUrl":"https:\/\/www.ffmc72.fr\/site\/wp-content\/uploads\/2025\/12\/MG_1819-scaled.jpg","width":1707,"height":2560},{"@type":"BreadcrumbList","@id":"https:\/\/www.ffmc72.fr\/site\/operation-tagtaroute-la-ffmc-72-marque-les-dangers-et-denonce-lhypocrisie-du-ct2rm\/#breadcrumb","itemListElement":[{"@type":"ListItem","position":1,"name":"Accueil","item":"https:\/\/www.ffmc72.fr\/site\/"},{"@type":"ListItem","position":2,"name":"Op\u00e9ration #TagTaRoute : La FFMC 72 marque les dangers et d\u00e9nonce l&rsquo;hypocrisie du CT2RM"}]},{"@type":"WebSite","@id":"https:\/\/www.ffmc72.fr\/site\/#website","url":"https:\/\/www.ffmc72.fr\/site\/","name":"FFMC 72 - F\u00e9d\u00e9ration Fran\u00e7aise des motards en col\u00e8res de la Sarthe - boycott contr\u00f4le technique moto, contre les ZFE, Adherer, nid de poule, infrastructure, action gazoil, consignes casques, 24h du mans, non au CT2RM, FFMC Sarthe, FFMC 72, F.F.M.C, ERJ, Le Mans, FFMC Le Mans, Veille sur les contr\u00f4les syst\u00e9matiques","description":"Plus nombreux, plus fort, rejoint la FFMC","publisher":{"@id":"https:\/\/www.ffmc72.fr\/site\/#organization"},"alternateName":"FFMC 72","potentialAction":[{"@type":"SearchAction","target":{"@type":"EntryPoint","urlTemplate":"https:\/\/www.ffmc72.fr\/site\/?s={search_term_string}"},"query-input":{"@type":"PropertyValueSpecification","valueRequired":true,"valueName":"search_term_string"}}],"inLanguage":"fr-FR"},{"@type":"Organization","@id":"https:\/\/www.ffmc72.fr\/site\/#organization","name":"FFMC 72","url":"https:\/\/www.ffmc72.fr\/site\/","logo":{"@type":"ImageObject","inLanguage":"fr-FR","@id":"https:\/\/www.ffmc72.fr\/site\/#\/schema\/logo\/image\/","url":"https:\/\/www.ffmc72.fr\/site\/wp-content\/uploads\/2020\/05\/sticker-partenaire.jpg","contentUrl":"https:\/\/www.ffmc72.fr\/site\/wp-content\/uploads\/2020\/05\/sticker-partenaire.jpg","width":1024,"height":239,"caption":"FFMC 72"},"image":{"@id":"https:\/\/www.ffmc72.fr\/site\/#\/schema\/logo\/image\/"},"sameAs":["https:\/\/www.facebook.com\/ffmc72"]},{"@type":"Person","@id":"https:\/\/www.ffmc72.fr\/site\/#\/schema\/person\/e534e5a954de4d861a155e8607164ea3","name":"R G","image":{"@type":"ImageObject","inLanguage":"fr-FR","@id":"https:\/\/secure.gravatar.com\/avatar\/07ef0ebd2018ce6d2ba339e1b56a6fd0ee8dd691e014c409aa2721fafc4b5076?s=96&d=mm&r=g","url":"https:\/\/secure.gravatar.com\/avatar\/07ef0ebd2018ce6d2ba339e1b56a6fd0ee8dd691e014c409aa2721fafc4b5076?s=96&d=mm&r=g","contentUrl":"https:\/\/secure.gravatar.com\/avatar\/07ef0ebd2018ce6d2ba339e1b56a6fd0ee8dd691e014c409aa2721fafc4b5076?s=96&d=mm&r=g","caption":"R G"},"url":"https:\/\/www.ffmc72.fr\/site\/author\/r-guillemot\/"}]}},"_links":{"self":[{"href":"https:\/\/www.ffmc72.fr\/site\/wp-json\/wp\/v2\/posts\/2877","targetHints":{"allow":["GET"]}}],"collection":[{"href":"https:\/\/www.ffmc72.fr\/site\/wp-json\/wp\/v2\/posts"}],"about":[{"href":"https:\/\/www.ffmc72.fr\/site\/wp-json\/wp\/v2\/types\/post"}],"author":[{"embeddable":true,"href":"https:\/\/www.ffmc72.fr\/site\/wp-json\/wp\/v2\/users\/4"}],"replies":[{"embeddable":true,"href":"https:\/\/www.ffmc72.fr\/site\/wp-json\/wp\/v2\/comments?post=2877"}],"version-history":[{"count":7,"href":"https:\/\/www.ffmc72.fr\/site\/wp-json\/wp\/v2\/posts\/2877\/revisions"}],"predecessor-version":[{"id":2898,"href":"https:\/\/www.ffmc72.fr\/site\/wp-json\/wp\/v2\/posts\/2877\/revisions\/2898"}],"wp:featuredmedia":[{"embeddable":true,"href":"https:\/\/www.ffmc72.fr\/site\/wp-json\/wp\/v2\/media\/2883"}],"wp:attachment":[{"href":"https:\/\/www.ffmc72.fr\/site\/wp-json\/wp\/v2\/media?parent=2877"}],"wp:term":[{"taxonomy":"category","embeddable":true,"href":"https:\/\/www.ffmc72.fr\/site\/wp-json\/wp\/v2\/categories?post=2877"},{"taxonomy":"post_tag","embeddable":true,"href":"https:\/\/www.ffmc72.fr\/site\/wp-json\/wp\/v2\/tags?post=2877"}],"curies":[{"name":"wp","href":"https:\/\/api.w.org\/{rel}","templated":true}]}}