{"id":2810,"date":"2025-06-11T08:13:45","date_gmt":"2025-06-11T06:13:45","guid":{"rendered":"https:\/\/www.ffmc72.fr\/site\/?p=2810"},"modified":"2025-06-11T14:37:33","modified_gmt":"2025-06-11T12:37:33","slug":"parking-moto-gratuit-24h-du-mans-et-consigne-casques","status":"publish","type":"post","link":"https:\/\/www.ffmc72.fr\/site\/parking-moto-gratuit-24h-du-mans-et-consigne-casques\/","title":{"rendered":"Parking moto gratuit 24H du Mans et consigne casques"},"content":{"rendered":"\n<figure class=\"wp-block-image size-large\"><a href=\"https:\/\/www.ffmc72.fr\/site\/wp-content\/uploads\/2024\/06\/24h-du-mans-2024-3.png\"><img loading=\"lazy\" decoding=\"async\" width=\"1024\" height=\"724\" src=\"https:\/\/www.ffmc72.fr\/site\/wp-content\/uploads\/2024\/06\/24h-du-mans-2024-3-1024x724.png\" alt=\"\" class=\"wp-image-2538\" srcset=\"https:\/\/www.ffmc72.fr\/site\/wp-content\/uploads\/2024\/06\/24h-du-mans-2024-3-1024x724.png 1024w, https:\/\/www.ffmc72.fr\/site\/wp-content\/uploads\/2024\/06\/24h-du-mans-2024-3-300x212.png 300w, https:\/\/www.ffmc72.fr\/site\/wp-content\/uploads\/2024\/06\/24h-du-mans-2024-3-768x543.png 768w, https:\/\/www.ffmc72.fr\/site\/wp-content\/uploads\/2024\/06\/24h-du-mans-2024-3-1536x1086.png 1536w, https:\/\/www.ffmc72.fr\/site\/wp-content\/uploads\/2024\/06\/24h-du-mans-2024-3-2048x1448.png 2048w, https:\/\/www.ffmc72.fr\/site\/wp-content\/uploads\/2024\/06\/24h-du-mans-2024-3-450x318.png 450w, https:\/\/www.ffmc72.fr\/site\/wp-content\/uploads\/2024\/06\/24h-du-mans-2024-3-150x106.png 150w\" sizes=\"auto, (max-width: 1024px) 100vw, 1024px\" \/><\/a><\/figure>\n\n\n\n<p>Comme l\u2019ann\u00e9e derni\u00e8re,<br \/>et toujours soucieux d\u2019offrir une exp\u00e9rience plus agr\u00e9able aux motards lors des 24 Heures du Mans, l\u2019ACO met \u00e0 disposition un parking d\u00e9di\u00e9 aux deux-roues, situ\u00e9 pr\u00e8s de l\u2019entr\u00e9e EST du circuit. Ce parking, enti\u00e8rement gratuit, est g\u00e9r\u00e9 par l\u2019ACO.<\/p>\n\n\n\n<p><strong>Comme l&rsquo;an dernier, la signalisation vers le parking moto gratuit n&rsquo;est pas optimale&#8230; On va essayer d&rsquo;y rem\u00e9dier pour vous simplifier l&rsquo;arriv\u00e9e !&nbsp;<\/strong><\/p>\n\n\n\n<p>Pour y acc\u00e9der au parking, rien de plus simple :<\/p>\n\n\n\n<p><strong>Suivez les panneaux \u00ab\u00a0VERT\u00a0\u00bb, \u00ab\u00a0M1\u00a0\u00bb ou encore \u00ab\u00a0V\u00e9lo\u00a0\u00bb.<br \/><\/strong><br \/>Le parking se trouve en face du terminus du tramway, \u00e0 c\u00f4t\u00e9 de la salle Antar\u00e8s.<br \/>Vous pouvez \u00e9galement utiliser le lien Waze mis \u00e0 disposition par l\u2019ACO pour vous y rendre facilement :<br \/><img decoding=\"async\" alt=\"\ud83d\udc49\" src=\"https:\/\/fonts.gstatic.com\/s\/e\/notoemoji\/16.0\/1f449\/32.png\"\/>&nbsp;<a href=\"https:\/\/ul.waze.com\/ul?ll=47.95562684%2C0.22309806&amp;navigate=yes&amp;utm_campaign=default&amp;utm_source=waze_website&amp;utm_medium=lm_share_location\" target=\"_blank\" rel=\"noreferrer noopener\">https:\/\/ul.waze.com\/ul?ll=47.95562684%2C0.22309806&amp;navigate=yes&amp;utm_campaign=default&amp;utm_source=waze_website&amp;utm_medium=lm_share_location<\/a><br \/>Google Maps :<br \/><img decoding=\"async\" alt=\"\ud83d\udc49\" src=\"https:\/\/fonts.gstatic.com\/s\/e\/notoemoji\/16.0\/1f449\/32.png\"\/>&nbsp;<a href=\"https:\/\/maps.app.goo.gl\/77zj3YHqEFDmLGXf6\" target=\"_blank\" rel=\"noreferrer noopener\">https:\/\/maps.app.goo.gl\/77zj3YHqEFDmLGXf6<\/a><\/p>\n\n\n\n<p><img decoding=\"async\" src=\"https:\/\/fonts.gstatic.com\/s\/e\/notoemoji\/16.0\/1f4cd\/32.png\" alt=\"\ud83d\udccd\"\/>C\u2019est sur ce parking que vous trouverez \u00e9galement notre consigne casque, ouverte aux horaires suivants :<br \/><strong>Mardi : de 12h00 \u00e0 21h00<\/strong><br \/><strong>Mercredi, jeudi et vendredi : de 8H00 \u00e0 00H30<\/strong><br \/><strong>Samedi en continu jusqu&rsquo;\u00e0 dimanche 17h00 : de 8h00 le samedi jusqu\u2019au dimanche 17h00<br \/><\/strong><br \/><img decoding=\"async\" src=\"https:\/\/fonts.gstatic.com\/s\/e\/notoemoji\/16.0\/1f4e3\/32.png\" alt=\"\ud83d\udce3\"\/>\u00a0Venez nombreux et profitez pleinement de l\u2019\u00e9v\u00e9nement en toute tranquillit\u00e9 !<\/p>\n\n\n\n<figure class=\"wp-block-image size-full\"><a href=\"https:\/\/www.ffmc72.fr\/site\/wp-content\/uploads\/2025\/06\/CartesACO.jpg\"><img loading=\"lazy\" decoding=\"async\" width=\"606\" height=\"547\" src=\"https:\/\/www.ffmc72.fr\/site\/wp-content\/uploads\/2025\/06\/CartesACO.jpg\" alt=\"\" class=\"wp-image-2812\" srcset=\"https:\/\/www.ffmc72.fr\/site\/wp-content\/uploads\/2025\/06\/CartesACO.jpg 606w, https:\/\/www.ffmc72.fr\/site\/wp-content\/uploads\/2025\/06\/CartesACO-300x271.jpg 300w, https:\/\/www.ffmc72.fr\/site\/wp-content\/uploads\/2025\/06\/CartesACO-450x406.jpg 450w, https:\/\/www.ffmc72.fr\/site\/wp-content\/uploads\/2025\/06\/CartesACO-150x135.jpg 150w\" sizes=\"auto, (max-width: 606px) 100vw, 606px\" \/><\/a><\/figure>\n\n\n\n<p><\/p>\n","protected":false},"excerpt":{"rendered":"<p>Comme l\u2019ann\u00e9e derni\u00e8re,et toujours soucieux d\u2019offrir une exp\u00e9rience plus agr\u00e9able aux motards lors des 24 Heures du Mans, l\u2019ACO met \u00e0 disposition un parking d\u00e9di\u00e9 aux deux-roues, situ\u00e9 pr\u00e8s de l\u2019entr\u00e9e EST du circuit. Ce parking, enti\u00e8rement gratuit, est g\u00e9r\u00e9 par l\u2019ACO. Comme l&rsquo;an dernier, la signalisation vers le parking moto gratuit n&rsquo;est pas optimale&#8230; On va essayer d&rsquo;y rem\u00e9dier pour vous simplifier l&rsquo;arriv\u00e9e !&nbsp; Pour y acc\u00e9der au parking, rien de plus simple : Suivez les panneaux \u00ab\u00a0VERT\u00a0\u00bb, \u00ab\u00a0M1\u00a0\u00bb ou encore \u00ab\u00a0V\u00e9lo\u00a0\u00bb.Le parking se trouve en face du terminus du tramway, \u00e0 c\u00f4t\u00e9 de la salle Antar\u00e8s.Vous pouvez \u00e9galement&#8230;<\/p>\n<p class=\"continue-reading-button\"> <a class=\"continue-reading-link\" href=\"https:\/\/www.ffmc72.fr\/site\/parking-moto-gratuit-24h-du-mans-et-consigne-casques\/\">Continuer \u00e0 lire<i class=\"crycon-right-dir\"><\/i><\/a><\/p>\n","protected":false},"author":4,"featured_media":2812,"comment_status":"closed","ping_status":"closed","sticky":false,"template":"","format":"standard","meta":{"footnotes":""},"categories":[4],"tags":[],"class_list":["post-2810","post","type-post","status-publish","format-standard","has-post-thumbnail","hentry","category-divers"],"yoast_head":"<!-- This site is optimized with the Yoast SEO plugin v27.5 - https:\/\/yoast.com\/product\/yoast-seo-wordpress\/ -->\n<title>FFMC 72 - Parking moto gratuit 24H du Mans et consigne casques - FFMC 72 - F\u00e9d\u00e9ration Fran\u00e7aise des motards en col\u00e8res de la Sarthe - boycott contr\u00f4le technique moto, contre les ZFE, Adherer, nid de poule, infrastructure, action gazoil, consignes casques, 24h du mans, non au CT2RM, FFMC Sarthe, FFMC 72, F.F.M.C, ERJ, Le Mans, FFMC Le Mans, Veille sur les contr\u00f4les syst\u00e9matiques Casier casques motos - Consigne valise - Consigne bagage - Consigne vestes - 24h du mans moto parking<\/title>\n<meta name=\"description\" content=\"FFMC 72 - Parking moto gratuit 24H du Mans et consigne casques - Parking Motos Gratuit 24H Du mans - Consigne casques - Casier casques motos - Consigne valise - Consigne bagage - Consigne vestes\" \/>\n<meta name=\"robots\" content=\"index, follow, max-snippet:-1, max-image-preview:large, max-video-preview:-1\" \/>\n<link rel=\"canonical\" href=\"https:\/\/www.ffmc72.fr\/site\/parking-moto-gratuit-24h-du-mans-et-consigne-casques\/\" \/>\n<meta property=\"og:locale\" content=\"fr_FR\" \/>\n<meta property=\"og:type\" content=\"article\" \/>\n<meta property=\"og:title\" content=\"Parking moto 24H du Mans et Consigne casques\" \/>\n<meta property=\"og:description\" content=\"Comme l\u2019ann\u00e9e derni\u00e8re, et toujours soucieux d\u2019offrir une exp\u00e9rience plus agr\u00e9able aux motards lors des 24 Heures du Mans, l\u2019ACO met \u00e0 disposition un parking d\u00e9di\u00e9 aux deux-roues, situ\u00e9 pr\u00e8s de l\u2019entr\u00e9e EST du circuit. Ce parking, enti\u00e8rement gratuit, est g\u00e9r\u00e9 par l\u2019ACO.\" \/>\n<meta property=\"og:url\" content=\"https:\/\/www.ffmc72.fr\/site\/parking-moto-gratuit-24h-du-mans-et-consigne-casques\/\" \/>\n<meta property=\"og:site_name\" content=\"FFMC 72 - F\u00e9d\u00e9ration Fran\u00e7aise des motards en col\u00e8res de la Sarthe - boycott contr\u00f4le technique moto, contre les ZFE, Adherer, nid de poule, infrastructure, action gazoil, consignes casques, 24h du mans, non au CT2RM, FFMC Sarthe, FFMC 72, F.F.M.C, ERJ, Le Mans, FFMC Le Mans, Veille sur les contr\u00f4les syst\u00e9matiques\" \/>\n<meta property=\"article:publisher\" content=\"https:\/\/www.facebook.com\/ffmc72\" \/>\n<meta property=\"article:published_time\" content=\"2025-06-11T06:13:45+00:00\" \/>\n<meta property=\"article:modified_time\" content=\"2025-06-11T12:37:33+00:00\" \/>\n<meta property=\"og:image\" content=\"https:\/\/www.ffmc72.fr\/site\/wp-content\/uploads\/2025\/06\/CartesACO.jpg\" \/>\n\t<meta property=\"og:image:width\" content=\"606\" \/>\n\t<meta property=\"og:image:height\" content=\"547\" \/>\n\t<meta property=\"og:image:type\" content=\"image\/jpeg\" \/>\n<meta name=\"author\" content=\"R G\" \/>\n<meta name=\"twitter:card\" content=\"summary_large_image\" \/>\n<meta name=\"twitter:title\" content=\"Parking moto 24H du Mans et Consigne casques\" \/>\n<meta name=\"twitter:description\" content=\"Comme l\u2019ann\u00e9e derni\u00e8re, et toujours soucieux d\u2019offrir une exp\u00e9rience plus agr\u00e9able aux motards lors des 24 Heures du Mans, l\u2019ACO met \u00e0 disposition un parking d\u00e9di\u00e9 aux deux-roues, situ\u00e9 pr\u00e8s de l\u2019entr\u00e9e EST du circuit. Ce parking, enti\u00e8rement gratuit, est g\u00e9r\u00e9 par l\u2019ACO.\" \/>\n<meta name=\"twitter:image\" content=\"https:\/\/www.ffmc72.fr\/site\/wp-content\/uploads\/2025\/06\/CartesACO.jpg\" \/>\n<meta name=\"twitter:label1\" content=\"\u00c9crit par\" \/>\n\t<meta name=\"twitter:data1\" content=\"R G\" \/>\n\t<meta name=\"twitter:label2\" content=\"Dur\u00e9e de lecture estim\u00e9e\" \/>\n\t<meta name=\"twitter:data2\" content=\"3 minutes\" \/>\n<script type=\"application\/ld+json\" class=\"yoast-schema-graph\">{\"@context\":\"https:\\\/\\\/schema.org\",\"@graph\":[{\"@type\":\"Article\",\"@id\":\"https:\\\/\\\/www.ffmc72.fr\\\/site\\\/parking-moto-gratuit-24h-du-mans-et-consigne-casques\\\/#article\",\"isPartOf\":{\"@id\":\"https:\\\/\\\/www.ffmc72.fr\\\/site\\\/parking-moto-gratuit-24h-du-mans-et-consigne-casques\\\/\"},\"author\":{\"name\":\"R G\",\"@id\":\"https:\\\/\\\/www.ffmc72.fr\\\/site\\\/#\\\/schema\\\/person\\\/e534e5a954de4d861a155e8607164ea3\"},\"headline\":\"Parking moto gratuit 24H du Mans et consigne casques\",\"datePublished\":\"2025-06-11T06:13:45+00:00\",\"dateModified\":\"2025-06-11T12:37:33+00:00\",\"mainEntityOfPage\":{\"@id\":\"https:\\\/\\\/www.ffmc72.fr\\\/site\\\/parking-moto-gratuit-24h-du-mans-et-consigne-casques\\\/\"},\"wordCount\":235,\"publisher\":{\"@id\":\"https:\\\/\\\/www.ffmc72.fr\\\/site\\\/#organization\"},\"image\":{\"@id\":\"https:\\\/\\\/www.ffmc72.fr\\\/site\\\/parking-moto-gratuit-24h-du-mans-et-consigne-casques\\\/#primaryimage\"},\"thumbnailUrl\":\"https:\\\/\\\/www.ffmc72.fr\\\/site\\\/wp-content\\\/uploads\\\/2025\\\/06\\\/CartesACO.jpg\",\"articleSection\":[\"Divers\"],\"inLanguage\":\"fr-FR\"},{\"@type\":\"WebPage\",\"@id\":\"https:\\\/\\\/www.ffmc72.fr\\\/site\\\/parking-moto-gratuit-24h-du-mans-et-consigne-casques\\\/\",\"url\":\"https:\\\/\\\/www.ffmc72.fr\\\/site\\\/parking-moto-gratuit-24h-du-mans-et-consigne-casques\\\/\",\"name\":\"FFMC 72 - Parking moto gratuit 24H du Mans et consigne casques - FFMC 72 - F\u00e9d\u00e9ration Fran\u00e7aise des motards en col\u00e8res de la Sarthe - boycott contr\u00f4le technique moto, contre les ZFE, Adherer, nid de poule, infrastructure, action gazoil, consignes casques, 24h du mans, non au CT2RM, FFMC Sarthe, FFMC 72, F.F.M.C, ERJ, Le Mans, FFMC Le Mans, Veille sur les contr\u00f4les syst\u00e9matiques Casier casques motos - Consigne valise - Consigne bagage - Consigne vestes - 24h du mans moto parking\",\"isPartOf\":{\"@id\":\"https:\\\/\\\/www.ffmc72.fr\\\/site\\\/#website\"},\"primaryImageOfPage\":{\"@id\":\"https:\\\/\\\/www.ffmc72.fr\\\/site\\\/parking-moto-gratuit-24h-du-mans-et-consigne-casques\\\/#primaryimage\"},\"image\":{\"@id\":\"https:\\\/\\\/www.ffmc72.fr\\\/site\\\/parking-moto-gratuit-24h-du-mans-et-consigne-casques\\\/#primaryimage\"},\"thumbnailUrl\":\"https:\\\/\\\/www.ffmc72.fr\\\/site\\\/wp-content\\\/uploads\\\/2025\\\/06\\\/CartesACO.jpg\",\"datePublished\":\"2025-06-11T06:13:45+00:00\",\"dateModified\":\"2025-06-11T12:37:33+00:00\",\"description\":\"FFMC 72 - Parking moto gratuit 24H du Mans et consigne casques - Parking Motos Gratuit 24H Du mans - Consigne casques - Casier casques motos - Consigne valise - Consigne bagage - Consigne vestes\",\"breadcrumb\":{\"@id\":\"https:\\\/\\\/www.ffmc72.fr\\\/site\\\/parking-moto-gratuit-24h-du-mans-et-consigne-casques\\\/#breadcrumb\"},\"inLanguage\":\"fr-FR\",\"potentialAction\":[{\"@type\":\"ReadAction\",\"target\":[\"https:\\\/\\\/www.ffmc72.fr\\\/site\\\/parking-moto-gratuit-24h-du-mans-et-consigne-casques\\\/\"]}]},{\"@type\":\"ImageObject\",\"inLanguage\":\"fr-FR\",\"@id\":\"https:\\\/\\\/www.ffmc72.fr\\\/site\\\/parking-moto-gratuit-24h-du-mans-et-consigne-casques\\\/#primaryimage\",\"url\":\"https:\\\/\\\/www.ffmc72.fr\\\/site\\\/wp-content\\\/uploads\\\/2025\\\/06\\\/CartesACO.jpg\",\"contentUrl\":\"https:\\\/\\\/www.ffmc72.fr\\\/site\\\/wp-content\\\/uploads\\\/2025\\\/06\\\/CartesACO.jpg\",\"width\":606,\"height\":547},{\"@type\":\"BreadcrumbList\",\"@id\":\"https:\\\/\\\/www.ffmc72.fr\\\/site\\\/parking-moto-gratuit-24h-du-mans-et-consigne-casques\\\/#breadcrumb\",\"itemListElement\":[{\"@type\":\"ListItem\",\"position\":1,\"name\":\"Accueil\",\"item\":\"https:\\\/\\\/www.ffmc72.fr\\\/site\\\/\"},{\"@type\":\"ListItem\",\"position\":2,\"name\":\"Parking moto gratuit 24H du Mans et consigne casques\"}]},{\"@type\":\"WebSite\",\"@id\":\"https:\\\/\\\/www.ffmc72.fr\\\/site\\\/#website\",\"url\":\"https:\\\/\\\/www.ffmc72.fr\\\/site\\\/\",\"name\":\"FFMC 72 - F\u00e9d\u00e9ration Fran\u00e7aise des motards en col\u00e8res de la Sarthe - boycott contr\u00f4le technique moto, contre les ZFE, Adherer, nid de poule, infrastructure, action gazoil, consignes casques, 24h du mans, non au CT2RM, FFMC Sarthe, FFMC 72, F.F.M.C, ERJ, Le Mans, FFMC Le Mans, Veille sur les contr\u00f4les syst\u00e9matiques\",\"description\":\"Plus nombreux, plus fort, rejoint la FFMC\",\"publisher\":{\"@id\":\"https:\\\/\\\/www.ffmc72.fr\\\/site\\\/#organization\"},\"alternateName\":\"FFMC 72\",\"potentialAction\":[{\"@type\":\"SearchAction\",\"target\":{\"@type\":\"EntryPoint\",\"urlTemplate\":\"https:\\\/\\\/www.ffmc72.fr\\\/site\\\/?s={search_term_string}\"},\"query-input\":{\"@type\":\"PropertyValueSpecification\",\"valueRequired\":true,\"valueName\":\"search_term_string\"}}],\"inLanguage\":\"fr-FR\"},{\"@type\":\"Organization\",\"@id\":\"https:\\\/\\\/www.ffmc72.fr\\\/site\\\/#organization\",\"name\":\"FFMC 72\",\"url\":\"https:\\\/\\\/www.ffmc72.fr\\\/site\\\/\",\"logo\":{\"@type\":\"ImageObject\",\"inLanguage\":\"fr-FR\",\"@id\":\"https:\\\/\\\/www.ffmc72.fr\\\/site\\\/#\\\/schema\\\/logo\\\/image\\\/\",\"url\":\"https:\\\/\\\/www.ffmc72.fr\\\/site\\\/wp-content\\\/uploads\\\/2020\\\/05\\\/sticker-partenaire.jpg\",\"contentUrl\":\"https:\\\/\\\/www.ffmc72.fr\\\/site\\\/wp-content\\\/uploads\\\/2020\\\/05\\\/sticker-partenaire.jpg\",\"width\":1024,\"height\":239,\"caption\":\"FFMC 72\"},\"image\":{\"@id\":\"https:\\\/\\\/www.ffmc72.fr\\\/site\\\/#\\\/schema\\\/logo\\\/image\\\/\"},\"sameAs\":[\"https:\\\/\\\/www.facebook.com\\\/ffmc72\"]},{\"@type\":\"Person\",\"@id\":\"https:\\\/\\\/www.ffmc72.fr\\\/site\\\/#\\\/schema\\\/person\\\/e534e5a954de4d861a155e8607164ea3\",\"name\":\"R G\",\"image\":{\"@type\":\"ImageObject\",\"inLanguage\":\"fr-FR\",\"@id\":\"https:\\\/\\\/secure.gravatar.com\\\/avatar\\\/07ef0ebd2018ce6d2ba339e1b56a6fd0ee8dd691e014c409aa2721fafc4b5076?s=96&d=mm&r=g\",\"url\":\"https:\\\/\\\/secure.gravatar.com\\\/avatar\\\/07ef0ebd2018ce6d2ba339e1b56a6fd0ee8dd691e014c409aa2721fafc4b5076?s=96&d=mm&r=g\",\"contentUrl\":\"https:\\\/\\\/secure.gravatar.com\\\/avatar\\\/07ef0ebd2018ce6d2ba339e1b56a6fd0ee8dd691e014c409aa2721fafc4b5076?s=96&d=mm&r=g\",\"caption\":\"R G\"},\"url\":\"https:\\\/\\\/www.ffmc72.fr\\\/site\\\/author\\\/r-guillemot\\\/\"}]}<\/script>\n<!-- \/ Yoast SEO plugin. -->","yoast_head_json":{"title":"FFMC 72 - Parking moto gratuit 24H du Mans et consigne casques - FFMC 72 - F\u00e9d\u00e9ration Fran\u00e7aise des motards en col\u00e8res de la Sarthe - boycott contr\u00f4le technique moto, contre les ZFE, Adherer, nid de poule, infrastructure, action gazoil, consignes casques, 24h du mans, non au CT2RM, FFMC Sarthe, FFMC 72, F.F.M.C, ERJ, Le Mans, FFMC Le Mans, Veille sur les contr\u00f4les syst\u00e9matiques Casier casques motos - Consigne valise - Consigne bagage - Consigne vestes - 24h du mans moto parking","description":"FFMC 72 - Parking moto gratuit 24H du Mans et consigne casques - Parking Motos Gratuit 24H Du mans - Consigne casques - Casier casques motos - Consigne valise - Consigne bagage - Consigne vestes","robots":{"index":"index","follow":"follow","max-snippet":"max-snippet:-1","max-image-preview":"max-image-preview:large","max-video-preview":"max-video-preview:-1"},"canonical":"https:\/\/www.ffmc72.fr\/site\/parking-moto-gratuit-24h-du-mans-et-consigne-casques\/","og_locale":"fr_FR","og_type":"article","og_title":"Parking moto 24H du Mans et Consigne casques","og_description":"Comme l\u2019ann\u00e9e derni\u00e8re, et toujours soucieux d\u2019offrir une exp\u00e9rience plus agr\u00e9able aux motards lors des 24 Heures du Mans, l\u2019ACO met \u00e0 disposition un parking d\u00e9di\u00e9 aux deux-roues, situ\u00e9 pr\u00e8s de l\u2019entr\u00e9e EST du circuit. Ce parking, enti\u00e8rement gratuit, est g\u00e9r\u00e9 par l\u2019ACO.","og_url":"https:\/\/www.ffmc72.fr\/site\/parking-moto-gratuit-24h-du-mans-et-consigne-casques\/","og_site_name":"FFMC 72 - F\u00e9d\u00e9ration Fran\u00e7aise des motards en col\u00e8res de la Sarthe - boycott contr\u00f4le technique moto, contre les ZFE, Adherer, nid de poule, infrastructure, action gazoil, consignes casques, 24h du mans, non au CT2RM, FFMC Sarthe, FFMC 72, F.F.M.C, ERJ, Le Mans, FFMC Le Mans, Veille sur les contr\u00f4les syst\u00e9matiques","article_publisher":"https:\/\/www.facebook.com\/ffmc72","article_published_time":"2025-06-11T06:13:45+00:00","article_modified_time":"2025-06-11T12:37:33+00:00","og_image":[{"width":606,"height":547,"url":"https:\/\/www.ffmc72.fr\/site\/wp-content\/uploads\/2025\/06\/CartesACO.jpg","type":"image\/jpeg"}],"author":"R G","twitter_card":"summary_large_image","twitter_title":"Parking moto 24H du Mans et Consigne casques","twitter_description":"Comme l\u2019ann\u00e9e derni\u00e8re, et toujours soucieux d\u2019offrir une exp\u00e9rience plus agr\u00e9able aux motards lors des 24 Heures du Mans, l\u2019ACO met \u00e0 disposition un parking d\u00e9di\u00e9 aux deux-roues, situ\u00e9 pr\u00e8s de l\u2019entr\u00e9e EST du circuit. Ce parking, enti\u00e8rement gratuit, est g\u00e9r\u00e9 par l\u2019ACO.","twitter_image":"https:\/\/www.ffmc72.fr\/site\/wp-content\/uploads\/2025\/06\/CartesACO.jpg","twitter_misc":{"\u00c9crit par":"R G","Dur\u00e9e de lecture estim\u00e9e":"3 minutes"},"schema":{"@context":"https:\/\/schema.org","@graph":[{"@type":"Article","@id":"https:\/\/www.ffmc72.fr\/site\/parking-moto-gratuit-24h-du-mans-et-consigne-casques\/#article","isPartOf":{"@id":"https:\/\/www.ffmc72.fr\/site\/parking-moto-gratuit-24h-du-mans-et-consigne-casques\/"},"author":{"name":"R G","@id":"https:\/\/www.ffmc72.fr\/site\/#\/schema\/person\/e534e5a954de4d861a155e8607164ea3"},"headline":"Parking moto gratuit 24H du Mans et consigne casques","datePublished":"2025-06-11T06:13:45+00:00","dateModified":"2025-06-11T12:37:33+00:00","mainEntityOfPage":{"@id":"https:\/\/www.ffmc72.fr\/site\/parking-moto-gratuit-24h-du-mans-et-consigne-casques\/"},"wordCount":235,"publisher":{"@id":"https:\/\/www.ffmc72.fr\/site\/#organization"},"image":{"@id":"https:\/\/www.ffmc72.fr\/site\/parking-moto-gratuit-24h-du-mans-et-consigne-casques\/#primaryimage"},"thumbnailUrl":"https:\/\/www.ffmc72.fr\/site\/wp-content\/uploads\/2025\/06\/CartesACO.jpg","articleSection":["Divers"],"inLanguage":"fr-FR"},{"@type":"WebPage","@id":"https:\/\/www.ffmc72.fr\/site\/parking-moto-gratuit-24h-du-mans-et-consigne-casques\/","url":"https:\/\/www.ffmc72.fr\/site\/parking-moto-gratuit-24h-du-mans-et-consigne-casques\/","name":"FFMC 72 - Parking moto gratuit 24H du Mans et consigne casques - FFMC 72 - F\u00e9d\u00e9ration Fran\u00e7aise des motards en col\u00e8res de la Sarthe - boycott contr\u00f4le technique moto, contre les ZFE, Adherer, nid de poule, infrastructure, action gazoil, consignes casques, 24h du mans, non au CT2RM, FFMC Sarthe, FFMC 72, F.F.M.C, ERJ, Le Mans, FFMC Le Mans, Veille sur les contr\u00f4les syst\u00e9matiques Casier casques motos - Consigne valise - Consigne bagage - Consigne vestes - 24h du mans moto parking","isPartOf":{"@id":"https:\/\/www.ffmc72.fr\/site\/#website"},"primaryImageOfPage":{"@id":"https:\/\/www.ffmc72.fr\/site\/parking-moto-gratuit-24h-du-mans-et-consigne-casques\/#primaryimage"},"image":{"@id":"https:\/\/www.ffmc72.fr\/site\/parking-moto-gratuit-24h-du-mans-et-consigne-casques\/#primaryimage"},"thumbnailUrl":"https:\/\/www.ffmc72.fr\/site\/wp-content\/uploads\/2025\/06\/CartesACO.jpg","datePublished":"2025-06-11T06:13:45+00:00","dateModified":"2025-06-11T12:37:33+00:00","description":"FFMC 72 - Parking moto gratuit 24H du Mans et consigne casques - Parking Motos Gratuit 24H Du mans - Consigne casques - Casier casques motos - Consigne valise - Consigne bagage - Consigne vestes","breadcrumb":{"@id":"https:\/\/www.ffmc72.fr\/site\/parking-moto-gratuit-24h-du-mans-et-consigne-casques\/#breadcrumb"},"inLanguage":"fr-FR","potentialAction":[{"@type":"ReadAction","target":["https:\/\/www.ffmc72.fr\/site\/parking-moto-gratuit-24h-du-mans-et-consigne-casques\/"]}]},{"@type":"ImageObject","inLanguage":"fr-FR","@id":"https:\/\/www.ffmc72.fr\/site\/parking-moto-gratuit-24h-du-mans-et-consigne-casques\/#primaryimage","url":"https:\/\/www.ffmc72.fr\/site\/wp-content\/uploads\/2025\/06\/CartesACO.jpg","contentUrl":"https:\/\/www.ffmc72.fr\/site\/wp-content\/uploads\/2025\/06\/CartesACO.jpg","width":606,"height":547},{"@type":"BreadcrumbList","@id":"https:\/\/www.ffmc72.fr\/site\/parking-moto-gratuit-24h-du-mans-et-consigne-casques\/#breadcrumb","itemListElement":[{"@type":"ListItem","position":1,"name":"Accueil","item":"https:\/\/www.ffmc72.fr\/site\/"},{"@type":"ListItem","position":2,"name":"Parking moto gratuit 24H du Mans et consigne casques"}]},{"@type":"WebSite","@id":"https:\/\/www.ffmc72.fr\/site\/#website","url":"https:\/\/www.ffmc72.fr\/site\/","name":"FFMC 72 - F\u00e9d\u00e9ration Fran\u00e7aise des motards en col\u00e8res de la Sarthe - boycott contr\u00f4le technique moto, contre les ZFE, Adherer, nid de poule, infrastructure, action gazoil, consignes casques, 24h du mans, non au CT2RM, FFMC Sarthe, FFMC 72, F.F.M.C, ERJ, Le Mans, FFMC Le Mans, Veille sur les contr\u00f4les syst\u00e9matiques","description":"Plus nombreux, plus fort, rejoint la FFMC","publisher":{"@id":"https:\/\/www.ffmc72.fr\/site\/#organization"},"alternateName":"FFMC 72","potentialAction":[{"@type":"SearchAction","target":{"@type":"EntryPoint","urlTemplate":"https:\/\/www.ffmc72.fr\/site\/?s={search_term_string}"},"query-input":{"@type":"PropertyValueSpecification","valueRequired":true,"valueName":"search_term_string"}}],"inLanguage":"fr-FR"},{"@type":"Organization","@id":"https:\/\/www.ffmc72.fr\/site\/#organization","name":"FFMC 72","url":"https:\/\/www.ffmc72.fr\/site\/","logo":{"@type":"ImageObject","inLanguage":"fr-FR","@id":"https:\/\/www.ffmc72.fr\/site\/#\/schema\/logo\/image\/","url":"https:\/\/www.ffmc72.fr\/site\/wp-content\/uploads\/2020\/05\/sticker-partenaire.jpg","contentUrl":"https:\/\/www.ffmc72.fr\/site\/wp-content\/uploads\/2020\/05\/sticker-partenaire.jpg","width":1024,"height":239,"caption":"FFMC 72"},"image":{"@id":"https:\/\/www.ffmc72.fr\/site\/#\/schema\/logo\/image\/"},"sameAs":["https:\/\/www.facebook.com\/ffmc72"]},{"@type":"Person","@id":"https:\/\/www.ffmc72.fr\/site\/#\/schema\/person\/e534e5a954de4d861a155e8607164ea3","name":"R G","image":{"@type":"ImageObject","inLanguage":"fr-FR","@id":"https:\/\/secure.gravatar.com\/avatar\/07ef0ebd2018ce6d2ba339e1b56a6fd0ee8dd691e014c409aa2721fafc4b5076?s=96&d=mm&r=g","url":"https:\/\/secure.gravatar.com\/avatar\/07ef0ebd2018ce6d2ba339e1b56a6fd0ee8dd691e014c409aa2721fafc4b5076?s=96&d=mm&r=g","contentUrl":"https:\/\/secure.gravatar.com\/avatar\/07ef0ebd2018ce6d2ba339e1b56a6fd0ee8dd691e014c409aa2721fafc4b5076?s=96&d=mm&r=g","caption":"R G"},"url":"https:\/\/www.ffmc72.fr\/site\/author\/r-guillemot\/"}]}},"_links":{"self":[{"href":"https:\/\/www.ffmc72.fr\/site\/wp-json\/wp\/v2\/posts\/2810","targetHints":{"allow":["GET"]}}],"collection":[{"href":"https:\/\/www.ffmc72.fr\/site\/wp-json\/wp\/v2\/posts"}],"about":[{"href":"https:\/\/www.ffmc72.fr\/site\/wp-json\/wp\/v2\/types\/post"}],"author":[{"embeddable":true,"href":"https:\/\/www.ffmc72.fr\/site\/wp-json\/wp\/v2\/users\/4"}],"replies":[{"embeddable":true,"href":"https:\/\/www.ffmc72.fr\/site\/wp-json\/wp\/v2\/comments?post=2810"}],"version-history":[{"count":4,"href":"https:\/\/www.ffmc72.fr\/site\/wp-json\/wp\/v2\/posts\/2810\/revisions"}],"predecessor-version":[{"id":2827,"href":"https:\/\/www.ffmc72.fr\/site\/wp-json\/wp\/v2\/posts\/2810\/revisions\/2827"}],"wp:featuredmedia":[{"embeddable":true,"href":"https:\/\/www.ffmc72.fr\/site\/wp-json\/wp\/v2\/media\/2812"}],"wp:attachment":[{"href":"https:\/\/www.ffmc72.fr\/site\/wp-json\/wp\/v2\/media?parent=2810"}],"wp:term":[{"taxonomy":"category","embeddable":true,"href":"https:\/\/www.ffmc72.fr\/site\/wp-json\/wp\/v2\/categories?post=2810"},{"taxonomy":"post_tag","embeddable":true,"href":"https:\/\/www.ffmc72.fr\/site\/wp-json\/wp\/v2\/tags?post=2810"}],"curies":[{"name":"wp","href":"https:\/\/api.w.org\/{rel}","templated":true}]}}