{"id":2613,"date":"2025-01-06T22:45:03","date_gmt":"2025-01-06T21:45:03","guid":{"rendered":"https:\/\/www.ffmc72.fr\/site\/?p=2613"},"modified":"2025-01-22T19:41:06","modified_gmt":"2025-01-22T18:41:06","slug":"assemblee-generale-de-la-ffmc-72-6","status":"publish","type":"post","link":"https:\/\/www.ffmc72.fr\/site\/assemblee-generale-de-la-ffmc-72-6\/","title":{"rendered":"Assembl\u00e9e g\u00e9n\u00e9rale de la FFMC 72"},"content":{"rendered":"\n<p>Bonjour \u00e0 toutes et \u00e0 tous,<br \/>L&rsquo;assembl\u00e9e g\u00e9n\u00e9rale ordinaire de la FFMC 72 se tiendra Samedi 18 Janvier 2025 \u00e0 14H00 au restaurant \u00ab\u00a0les 3 mousses\u00a0\u00bb \u00e0 Aign\u00e9 (Maqu\u00e8re).<\/p>\n\n\n\n<p>=&gt; lien google maps :&nbsp;<a href=\"https:\/\/maps.app.goo.gl\/FW6nEdEmSsPtCW3s8\">https:\/\/maps.app.goo.gl\/FW6nEdEmSsPtCW3s8<\/a><\/p>\n\n\n\n<p>Il vous sera pr\u00e9sent\u00e9 et soumis au vote des adh\u00e9rents durant cette assembl\u00e9e g\u00e9n\u00e9rale :&nbsp;<\/p>\n\n\n\n<p>&#8211; Le bilan moral 2024<br \/>&#8211; Le bilan comptable 2024<\/p>\n\n\n\n<p>S&rsquo;en suivra l&rsquo;\u00e9lection des membres entrant au conseil d&rsquo;administration pour l&rsquo;ann\u00e9e 2025.<\/p>\n\n\n\n<p>Pour rappel,<br \/>plusieurs postes au bureau sont \u00e0 pourvoir pour l&rsquo;ann\u00e9e 2025,<br \/>Il est encore temps de nous signifier votre envie de vous investir dans nos combats si vous le d\u00e9sirez.<\/p>\n\n\n\n<p><strong>Seuls les adh\u00e9rents 2024 peuvent donner quitus pour le bilan moral et le bilan comptable.<br \/>Par contre,<br \/>il faut \u00eatre \u00e0 jour de cotisation 2025 pour \u00e9lire les postes \u00e0 pourvoir.<\/strong><\/p>\n\n\n\n<p><strong>Vous pouvez d&rsquo;or et d\u00e9j\u00e0 adh\u00e9rer en ligne (42 \u20ac minimum) en suivant les instructions disponible ici <\/strong>:&nbsp;<a href=\"https:\/\/www.ffmc72.fr\/site\/adhesion\/\" target=\"_blank\" rel=\"noreferrer noopener\">https:\/\/www.ffmc72.fr\/site\/adhesion\/<\/a><\/p>\n\n\n\n<p>Et il en sera possible d&rsquo;adh\u00e9rer sur place lors de l&rsquo;assembl\u00e9e g\u00e9n\u00e9rale.<\/p>\n\n\n\n<p>Bien-s\u00fbr vous pouvez donner plus, mais dans ce cas pr\u00e9cis nous vous recommandons de faire l&rsquo;adh\u00e9sion \u00e0 l&rsquo;assembl\u00e9e g\u00e9n\u00e9rale ch\u00e8que\/liquide ou<\/p>\n\n\n\n<p>par envoi d&rsquo;un bulletin d&rsquo;adh\u00e9sion\/ch\u00e8que \u00e0 l&rsquo;adresse indiqu\u00e9.<\/p>\n\n\n\n<p>Vous pouvez \u00e9galement vous faire repr\u00e9senter gr\u00e2ce&nbsp;\u00e0 notre bulletin de procuration<\/p>\n\n\n\n<h3 class=\"wp-block-heading\">Repas :<\/h3>\n\n\n\n<p>Avant l&rsquo;assembl\u00e9e g\u00e9n\u00e9rale,<br \/>il sera possible, pour ceux qui le souhaite, de profiter d&rsquo;un moment convivial en d\u00e9jeunant ensemble.<\/p>\n\n\n\n<p>Pour&nbsp;<strong>un tarif de 15\u20ac<\/strong>&nbsp;il vous sera propos\u00e9 :<\/p>\n\n\n\n<ul class=\"wp-block-list\">\n<li>Une entr\u00e9e au buffet<\/li>\n\n\n\n<li>Un rougail saucisse ou Steak Frite<\/li>\n\n\n\n<li>Fromage au buffet<\/li>\n\n\n\n<li>Tarte aux pommes<\/li>\n<\/ul>\n\n\n\n<p>Pour cela, merci de vous inscrire via ce Framadate pour le repas&nbsp;<a href=\"https:\/\/framadate.org\/SMCFbQlNO4S8ks9t?fbclid=IwZXh0bgNhZW0CMTAAAR1V4jLqUWhxzwlIhSSNh0N1MpUA_MDiNN0ktf4IoSonnCApEidD8pg013M_aem_MfkODKmJY58PHQvZhMufFA\" target=\"_blank\" rel=\"noreferrer noopener\">https:\/\/framadate.org\/SMCFbQlNO4S8ks9t<\/a> ou par mail \u00e0 <a href=\"mailto:ffmc72@gmail.com\">ffmc72@gmail.com<\/a><br \/>nous vous donnons rendez-vous alors&nbsp;<strong>pour 11H30 au restaurant<\/strong>.<\/p>\n\n\n\n<p>Merci de pr\u00e9ciser en commentaire du Framadate ou par mail \u00e0 <a href=\"mailto:ffmc72@gmail.com\">ffmc72@gmail.com<\/a> si vous d\u00e9sirez un steak frite ou les besoins d&rsquo;un repas sp\u00e9cifique (v\u00e9gan, allerg\u00e8ne, etc) afin de nous adapter en cons\u00e9quence.<\/p>\n\n\n\n<p><strong>Attention,<br \/>retour imp\u00e9ratif avant Dimanche 12 Janvier<\/strong><\/p>\n\n\n\n<h3 class=\"wp-block-heading\">Galette :<\/h3>\n\n\n\n<p>Apr\u00e8s notre assembl\u00e9e g\u00e9n\u00e9rale nous profiterons \u00e9galement d&rsquo;un autre moment convivial avec le partage de la galette des rois.<\/p>\n\n\n\n<p>Nous vous remercions, par avance, d&rsquo;indiquer \u00e9galement votre pr\u00e9sence pour l&rsquo;assembl\u00e9e afin de nous organiser en cons\u00e9quence.<br \/><\/p>\n\n\n\n<figure class=\"wp-block-image size-full\"><a href=\"https:\/\/www.ffmc72.fr\/site\/wp-content\/uploads\/2025\/01\/Capture-decran-2025-01-03-094637.png\"><img loading=\"lazy\" decoding=\"async\" width=\"576\" height=\"814\" src=\"https:\/\/www.ffmc72.fr\/site\/wp-content\/uploads\/2025\/01\/Capture-decran-2025-01-03-094637.png\" alt=\"\" class=\"wp-image-2606\" srcset=\"https:\/\/www.ffmc72.fr\/site\/wp-content\/uploads\/2025\/01\/Capture-decran-2025-01-03-094637.png 576w, https:\/\/www.ffmc72.fr\/site\/wp-content\/uploads\/2025\/01\/Capture-decran-2025-01-03-094637-212x300.png 212w, https:\/\/www.ffmc72.fr\/site\/wp-content\/uploads\/2025\/01\/Capture-decran-2025-01-03-094637-318x450.png 318w, https:\/\/www.ffmc72.fr\/site\/wp-content\/uploads\/2025\/01\/Capture-decran-2025-01-03-094637-106x150.png 106w\" sizes=\"auto, (max-width: 576px) 100vw, 576px\" \/><\/a><\/figure>\n\n\n\n<figure class=\"wp-block-image\"><img decoding=\"async\" src=\"https:\/\/ci3.googleusercontent.com\/meips\/ADKq_NbwFK7kpS_BZjigkCJRcMQaYXmbmmiPvaI5045BiYE-3wVQ9Hx4DBDHrrPSp_Sa1qvsd7mtBUCv6vCtp8DKWvxAPg3YuKeHEfboizy418ywCkUxrBolwYzAX9qEaxEaR1hhuC7YV9D6WM6mTKu-y7I=s0-d-e1-ft#https:\/\/www.ffmc72.fr\/site\/wp-content\/uploads\/2025\/01\/Capture-decran-2025-01-02-145321.png\" alt=\"Manif CT 2RM\"\/><\/figure>\n\n\n\n<figure class=\"wp-block-image\"><img decoding=\"async\" src=\"https:\/\/ci3.googleusercontent.com\/meips\/ADKq_NbNlQpGFEfxu7kqtBFWJiRJYZMUQ47IkkJH2GkTlHbe3LMsvTQkagBETQdeYEESSkx8_jtMmSF-CkW1fBdinVsnThgFrzkcz7nRbE_HfPXfQVIpNTrnWxW2RK9xYcrmWG8BebF2tQEP-eiRKwJG1Ls=s0-d-e1-ft#https:\/\/www.ffmc72.fr\/site\/wp-content\/uploads\/2025\/01\/Capture-decran-2025-01-02-145335.png\" alt=\"Nid de poule\"\/><\/figure>\n\n\n\n<figure class=\"wp-block-image\"><img decoding=\"async\" src=\"https:\/\/ci3.googleusercontent.com\/meips\/ADKq_NaTK_hvSOrqOXYHnjsmNoRl619tojhAa8DAgwRT_R9Pd0lCUFfZ_TRbuBpH784Q2WiOgini6d238LVeYDl0dbNAVfZRNL0_lg64P3SZfIHnVTFDPWqB2cwH38uwKG0KXVhDF-Q4TyaJ1vZbWLx6NYQ=s0-d-e1-ft#https:\/\/www.ffmc72.fr\/site\/wp-content\/uploads\/2025\/01\/Capture-decran-2025-01-02-145346.png\" alt=\"TDF VAL 1\"\/><\/figure>\n\n\n\n<figure class=\"wp-block-image\"><img decoding=\"async\" src=\"https:\/\/ci3.googleusercontent.com\/meips\/ADKq_Na0tT6WWNAzt6QjfsSlyUjpxMH7OVeC8ubPiyDbLbffRGAdc8Fdsbl9hZa9IZXB39L7NfoxKmb7ApYZjbx7pkx-40KLdq9wBW8Lh1JWDA-C4Zvx8WX_0JpHe4Pqk3k-7E0J5vOoVH12BawZ1rti3RA=s0-d-e1-ft#https:\/\/www.ffmc72.fr\/site\/wp-content\/uploads\/2025\/01\/Capture-decran-2025-01-02-145357.png\" alt=\"TDF VAL 2\"\/><\/figure>\n\n\n\n<figure class=\"wp-block-image\"><img decoding=\"async\" src=\"https:\/\/ci3.googleusercontent.com\/meips\/ADKq_Na8vJq0uNOZRUsO6dW3GB5iy2fWylnUn37idQ_U_FdDTdwewQqHmd4E4I_lAvYiaG0svQ01TYHimDFs6OzTEof5pB8P_M1N-58PwMEqS7AMIVrzBXewJnIOl6sk-yYkJVog2VNzcIKMTicjYCl4ym4=s0-d-e1-ft#https:\/\/www.ffmc72.fr\/site\/wp-content\/uploads\/2025\/01\/Capture-decran-2025-01-02-145441.png\" alt=\"Consigne casque\"\/><\/figure>\n\n\n\n<p>Seul, on va plus vite,<br \/>Ensemble, on va plus loin.<\/p>\n\n\n\n<p>L&rsquo;\u00e9quipe de la FFMC 72<\/p>\n","protected":false},"excerpt":{"rendered":"<p>Bonjour \u00e0 toutes et \u00e0 tous,L&rsquo;assembl\u00e9e g\u00e9n\u00e9rale ordinaire de la FFMC 72 se tiendra Samedi 18 Janvier 2025 \u00e0 14H00 au restaurant \u00ab\u00a0les 3 mousses\u00a0\u00bb \u00e0 Aign\u00e9 (Maqu\u00e8re). =&gt; lien google maps :&nbsp;https:\/\/maps.app.goo.gl\/FW6nEdEmSsPtCW3s8 Il vous sera pr\u00e9sent\u00e9 et soumis au vote des adh\u00e9rents durant cette assembl\u00e9e g\u00e9n\u00e9rale :&nbsp; &#8211; Le bilan moral 2024&#8211; Le bilan comptable 2024 S&rsquo;en suivra l&rsquo;\u00e9lection des membres entrant au conseil d&rsquo;administration pour l&rsquo;ann\u00e9e 2025. Pour rappel,plusieurs postes au bureau sont \u00e0 pourvoir pour l&rsquo;ann\u00e9e 2025,Il est encore temps de nous signifier votre envie de vous investir dans nos combats si vous le d\u00e9sirez. Seuls les&#8230;<\/p>\n<p class=\"continue-reading-button\"> <a class=\"continue-reading-link\" href=\"https:\/\/www.ffmc72.fr\/site\/assemblee-generale-de-la-ffmc-72-6\/\">Continuer \u00e0 lire<i class=\"crycon-right-dir\"><\/i><\/a><\/p>\n","protected":false},"author":4,"featured_media":0,"comment_status":"closed","ping_status":"closed","sticky":false,"template":"","format":"standard","meta":{"footnotes":""},"categories":[4],"tags":[],"class_list":["post-2613","post","type-post","status-publish","format-standard","hentry","category-divers"],"yoast_head":"<!-- This site is optimized with the Yoast SEO plugin v27.5 - https:\/\/yoast.com\/product\/yoast-seo-wordpress\/ -->\n<title>FFMC 72 - Assembl\u00e9e g\u00e9n\u00e9rale de la FFMC 72 - FFMC 72 - F\u00e9d\u00e9ration Fran\u00e7aise des motards en col\u00e8res de la Sarthe - boycott contr\u00f4le technique moto, contre les ZFE, Adherer, nid de poule, infrastructure, action gazoil, consignes casques, 24h du mans, non au CT2RM, FFMC Sarthe, FFMC 72, F.F.M.C, ERJ, Le Mans, FFMC Le Mans, Veille sur les contr\u00f4les syst\u00e9matiques<\/title>\n<meta name=\"description\" content=\"FFMC 72 - Assembl\u00e9e g\u00e9n\u00e9rale de la FFMC 72\" \/>\n<meta name=\"robots\" content=\"index, follow, max-snippet:-1, max-image-preview:large, max-video-preview:-1\" \/>\n<link rel=\"canonical\" href=\"https:\/\/www.ffmc72.fr\/site\/assemblee-generale-de-la-ffmc-72-6\/\" \/>\n<meta property=\"og:locale\" content=\"fr_FR\" \/>\n<meta property=\"og:type\" content=\"article\" \/>\n<meta property=\"og:title\" content=\"Assembl\u00e9e g\u00e9n\u00e9rale de la FFMC 72\" \/>\n<meta property=\"og:description\" content=\"Participez \u00e0 l&#039;Assembl\u00e9e G\u00e9n\u00e9rale 2025 de la FFMC 72 le samedi 18 janvier \u00e0 Aign\u00e9. Bilan 2024, \u00e9lection du conseil d&#039;administration, repas convivial et galette des rois au programme. Inscrivez-vous d\u00e8s maintenant !\" \/>\n<meta property=\"og:url\" content=\"https:\/\/www.ffmc72.fr\/site\/assemblee-generale-de-la-ffmc-72-6\/\" \/>\n<meta property=\"og:site_name\" content=\"FFMC 72 - F\u00e9d\u00e9ration Fran\u00e7aise des motards en col\u00e8res de la Sarthe - boycott contr\u00f4le technique moto, contre les ZFE, Adherer, nid de poule, infrastructure, action gazoil, consignes casques, 24h du mans, non au CT2RM, FFMC Sarthe, FFMC 72, F.F.M.C, ERJ, Le Mans, FFMC Le Mans, Veille sur les contr\u00f4les syst\u00e9matiques\" \/>\n<meta property=\"article:publisher\" content=\"https:\/\/www.facebook.com\/ffmc72\" \/>\n<meta property=\"article:published_time\" content=\"2025-01-06T21:45:03+00:00\" \/>\n<meta property=\"article:modified_time\" content=\"2025-01-22T18:41:06+00:00\" \/>\n<meta property=\"og:image\" content=\"https:\/\/www.ffmc72.fr\/site\/wp-content\/uploads\/2025\/01\/AG-2025-Bandeau-3.png\" \/>\n\t<meta property=\"og:image:width\" content=\"1200\" \/>\n\t<meta property=\"og:image:height\" content=\"628\" \/>\n\t<meta property=\"og:image:type\" content=\"image\/png\" \/>\n<meta name=\"author\" content=\"R G\" \/>\n<meta name=\"twitter:card\" content=\"summary_large_image\" \/>\n<meta name=\"twitter:title\" content=\"Assembl\u00e9e g\u00e9n\u00e9rale de la FFMC 72\" \/>\n<meta name=\"twitter:description\" content=\"Participez \u00e0 l&#039;Assembl\u00e9e G\u00e9n\u00e9rale 2025 de la FFMC 72 le samedi 18 janvier \u00e0 Aign\u00e9. Bilan 2024, \u00e9lection du conseil d&#039;administration, repas convivial et galette des rois au programme. Inscrivez-vous d\u00e8s maintenant !\" \/>\n<meta name=\"twitter:image\" content=\"https:\/\/www.ffmc72.fr\/site\/wp-content\/uploads\/2025\/01\/AG-2025-Bandeau-3.png\" \/>\n<meta name=\"twitter:label1\" content=\"\u00c9crit par\" \/>\n\t<meta name=\"twitter:data1\" content=\"R G\" \/>\n\t<meta name=\"twitter:label2\" content=\"Dur\u00e9e de lecture estim\u00e9e\" \/>\n\t<meta name=\"twitter:data2\" content=\"4 minutes\" \/>\n<script type=\"application\/ld+json\" class=\"yoast-schema-graph\">{\"@context\":\"https:\\\/\\\/schema.org\",\"@graph\":[{\"@type\":\"Article\",\"@id\":\"https:\\\/\\\/www.ffmc72.fr\\\/site\\\/assemblee-generale-de-la-ffmc-72-6\\\/#article\",\"isPartOf\":{\"@id\":\"https:\\\/\\\/www.ffmc72.fr\\\/site\\\/assemblee-generale-de-la-ffmc-72-6\\\/\"},\"author\":{\"name\":\"R G\",\"@id\":\"https:\\\/\\\/www.ffmc72.fr\\\/site\\\/#\\\/schema\\\/person\\\/e534e5a954de4d861a155e8607164ea3\"},\"headline\":\"Assembl\u00e9e g\u00e9n\u00e9rale de la FFMC 72\",\"datePublished\":\"2025-01-06T21:45:03+00:00\",\"dateModified\":\"2025-01-22T18:41:06+00:00\",\"mainEntityOfPage\":{\"@id\":\"https:\\\/\\\/www.ffmc72.fr\\\/site\\\/assemblee-generale-de-la-ffmc-72-6\\\/\"},\"wordCount\":450,\"publisher\":{\"@id\":\"https:\\\/\\\/www.ffmc72.fr\\\/site\\\/#organization\"},\"image\":{\"@id\":\"https:\\\/\\\/www.ffmc72.fr\\\/site\\\/assemblee-generale-de-la-ffmc-72-6\\\/#primaryimage\"},\"thumbnailUrl\":\"https:\\\/\\\/www.ffmc72.fr\\\/site\\\/wp-content\\\/uploads\\\/2025\\\/01\\\/Capture-decran-2025-01-03-094637.png\",\"articleSection\":[\"Divers\"],\"inLanguage\":\"fr-FR\"},{\"@type\":\"WebPage\",\"@id\":\"https:\\\/\\\/www.ffmc72.fr\\\/site\\\/assemblee-generale-de-la-ffmc-72-6\\\/\",\"url\":\"https:\\\/\\\/www.ffmc72.fr\\\/site\\\/assemblee-generale-de-la-ffmc-72-6\\\/\",\"name\":\"FFMC 72 - Assembl\u00e9e g\u00e9n\u00e9rale de la FFMC 72 - FFMC 72 - F\u00e9d\u00e9ration Fran\u00e7aise des motards en col\u00e8res de la Sarthe - boycott contr\u00f4le technique moto, contre les ZFE, Adherer, nid de poule, infrastructure, action gazoil, consignes casques, 24h du mans, non au CT2RM, FFMC Sarthe, FFMC 72, F.F.M.C, ERJ, Le Mans, FFMC Le Mans, Veille sur les contr\u00f4les syst\u00e9matiques\",\"isPartOf\":{\"@id\":\"https:\\\/\\\/www.ffmc72.fr\\\/site\\\/#website\"},\"primaryImageOfPage\":{\"@id\":\"https:\\\/\\\/www.ffmc72.fr\\\/site\\\/assemblee-generale-de-la-ffmc-72-6\\\/#primaryimage\"},\"image\":{\"@id\":\"https:\\\/\\\/www.ffmc72.fr\\\/site\\\/assemblee-generale-de-la-ffmc-72-6\\\/#primaryimage\"},\"thumbnailUrl\":\"https:\\\/\\\/www.ffmc72.fr\\\/site\\\/wp-content\\\/uploads\\\/2025\\\/01\\\/Capture-decran-2025-01-03-094637.png\",\"datePublished\":\"2025-01-06T21:45:03+00:00\",\"dateModified\":\"2025-01-22T18:41:06+00:00\",\"description\":\"FFMC 72 - Assembl\u00e9e g\u00e9n\u00e9rale de la FFMC 72\",\"breadcrumb\":{\"@id\":\"https:\\\/\\\/www.ffmc72.fr\\\/site\\\/assemblee-generale-de-la-ffmc-72-6\\\/#breadcrumb\"},\"inLanguage\":\"fr-FR\",\"potentialAction\":[{\"@type\":\"ReadAction\",\"target\":[\"https:\\\/\\\/www.ffmc72.fr\\\/site\\\/assemblee-generale-de-la-ffmc-72-6\\\/\"]}]},{\"@type\":\"ImageObject\",\"inLanguage\":\"fr-FR\",\"@id\":\"https:\\\/\\\/www.ffmc72.fr\\\/site\\\/assemblee-generale-de-la-ffmc-72-6\\\/#primaryimage\",\"url\":\"https:\\\/\\\/www.ffmc72.fr\\\/site\\\/wp-content\\\/uploads\\\/2025\\\/01\\\/Capture-decran-2025-01-03-094637.png\",\"contentUrl\":\"https:\\\/\\\/www.ffmc72.fr\\\/site\\\/wp-content\\\/uploads\\\/2025\\\/01\\\/Capture-decran-2025-01-03-094637.png\"},{\"@type\":\"BreadcrumbList\",\"@id\":\"https:\\\/\\\/www.ffmc72.fr\\\/site\\\/assemblee-generale-de-la-ffmc-72-6\\\/#breadcrumb\",\"itemListElement\":[{\"@type\":\"ListItem\",\"position\":1,\"name\":\"Accueil\",\"item\":\"https:\\\/\\\/www.ffmc72.fr\\\/site\\\/\"},{\"@type\":\"ListItem\",\"position\":2,\"name\":\"Assembl\u00e9e g\u00e9n\u00e9rale de la FFMC 72\"}]},{\"@type\":\"WebSite\",\"@id\":\"https:\\\/\\\/www.ffmc72.fr\\\/site\\\/#website\",\"url\":\"https:\\\/\\\/www.ffmc72.fr\\\/site\\\/\",\"name\":\"FFMC 72 - F\u00e9d\u00e9ration Fran\u00e7aise des motards en col\u00e8res de la Sarthe - boycott contr\u00f4le technique moto, contre les ZFE, Adherer, nid de poule, infrastructure, action gazoil, consignes casques, 24h du mans, non au CT2RM, FFMC Sarthe, FFMC 72, F.F.M.C, ERJ, Le Mans, FFMC Le Mans, Veille sur les contr\u00f4les syst\u00e9matiques\",\"description\":\"Plus nombreux, plus fort, rejoint la FFMC\",\"publisher\":{\"@id\":\"https:\\\/\\\/www.ffmc72.fr\\\/site\\\/#organization\"},\"alternateName\":\"FFMC 72\",\"potentialAction\":[{\"@type\":\"SearchAction\",\"target\":{\"@type\":\"EntryPoint\",\"urlTemplate\":\"https:\\\/\\\/www.ffmc72.fr\\\/site\\\/?s={search_term_string}\"},\"query-input\":{\"@type\":\"PropertyValueSpecification\",\"valueRequired\":true,\"valueName\":\"search_term_string\"}}],\"inLanguage\":\"fr-FR\"},{\"@type\":\"Organization\",\"@id\":\"https:\\\/\\\/www.ffmc72.fr\\\/site\\\/#organization\",\"name\":\"FFMC 72\",\"url\":\"https:\\\/\\\/www.ffmc72.fr\\\/site\\\/\",\"logo\":{\"@type\":\"ImageObject\",\"inLanguage\":\"fr-FR\",\"@id\":\"https:\\\/\\\/www.ffmc72.fr\\\/site\\\/#\\\/schema\\\/logo\\\/image\\\/\",\"url\":\"https:\\\/\\\/www.ffmc72.fr\\\/site\\\/wp-content\\\/uploads\\\/2020\\\/05\\\/sticker-partenaire.jpg\",\"contentUrl\":\"https:\\\/\\\/www.ffmc72.fr\\\/site\\\/wp-content\\\/uploads\\\/2020\\\/05\\\/sticker-partenaire.jpg\",\"width\":1024,\"height\":239,\"caption\":\"FFMC 72\"},\"image\":{\"@id\":\"https:\\\/\\\/www.ffmc72.fr\\\/site\\\/#\\\/schema\\\/logo\\\/image\\\/\"},\"sameAs\":[\"https:\\\/\\\/www.facebook.com\\\/ffmc72\"]},{\"@type\":\"Person\",\"@id\":\"https:\\\/\\\/www.ffmc72.fr\\\/site\\\/#\\\/schema\\\/person\\\/e534e5a954de4d861a155e8607164ea3\",\"name\":\"R G\",\"image\":{\"@type\":\"ImageObject\",\"inLanguage\":\"fr-FR\",\"@id\":\"https:\\\/\\\/secure.gravatar.com\\\/avatar\\\/07ef0ebd2018ce6d2ba339e1b56a6fd0ee8dd691e014c409aa2721fafc4b5076?s=96&d=mm&r=g\",\"url\":\"https:\\\/\\\/secure.gravatar.com\\\/avatar\\\/07ef0ebd2018ce6d2ba339e1b56a6fd0ee8dd691e014c409aa2721fafc4b5076?s=96&d=mm&r=g\",\"contentUrl\":\"https:\\\/\\\/secure.gravatar.com\\\/avatar\\\/07ef0ebd2018ce6d2ba339e1b56a6fd0ee8dd691e014c409aa2721fafc4b5076?s=96&d=mm&r=g\",\"caption\":\"R G\"},\"url\":\"https:\\\/\\\/www.ffmc72.fr\\\/site\\\/author\\\/r-guillemot\\\/\"}]}<\/script>\n<!-- \/ Yoast SEO plugin. -->","yoast_head_json":{"title":"FFMC 72 - Assembl\u00e9e g\u00e9n\u00e9rale de la FFMC 72 - FFMC 72 - F\u00e9d\u00e9ration Fran\u00e7aise des motards en col\u00e8res de la Sarthe - boycott contr\u00f4le technique moto, contre les ZFE, Adherer, nid de poule, infrastructure, action gazoil, consignes casques, 24h du mans, non au CT2RM, FFMC Sarthe, FFMC 72, F.F.M.C, ERJ, Le Mans, FFMC Le Mans, Veille sur les contr\u00f4les syst\u00e9matiques","description":"FFMC 72 - Assembl\u00e9e g\u00e9n\u00e9rale de la FFMC 72","robots":{"index":"index","follow":"follow","max-snippet":"max-snippet:-1","max-image-preview":"max-image-preview:large","max-video-preview":"max-video-preview:-1"},"canonical":"https:\/\/www.ffmc72.fr\/site\/assemblee-generale-de-la-ffmc-72-6\/","og_locale":"fr_FR","og_type":"article","og_title":"Assembl\u00e9e g\u00e9n\u00e9rale de la FFMC 72","og_description":"Participez \u00e0 l'Assembl\u00e9e G\u00e9n\u00e9rale 2025 de la FFMC 72 le samedi 18 janvier \u00e0 Aign\u00e9. Bilan 2024, \u00e9lection du conseil d'administration, repas convivial et galette des rois au programme. Inscrivez-vous d\u00e8s maintenant !","og_url":"https:\/\/www.ffmc72.fr\/site\/assemblee-generale-de-la-ffmc-72-6\/","og_site_name":"FFMC 72 - F\u00e9d\u00e9ration Fran\u00e7aise des motards en col\u00e8res de la Sarthe - boycott contr\u00f4le technique moto, contre les ZFE, Adherer, nid de poule, infrastructure, action gazoil, consignes casques, 24h du mans, non au CT2RM, FFMC Sarthe, FFMC 72, F.F.M.C, ERJ, Le Mans, FFMC Le Mans, Veille sur les contr\u00f4les syst\u00e9matiques","article_publisher":"https:\/\/www.facebook.com\/ffmc72","article_published_time":"2025-01-06T21:45:03+00:00","article_modified_time":"2025-01-22T18:41:06+00:00","og_image":[{"width":1200,"height":628,"url":"https:\/\/www.ffmc72.fr\/site\/wp-content\/uploads\/2025\/01\/AG-2025-Bandeau-3.png","type":"image\/png"}],"author":"R G","twitter_card":"summary_large_image","twitter_title":"Assembl\u00e9e g\u00e9n\u00e9rale de la FFMC 72","twitter_description":"Participez \u00e0 l'Assembl\u00e9e G\u00e9n\u00e9rale 2025 de la FFMC 72 le samedi 18 janvier \u00e0 Aign\u00e9. Bilan 2024, \u00e9lection du conseil d'administration, repas convivial et galette des rois au programme. Inscrivez-vous d\u00e8s maintenant !","twitter_image":"https:\/\/www.ffmc72.fr\/site\/wp-content\/uploads\/2025\/01\/AG-2025-Bandeau-3.png","twitter_misc":{"\u00c9crit par":"R G","Dur\u00e9e de lecture estim\u00e9e":"4 minutes"},"schema":{"@context":"https:\/\/schema.org","@graph":[{"@type":"Article","@id":"https:\/\/www.ffmc72.fr\/site\/assemblee-generale-de-la-ffmc-72-6\/#article","isPartOf":{"@id":"https:\/\/www.ffmc72.fr\/site\/assemblee-generale-de-la-ffmc-72-6\/"},"author":{"name":"R G","@id":"https:\/\/www.ffmc72.fr\/site\/#\/schema\/person\/e534e5a954de4d861a155e8607164ea3"},"headline":"Assembl\u00e9e g\u00e9n\u00e9rale de la FFMC 72","datePublished":"2025-01-06T21:45:03+00:00","dateModified":"2025-01-22T18:41:06+00:00","mainEntityOfPage":{"@id":"https:\/\/www.ffmc72.fr\/site\/assemblee-generale-de-la-ffmc-72-6\/"},"wordCount":450,"publisher":{"@id":"https:\/\/www.ffmc72.fr\/site\/#organization"},"image":{"@id":"https:\/\/www.ffmc72.fr\/site\/assemblee-generale-de-la-ffmc-72-6\/#primaryimage"},"thumbnailUrl":"https:\/\/www.ffmc72.fr\/site\/wp-content\/uploads\/2025\/01\/Capture-decran-2025-01-03-094637.png","articleSection":["Divers"],"inLanguage":"fr-FR"},{"@type":"WebPage","@id":"https:\/\/www.ffmc72.fr\/site\/assemblee-generale-de-la-ffmc-72-6\/","url":"https:\/\/www.ffmc72.fr\/site\/assemblee-generale-de-la-ffmc-72-6\/","name":"FFMC 72 - Assembl\u00e9e g\u00e9n\u00e9rale de la FFMC 72 - FFMC 72 - F\u00e9d\u00e9ration Fran\u00e7aise des motards en col\u00e8res de la Sarthe - boycott contr\u00f4le technique moto, contre les ZFE, Adherer, nid de poule, infrastructure, action gazoil, consignes casques, 24h du mans, non au CT2RM, FFMC Sarthe, FFMC 72, F.F.M.C, ERJ, Le Mans, FFMC Le Mans, Veille sur les contr\u00f4les syst\u00e9matiques","isPartOf":{"@id":"https:\/\/www.ffmc72.fr\/site\/#website"},"primaryImageOfPage":{"@id":"https:\/\/www.ffmc72.fr\/site\/assemblee-generale-de-la-ffmc-72-6\/#primaryimage"},"image":{"@id":"https:\/\/www.ffmc72.fr\/site\/assemblee-generale-de-la-ffmc-72-6\/#primaryimage"},"thumbnailUrl":"https:\/\/www.ffmc72.fr\/site\/wp-content\/uploads\/2025\/01\/Capture-decran-2025-01-03-094637.png","datePublished":"2025-01-06T21:45:03+00:00","dateModified":"2025-01-22T18:41:06+00:00","description":"FFMC 72 - Assembl\u00e9e g\u00e9n\u00e9rale de la FFMC 72","breadcrumb":{"@id":"https:\/\/www.ffmc72.fr\/site\/assemblee-generale-de-la-ffmc-72-6\/#breadcrumb"},"inLanguage":"fr-FR","potentialAction":[{"@type":"ReadAction","target":["https:\/\/www.ffmc72.fr\/site\/assemblee-generale-de-la-ffmc-72-6\/"]}]},{"@type":"ImageObject","inLanguage":"fr-FR","@id":"https:\/\/www.ffmc72.fr\/site\/assemblee-generale-de-la-ffmc-72-6\/#primaryimage","url":"https:\/\/www.ffmc72.fr\/site\/wp-content\/uploads\/2025\/01\/Capture-decran-2025-01-03-094637.png","contentUrl":"https:\/\/www.ffmc72.fr\/site\/wp-content\/uploads\/2025\/01\/Capture-decran-2025-01-03-094637.png"},{"@type":"BreadcrumbList","@id":"https:\/\/www.ffmc72.fr\/site\/assemblee-generale-de-la-ffmc-72-6\/#breadcrumb","itemListElement":[{"@type":"ListItem","position":1,"name":"Accueil","item":"https:\/\/www.ffmc72.fr\/site\/"},{"@type":"ListItem","position":2,"name":"Assembl\u00e9e g\u00e9n\u00e9rale de la FFMC 72"}]},{"@type":"WebSite","@id":"https:\/\/www.ffmc72.fr\/site\/#website","url":"https:\/\/www.ffmc72.fr\/site\/","name":"FFMC 72 - F\u00e9d\u00e9ration Fran\u00e7aise des motards en col\u00e8res de la Sarthe - boycott contr\u00f4le technique moto, contre les ZFE, Adherer, nid de poule, infrastructure, action gazoil, consignes casques, 24h du mans, non au CT2RM, FFMC Sarthe, FFMC 72, F.F.M.C, ERJ, Le Mans, FFMC Le Mans, Veille sur les contr\u00f4les syst\u00e9matiques","description":"Plus nombreux, plus fort, rejoint la FFMC","publisher":{"@id":"https:\/\/www.ffmc72.fr\/site\/#organization"},"alternateName":"FFMC 72","potentialAction":[{"@type":"SearchAction","target":{"@type":"EntryPoint","urlTemplate":"https:\/\/www.ffmc72.fr\/site\/?s={search_term_string}"},"query-input":{"@type":"PropertyValueSpecification","valueRequired":true,"valueName":"search_term_string"}}],"inLanguage":"fr-FR"},{"@type":"Organization","@id":"https:\/\/www.ffmc72.fr\/site\/#organization","name":"FFMC 72","url":"https:\/\/www.ffmc72.fr\/site\/","logo":{"@type":"ImageObject","inLanguage":"fr-FR","@id":"https:\/\/www.ffmc72.fr\/site\/#\/schema\/logo\/image\/","url":"https:\/\/www.ffmc72.fr\/site\/wp-content\/uploads\/2020\/05\/sticker-partenaire.jpg","contentUrl":"https:\/\/www.ffmc72.fr\/site\/wp-content\/uploads\/2020\/05\/sticker-partenaire.jpg","width":1024,"height":239,"caption":"FFMC 72"},"image":{"@id":"https:\/\/www.ffmc72.fr\/site\/#\/schema\/logo\/image\/"},"sameAs":["https:\/\/www.facebook.com\/ffmc72"]},{"@type":"Person","@id":"https:\/\/www.ffmc72.fr\/site\/#\/schema\/person\/e534e5a954de4d861a155e8607164ea3","name":"R G","image":{"@type":"ImageObject","inLanguage":"fr-FR","@id":"https:\/\/secure.gravatar.com\/avatar\/07ef0ebd2018ce6d2ba339e1b56a6fd0ee8dd691e014c409aa2721fafc4b5076?s=96&d=mm&r=g","url":"https:\/\/secure.gravatar.com\/avatar\/07ef0ebd2018ce6d2ba339e1b56a6fd0ee8dd691e014c409aa2721fafc4b5076?s=96&d=mm&r=g","contentUrl":"https:\/\/secure.gravatar.com\/avatar\/07ef0ebd2018ce6d2ba339e1b56a6fd0ee8dd691e014c409aa2721fafc4b5076?s=96&d=mm&r=g","caption":"R G"},"url":"https:\/\/www.ffmc72.fr\/site\/author\/r-guillemot\/"}]}},"_links":{"self":[{"href":"https:\/\/www.ffmc72.fr\/site\/wp-json\/wp\/v2\/posts\/2613","targetHints":{"allow":["GET"]}}],"collection":[{"href":"https:\/\/www.ffmc72.fr\/site\/wp-json\/wp\/v2\/posts"}],"about":[{"href":"https:\/\/www.ffmc72.fr\/site\/wp-json\/wp\/v2\/types\/post"}],"author":[{"embeddable":true,"href":"https:\/\/www.ffmc72.fr\/site\/wp-json\/wp\/v2\/users\/4"}],"replies":[{"embeddable":true,"href":"https:\/\/www.ffmc72.fr\/site\/wp-json\/wp\/v2\/comments?post=2613"}],"version-history":[{"count":2,"href":"https:\/\/www.ffmc72.fr\/site\/wp-json\/wp\/v2\/posts\/2613\/revisions"}],"predecessor-version":[{"id":2619,"href":"https:\/\/www.ffmc72.fr\/site\/wp-json\/wp\/v2\/posts\/2613\/revisions\/2619"}],"wp:attachment":[{"href":"https:\/\/www.ffmc72.fr\/site\/wp-json\/wp\/v2\/media?parent=2613"}],"wp:term":[{"taxonomy":"category","embeddable":true,"href":"https:\/\/www.ffmc72.fr\/site\/wp-json\/wp\/v2\/categories?post=2613"},{"taxonomy":"post_tag","embeddable":true,"href":"https:\/\/www.ffmc72.fr\/site\/wp-json\/wp\/v2\/tags?post=2613"}],"curies":[{"name":"wp","href":"https:\/\/api.w.org\/{rel}","templated":true}]}}