{"id":2546,"date":"2024-06-25T11:57:46","date_gmt":"2024-06-25T09:57:46","guid":{"rendered":"https:\/\/www.ffmc72.fr\/site\/?p=2546"},"modified":"2024-06-25T11:57:47","modified_gmt":"2024-06-25T09:57:47","slug":"tour-de-france-des-vaches-a-lait-la-sarthe-vous-donne-rendez-vous-le-27-juin-a-sable-sur-sarthe","status":"publish","type":"post","link":"https:\/\/www.ffmc72.fr\/site\/tour-de-france-des-vaches-a-lait-la-sarthe-vous-donne-rendez-vous-le-27-juin-a-sable-sur-sarthe\/","title":{"rendered":"Tour de France des Vaches \u00e0 Lait, la Sarthe vous donne rendez-vous le 27 juin \u00e0 Sabl\u00e9-sur-sarthe"},"content":{"rendered":"\n<p><strong>Nous, la F\u00e9d\u00e9ration Fran\u00e7aise des Motards en col\u00e8re de la Sarthe,<br \/>association qui d\u00e9fend la pratique du 2 et 3 roues motoris\u00e9e en Sarthe, participons \u00e0 cette op\u00e9ration \u201cTour de France des vaches \u00e0 lait\u201d afin de d\u00e9noncer la politique clairement motophobe de ces derni\u00e8res ann\u00e9es.<br \/><br \/><\/strong>Nous demandons, au travers de cette action, que nos gouvernants prennent enfin la pleine mesure des demandes des motards et int\u00e8grent le fait que la moto n\u2019est pas la pollution mais fait bien partie de la solution aux mobilit\u00e9s<br \/><br \/>Pour cela nous demandons d\u2019une part que nos gouvernants arr\u00eatent de prendre des mesures taxatoires et punitives pour les utilisateurs de 2 et 3 roues motoris\u00e9es et d\u2019autre part nous demandons la mise en place d\u2019une vrai politique en faveur du 2 et 3 roues avec les mesures suivantes :<br \/><\/p>\n\n\n\n<ul class=\"wp-block-list\">\n<li>L\u2019exemption de contr\u00f4le technique pour le 2-3RM, la mesure ne d\u00e9montrant toujours pas son efficacit\u00e9 en terme de s\u00e9curit\u00e9 routi\u00e8re (selon le MAIDS et la Mutuelle des Motards) ainsi que par les premi\u00e8res remont\u00e9es de terrains.<br \/><\/li>\n\n\n\n<li>La mise en place du TVA r\u00e9duite voir nulle pour l\u2019achat d\u2019\u00e9quipement de protection individuel (casques, gants, Air-bag, etc).<br \/><\/li>\n\n\n\n<li>La mise en place d\u2019un plan national de financement de formation post permis pour rendre plus abordable les formations faites par les divers associations d\u00e9di\u00e9es, comme l\u2019AFDM. En parall\u00e8le du PDASR mais budg\u00e9tis\u00e9 par l&rsquo;\u00c9tat.<br \/><\/li>\n\n\n\n<li>L\u2019exclusion des 2RM du dispositif Crit&rsquo;Air et des ZFE car le 2 roues fait partie de la solution, tel que le rappelle encore un r\u00e9cent rapport de l\u2019ADEME.<br \/><\/li>\n\n\n\n<li>Au m\u00eame titre, la mise en place d\u2019une prime \u00e0 la conversion 2 et 3 roues motoris\u00e9es dans les modalit\u00e9s pr\u00e9vues \u00e0 l\u2019origine.<br \/><\/li>\n\n\n\n<li>La reconnaissance de l\u2019homologation rapide des bo\u00eetiers de conversion et reprogrammation FlexFuel pour les 2 et 3 roues motoris\u00e9es<br \/><\/li>\n\n\n\n<li>Que la France passe du vote \u00e0 l\u2019acte en respectant son choix aupr\u00e8s de l\u2019union europ\u00e9enne en supprimant toutes les guillotines \u00e0 motards encore existantes en France en doublant nos glissi\u00e8res de \u201cs\u00e9curit\u00e9\u201d.<br \/><\/li>\n\n\n\n<li>La mise en place d\u2019un sous-minist\u00e8re, d\u00e9pendant de celui du transport, en charge du contr\u00f4le de nos infrastructures routi\u00e8res en lieu et place du contr\u00f4le technique 2RM qui aura l\u2019unique charge de faire contr\u00f4le et lancer les travaux de r\u00e9paration des infrastructures routi\u00e8re fran\u00e7aise qui, rappelons le, est facteur dans 30% des accidents mortels. Ce qui serait bien plus efficace que le contr\u00f4le technique moto et profiterait \u00e0 tous les usagers de la route.<\/li>\n<\/ul>\n\n\n\n<p><br \/>Nous ne sommes pas des vaches \u00e0 Lait,<br \/><strong>Non \u00e0 la S\u00e9curit\u00e9 RENTi\u00e8re, <br \/>Non au CT2RM, <br \/>Oui de vrai mesure de S\u00e9curit\u00e9 ROUTi\u00e8re<br \/><\/strong><\/p>\n\n\n\n<p><em>Si vous souhaitez faire ce bout de chemin avec nous, <br \/>Rendez-vous \u00e0 <strong>12H30 Route de la Fl\u00e8che<\/strong> devant le S\u00e9curitest de Sabl\u00e9-sur-Sarthe proche de LDC,<br \/>Vous pouvez \u00e9galement nous rejoindre <strong>avant 14H00 devant la sous-pr\u00e9fecture \u00e0 la Fl\u00e8che<\/strong> ou nous am\u00e8nerons Valoche et son pot \u00e0 lait \u00e0 la FFMC 37 \u00e0 Chateau-La-Valli\u00e8re.<\/em><\/p>\n\n\n\n<p><\/p>\n\n\n\n<p><strong><br \/>L\u2019\u00e9quipe de la FFMC 72<\/strong><\/p>\n\n\n<div class=\"wp-block-image\">\n<figure class=\"aligncenter size-large\"><a href=\"https:\/\/www.ffmc72.fr\/site\/wp-content\/uploads\/2024\/06\/TDF-VAL-SARTHE-scaled.jpg\"><img loading=\"lazy\" decoding=\"async\" width=\"741\" height=\"1024\" src=\"https:\/\/www.ffmc72.fr\/site\/wp-content\/uploads\/2024\/06\/TDF-VAL-SARTHE-741x1024.jpg\" alt=\"\" class=\"wp-image-2547\" srcset=\"https:\/\/www.ffmc72.fr\/site\/wp-content\/uploads\/2024\/06\/TDF-VAL-SARTHE-741x1024.jpg 741w, https:\/\/www.ffmc72.fr\/site\/wp-content\/uploads\/2024\/06\/TDF-VAL-SARTHE-217x300.jpg 217w, https:\/\/www.ffmc72.fr\/site\/wp-content\/uploads\/2024\/06\/TDF-VAL-SARTHE-768x1061.jpg 768w, https:\/\/www.ffmc72.fr\/site\/wp-content\/uploads\/2024\/06\/TDF-VAL-SARTHE-1112x1536.jpg 1112w, https:\/\/www.ffmc72.fr\/site\/wp-content\/uploads\/2024\/06\/TDF-VAL-SARTHE-1483x2048.jpg 1483w, https:\/\/www.ffmc72.fr\/site\/wp-content\/uploads\/2024\/06\/TDF-VAL-SARTHE-326x450.jpg 326w, https:\/\/www.ffmc72.fr\/site\/wp-content\/uploads\/2024\/06\/TDF-VAL-SARTHE-109x150.jpg 109w, https:\/\/www.ffmc72.fr\/site\/wp-content\/uploads\/2024\/06\/TDF-VAL-SARTHE-scaled.jpg 1854w\" sizes=\"auto, (max-width: 741px) 100vw, 741px\" \/><\/a><\/figure>\n<\/div>","protected":false},"excerpt":{"rendered":"<p>Nous, la F\u00e9d\u00e9ration Fran\u00e7aise des Motards en col\u00e8re de la Sarthe,association qui d\u00e9fend la pratique du 2 et 3 roues motoris\u00e9e en Sarthe, participons \u00e0 cette op\u00e9ration \u201cTour de France des vaches \u00e0 lait\u201d afin de d\u00e9noncer la politique clairement motophobe de ces derni\u00e8res ann\u00e9es. Nous demandons, au travers de cette action, que nos gouvernants prennent enfin la pleine mesure des demandes des motards et int\u00e8grent le fait que la moto n\u2019est pas la pollution mais fait bien partie de la solution aux mobilit\u00e9s Pour cela nous demandons d\u2019une part que nos gouvernants arr\u00eatent de prendre des mesures taxatoires et&#8230;<\/p>\n<p class=\"continue-reading-button\"> <a class=\"continue-reading-link\" href=\"https:\/\/www.ffmc72.fr\/site\/tour-de-france-des-vaches-a-lait-la-sarthe-vous-donne-rendez-vous-le-27-juin-a-sable-sur-sarthe\/\">Continuer \u00e0 lire<i class=\"crycon-right-dir\"><\/i><\/a><\/p>\n","protected":false},"author":4,"featured_media":2547,"comment_status":"closed","ping_status":"closed","sticky":false,"template":"","format":"standard","meta":{"footnotes":""},"categories":[4],"tags":[],"class_list":["post-2546","post","type-post","status-publish","format-standard","has-post-thumbnail","hentry","category-divers"],"yoast_head":"<!-- This site is optimized with the Yoast SEO plugin v27.5 - https:\/\/yoast.com\/product\/yoast-seo-wordpress\/ -->\n<title>FFMC 72 - Tour de France des Vaches \u00e0 Lait, la Sarthe vous donne rendez-vous le 27 juin \u00e0 Sabl\u00e9-sur-sarthe - FFMC 72 - F\u00e9d\u00e9ration Fran\u00e7aise des motards en col\u00e8res de la Sarthe - boycott contr\u00f4le technique moto, contre les ZFE, Adherer, nid de poule, infrastructure, action gazoil, consignes casques, 24h du mans, non au CT2RM, FFMC Sarthe, FFMC 72, F.F.M.C, ERJ, Le Mans, FFMC Le Mans, Veille sur les contr\u00f4les syst\u00e9matiques<\/title>\n<meta name=\"description\" content=\"FFMC 72 - Tour de France des Vaches \u00e0 Lait, la Sarthe vous donne rendez-vous le 27 juin \u00e0 Sabl\u00e9-sur-sarthe\" \/>\n<meta name=\"robots\" content=\"index, follow, max-snippet:-1, max-image-preview:large, max-video-preview:-1\" \/>\n<link rel=\"canonical\" href=\"https:\/\/www.ffmc72.fr\/site\/tour-de-france-des-vaches-a-lait-la-sarthe-vous-donne-rendez-vous-le-27-juin-a-sable-sur-sarthe\/\" \/>\n<meta property=\"og:locale\" content=\"fr_FR\" \/>\n<meta property=\"og:type\" content=\"article\" \/>\n<meta property=\"og:title\" content=\"Tour de France des Vaches \u00e0 Lait: la Sarthe vous donne rendez-vous le 27 juin \u00e0 Sabl\u00e9-sur-sarthe\" \/>\n<meta property=\"og:description\" content=\"FFMC 72 - Tour de France des Vaches \u00e0 Lait, la Sarthe vous donne rendez-vous le 27 juin \u00e0 Sabl\u00e9-sur-sarthe\" \/>\n<meta property=\"og:url\" content=\"https:\/\/www.ffmc72.fr\/site\/tour-de-france-des-vaches-a-lait-la-sarthe-vous-donne-rendez-vous-le-27-juin-a-sable-sur-sarthe\/\" \/>\n<meta property=\"og:site_name\" content=\"FFMC 72 - F\u00e9d\u00e9ration Fran\u00e7aise des motards en col\u00e8res de la Sarthe - boycott contr\u00f4le technique moto, contre les ZFE, Adherer, nid de poule, infrastructure, action gazoil, consignes casques, 24h du mans, non au CT2RM, FFMC Sarthe, FFMC 72, F.F.M.C, ERJ, Le Mans, FFMC Le Mans, Veille sur les contr\u00f4les syst\u00e9matiques\" \/>\n<meta property=\"article:publisher\" content=\"https:\/\/www.facebook.com\/ffmc72\" \/>\n<meta property=\"article:published_time\" content=\"2024-06-25T09:57:46+00:00\" \/>\n<meta property=\"article:modified_time\" content=\"2024-06-25T09:57:47+00:00\" \/>\n<meta property=\"og:image\" content=\"https:\/\/www.ffmc72.fr\/site\/wp-content\/uploads\/2024\/06\/TDF-VAL-SARTHE-scaled.jpg\" \/>\n\t<meta property=\"og:image:width\" content=\"1854\" \/>\n\t<meta property=\"og:image:height\" content=\"2560\" \/>\n\t<meta property=\"og:image:type\" content=\"image\/jpeg\" \/>\n<meta name=\"author\" content=\"R G\" \/>\n<meta name=\"twitter:card\" content=\"summary_large_image\" \/>\n<meta name=\"twitter:title\" content=\"Tour de France des Vaches \u00e0 Lait: la Sarthe vous donne rendez-vous le 27 juin \u00e0 Sabl\u00e9-sur-sarthe\" \/>\n<meta name=\"twitter:image\" content=\"https:\/\/www.ffmc72.fr\/site\/wp-content\/uploads\/2024\/06\/TDF-VAL-SARTHE-scaled.jpg\" \/>\n<meta name=\"twitter:label1\" content=\"\u00c9crit par\" \/>\n\t<meta name=\"twitter:data1\" content=\"R G\" \/>\n\t<meta name=\"twitter:label2\" content=\"Dur\u00e9e de lecture estim\u00e9e\" \/>\n\t<meta name=\"twitter:data2\" content=\"3 minutes\" \/>\n<script type=\"application\/ld+json\" class=\"yoast-schema-graph\">{\"@context\":\"https:\\\/\\\/schema.org\",\"@graph\":[{\"@type\":\"Article\",\"@id\":\"https:\\\/\\\/www.ffmc72.fr\\\/site\\\/tour-de-france-des-vaches-a-lait-la-sarthe-vous-donne-rendez-vous-le-27-juin-a-sable-sur-sarthe\\\/#article\",\"isPartOf\":{\"@id\":\"https:\\\/\\\/www.ffmc72.fr\\\/site\\\/tour-de-france-des-vaches-a-lait-la-sarthe-vous-donne-rendez-vous-le-27-juin-a-sable-sur-sarthe\\\/\"},\"author\":{\"name\":\"R G\",\"@id\":\"https:\\\/\\\/www.ffmc72.fr\\\/site\\\/#\\\/schema\\\/person\\\/e534e5a954de4d861a155e8607164ea3\"},\"headline\":\"Tour de France des Vaches \u00e0 Lait, la Sarthe vous donne rendez-vous le 27 juin \u00e0 Sabl\u00e9-sur-sarthe\",\"datePublished\":\"2024-06-25T09:57:46+00:00\",\"dateModified\":\"2024-06-25T09:57:47+00:00\",\"mainEntityOfPage\":{\"@id\":\"https:\\\/\\\/www.ffmc72.fr\\\/site\\\/tour-de-france-des-vaches-a-lait-la-sarthe-vous-donne-rendez-vous-le-27-juin-a-sable-sur-sarthe\\\/\"},\"wordCount\":549,\"publisher\":{\"@id\":\"https:\\\/\\\/www.ffmc72.fr\\\/site\\\/#organization\"},\"image\":{\"@id\":\"https:\\\/\\\/www.ffmc72.fr\\\/site\\\/tour-de-france-des-vaches-a-lait-la-sarthe-vous-donne-rendez-vous-le-27-juin-a-sable-sur-sarthe\\\/#primaryimage\"},\"thumbnailUrl\":\"https:\\\/\\\/www.ffmc72.fr\\\/site\\\/wp-content\\\/uploads\\\/2024\\\/06\\\/TDF-VAL-SARTHE-scaled.jpg\",\"articleSection\":[\"Divers\"],\"inLanguage\":\"fr-FR\"},{\"@type\":\"WebPage\",\"@id\":\"https:\\\/\\\/www.ffmc72.fr\\\/site\\\/tour-de-france-des-vaches-a-lait-la-sarthe-vous-donne-rendez-vous-le-27-juin-a-sable-sur-sarthe\\\/\",\"url\":\"https:\\\/\\\/www.ffmc72.fr\\\/site\\\/tour-de-france-des-vaches-a-lait-la-sarthe-vous-donne-rendez-vous-le-27-juin-a-sable-sur-sarthe\\\/\",\"name\":\"FFMC 72 - Tour de France des Vaches \u00e0 Lait, la Sarthe vous donne rendez-vous le 27 juin \u00e0 Sabl\u00e9-sur-sarthe - FFMC 72 - F\u00e9d\u00e9ration Fran\u00e7aise des motards en col\u00e8res de la Sarthe - boycott contr\u00f4le technique moto, contre les ZFE, Adherer, nid de poule, infrastructure, action gazoil, consignes casques, 24h du mans, non au CT2RM, FFMC Sarthe, FFMC 72, F.F.M.C, ERJ, Le Mans, FFMC Le Mans, Veille sur les contr\u00f4les syst\u00e9matiques\",\"isPartOf\":{\"@id\":\"https:\\\/\\\/www.ffmc72.fr\\\/site\\\/#website\"},\"primaryImageOfPage\":{\"@id\":\"https:\\\/\\\/www.ffmc72.fr\\\/site\\\/tour-de-france-des-vaches-a-lait-la-sarthe-vous-donne-rendez-vous-le-27-juin-a-sable-sur-sarthe\\\/#primaryimage\"},\"image\":{\"@id\":\"https:\\\/\\\/www.ffmc72.fr\\\/site\\\/tour-de-france-des-vaches-a-lait-la-sarthe-vous-donne-rendez-vous-le-27-juin-a-sable-sur-sarthe\\\/#primaryimage\"},\"thumbnailUrl\":\"https:\\\/\\\/www.ffmc72.fr\\\/site\\\/wp-content\\\/uploads\\\/2024\\\/06\\\/TDF-VAL-SARTHE-scaled.jpg\",\"datePublished\":\"2024-06-25T09:57:46+00:00\",\"dateModified\":\"2024-06-25T09:57:47+00:00\",\"description\":\"FFMC 72 - Tour de France des Vaches \u00e0 Lait, la Sarthe vous donne rendez-vous le 27 juin \u00e0 Sabl\u00e9-sur-sarthe\",\"breadcrumb\":{\"@id\":\"https:\\\/\\\/www.ffmc72.fr\\\/site\\\/tour-de-france-des-vaches-a-lait-la-sarthe-vous-donne-rendez-vous-le-27-juin-a-sable-sur-sarthe\\\/#breadcrumb\"},\"inLanguage\":\"fr-FR\",\"potentialAction\":[{\"@type\":\"ReadAction\",\"target\":[\"https:\\\/\\\/www.ffmc72.fr\\\/site\\\/tour-de-france-des-vaches-a-lait-la-sarthe-vous-donne-rendez-vous-le-27-juin-a-sable-sur-sarthe\\\/\"]}]},{\"@type\":\"ImageObject\",\"inLanguage\":\"fr-FR\",\"@id\":\"https:\\\/\\\/www.ffmc72.fr\\\/site\\\/tour-de-france-des-vaches-a-lait-la-sarthe-vous-donne-rendez-vous-le-27-juin-a-sable-sur-sarthe\\\/#primaryimage\",\"url\":\"https:\\\/\\\/www.ffmc72.fr\\\/site\\\/wp-content\\\/uploads\\\/2024\\\/06\\\/TDF-VAL-SARTHE-scaled.jpg\",\"contentUrl\":\"https:\\\/\\\/www.ffmc72.fr\\\/site\\\/wp-content\\\/uploads\\\/2024\\\/06\\\/TDF-VAL-SARTHE-scaled.jpg\",\"width\":1854,\"height\":2560},{\"@type\":\"BreadcrumbList\",\"@id\":\"https:\\\/\\\/www.ffmc72.fr\\\/site\\\/tour-de-france-des-vaches-a-lait-la-sarthe-vous-donne-rendez-vous-le-27-juin-a-sable-sur-sarthe\\\/#breadcrumb\",\"itemListElement\":[{\"@type\":\"ListItem\",\"position\":1,\"name\":\"Accueil\",\"item\":\"https:\\\/\\\/www.ffmc72.fr\\\/site\\\/\"},{\"@type\":\"ListItem\",\"position\":2,\"name\":\"Tour de France des Vaches \u00e0 Lait, la Sarthe vous donne rendez-vous le 27 juin \u00e0 Sabl\u00e9-sur-sarthe\"}]},{\"@type\":\"WebSite\",\"@id\":\"https:\\\/\\\/www.ffmc72.fr\\\/site\\\/#website\",\"url\":\"https:\\\/\\\/www.ffmc72.fr\\\/site\\\/\",\"name\":\"FFMC 72 - F\u00e9d\u00e9ration Fran\u00e7aise des motards en col\u00e8res de la Sarthe - boycott contr\u00f4le technique moto, contre les ZFE, Adherer, nid de poule, infrastructure, action gazoil, consignes casques, 24h du mans, non au CT2RM, FFMC Sarthe, FFMC 72, F.F.M.C, ERJ, Le Mans, FFMC Le Mans, Veille sur les contr\u00f4les syst\u00e9matiques\",\"description\":\"Plus nombreux, plus fort, rejoint la FFMC\",\"publisher\":{\"@id\":\"https:\\\/\\\/www.ffmc72.fr\\\/site\\\/#organization\"},\"alternateName\":\"FFMC 72\",\"potentialAction\":[{\"@type\":\"SearchAction\",\"target\":{\"@type\":\"EntryPoint\",\"urlTemplate\":\"https:\\\/\\\/www.ffmc72.fr\\\/site\\\/?s={search_term_string}\"},\"query-input\":{\"@type\":\"PropertyValueSpecification\",\"valueRequired\":true,\"valueName\":\"search_term_string\"}}],\"inLanguage\":\"fr-FR\"},{\"@type\":\"Organization\",\"@id\":\"https:\\\/\\\/www.ffmc72.fr\\\/site\\\/#organization\",\"name\":\"FFMC 72\",\"url\":\"https:\\\/\\\/www.ffmc72.fr\\\/site\\\/\",\"logo\":{\"@type\":\"ImageObject\",\"inLanguage\":\"fr-FR\",\"@id\":\"https:\\\/\\\/www.ffmc72.fr\\\/site\\\/#\\\/schema\\\/logo\\\/image\\\/\",\"url\":\"https:\\\/\\\/www.ffmc72.fr\\\/site\\\/wp-content\\\/uploads\\\/2020\\\/05\\\/sticker-partenaire.jpg\",\"contentUrl\":\"https:\\\/\\\/www.ffmc72.fr\\\/site\\\/wp-content\\\/uploads\\\/2020\\\/05\\\/sticker-partenaire.jpg\",\"width\":1024,\"height\":239,\"caption\":\"FFMC 72\"},\"image\":{\"@id\":\"https:\\\/\\\/www.ffmc72.fr\\\/site\\\/#\\\/schema\\\/logo\\\/image\\\/\"},\"sameAs\":[\"https:\\\/\\\/www.facebook.com\\\/ffmc72\"]},{\"@type\":\"Person\",\"@id\":\"https:\\\/\\\/www.ffmc72.fr\\\/site\\\/#\\\/schema\\\/person\\\/e534e5a954de4d861a155e8607164ea3\",\"name\":\"R G\",\"image\":{\"@type\":\"ImageObject\",\"inLanguage\":\"fr-FR\",\"@id\":\"https:\\\/\\\/secure.gravatar.com\\\/avatar\\\/07ef0ebd2018ce6d2ba339e1b56a6fd0ee8dd691e014c409aa2721fafc4b5076?s=96&d=mm&r=g\",\"url\":\"https:\\\/\\\/secure.gravatar.com\\\/avatar\\\/07ef0ebd2018ce6d2ba339e1b56a6fd0ee8dd691e014c409aa2721fafc4b5076?s=96&d=mm&r=g\",\"contentUrl\":\"https:\\\/\\\/secure.gravatar.com\\\/avatar\\\/07ef0ebd2018ce6d2ba339e1b56a6fd0ee8dd691e014c409aa2721fafc4b5076?s=96&d=mm&r=g\",\"caption\":\"R G\"},\"url\":\"https:\\\/\\\/www.ffmc72.fr\\\/site\\\/author\\\/r-guillemot\\\/\"}]}<\/script>\n<!-- \/ Yoast SEO plugin. -->","yoast_head_json":{"title":"FFMC 72 - Tour de France des Vaches \u00e0 Lait, la Sarthe vous donne rendez-vous le 27 juin \u00e0 Sabl\u00e9-sur-sarthe - FFMC 72 - F\u00e9d\u00e9ration Fran\u00e7aise des motards en col\u00e8res de la Sarthe - boycott contr\u00f4le technique moto, contre les ZFE, Adherer, nid de poule, infrastructure, action gazoil, consignes casques, 24h du mans, non au CT2RM, FFMC Sarthe, FFMC 72, F.F.M.C, ERJ, Le Mans, FFMC Le Mans, Veille sur les contr\u00f4les syst\u00e9matiques","description":"FFMC 72 - Tour de France des Vaches \u00e0 Lait, la Sarthe vous donne rendez-vous le 27 juin \u00e0 Sabl\u00e9-sur-sarthe","robots":{"index":"index","follow":"follow","max-snippet":"max-snippet:-1","max-image-preview":"max-image-preview:large","max-video-preview":"max-video-preview:-1"},"canonical":"https:\/\/www.ffmc72.fr\/site\/tour-de-france-des-vaches-a-lait-la-sarthe-vous-donne-rendez-vous-le-27-juin-a-sable-sur-sarthe\/","og_locale":"fr_FR","og_type":"article","og_title":"Tour de France des Vaches \u00e0 Lait: la Sarthe vous donne rendez-vous le 27 juin \u00e0 Sabl\u00e9-sur-sarthe","og_description":"FFMC 72 - Tour de France des Vaches \u00e0 Lait, la Sarthe vous donne rendez-vous le 27 juin \u00e0 Sabl\u00e9-sur-sarthe","og_url":"https:\/\/www.ffmc72.fr\/site\/tour-de-france-des-vaches-a-lait-la-sarthe-vous-donne-rendez-vous-le-27-juin-a-sable-sur-sarthe\/","og_site_name":"FFMC 72 - F\u00e9d\u00e9ration Fran\u00e7aise des motards en col\u00e8res de la Sarthe - boycott contr\u00f4le technique moto, contre les ZFE, Adherer, nid de poule, infrastructure, action gazoil, consignes casques, 24h du mans, non au CT2RM, FFMC Sarthe, FFMC 72, F.F.M.C, ERJ, Le Mans, FFMC Le Mans, Veille sur les contr\u00f4les syst\u00e9matiques","article_publisher":"https:\/\/www.facebook.com\/ffmc72","article_published_time":"2024-06-25T09:57:46+00:00","article_modified_time":"2024-06-25T09:57:47+00:00","og_image":[{"width":1854,"height":2560,"url":"https:\/\/www.ffmc72.fr\/site\/wp-content\/uploads\/2024\/06\/TDF-VAL-SARTHE-scaled.jpg","type":"image\/jpeg"}],"author":"R G","twitter_card":"summary_large_image","twitter_title":"Tour de France des Vaches \u00e0 Lait: la Sarthe vous donne rendez-vous le 27 juin \u00e0 Sabl\u00e9-sur-sarthe","twitter_image":"https:\/\/www.ffmc72.fr\/site\/wp-content\/uploads\/2024\/06\/TDF-VAL-SARTHE-scaled.jpg","twitter_misc":{"\u00c9crit par":"R G","Dur\u00e9e de lecture estim\u00e9e":"3 minutes"},"schema":{"@context":"https:\/\/schema.org","@graph":[{"@type":"Article","@id":"https:\/\/www.ffmc72.fr\/site\/tour-de-france-des-vaches-a-lait-la-sarthe-vous-donne-rendez-vous-le-27-juin-a-sable-sur-sarthe\/#article","isPartOf":{"@id":"https:\/\/www.ffmc72.fr\/site\/tour-de-france-des-vaches-a-lait-la-sarthe-vous-donne-rendez-vous-le-27-juin-a-sable-sur-sarthe\/"},"author":{"name":"R G","@id":"https:\/\/www.ffmc72.fr\/site\/#\/schema\/person\/e534e5a954de4d861a155e8607164ea3"},"headline":"Tour de France des Vaches \u00e0 Lait, la Sarthe vous donne rendez-vous le 27 juin \u00e0 Sabl\u00e9-sur-sarthe","datePublished":"2024-06-25T09:57:46+00:00","dateModified":"2024-06-25T09:57:47+00:00","mainEntityOfPage":{"@id":"https:\/\/www.ffmc72.fr\/site\/tour-de-france-des-vaches-a-lait-la-sarthe-vous-donne-rendez-vous-le-27-juin-a-sable-sur-sarthe\/"},"wordCount":549,"publisher":{"@id":"https:\/\/www.ffmc72.fr\/site\/#organization"},"image":{"@id":"https:\/\/www.ffmc72.fr\/site\/tour-de-france-des-vaches-a-lait-la-sarthe-vous-donne-rendez-vous-le-27-juin-a-sable-sur-sarthe\/#primaryimage"},"thumbnailUrl":"https:\/\/www.ffmc72.fr\/site\/wp-content\/uploads\/2024\/06\/TDF-VAL-SARTHE-scaled.jpg","articleSection":["Divers"],"inLanguage":"fr-FR"},{"@type":"WebPage","@id":"https:\/\/www.ffmc72.fr\/site\/tour-de-france-des-vaches-a-lait-la-sarthe-vous-donne-rendez-vous-le-27-juin-a-sable-sur-sarthe\/","url":"https:\/\/www.ffmc72.fr\/site\/tour-de-france-des-vaches-a-lait-la-sarthe-vous-donne-rendez-vous-le-27-juin-a-sable-sur-sarthe\/","name":"FFMC 72 - Tour de France des Vaches \u00e0 Lait, la Sarthe vous donne rendez-vous le 27 juin \u00e0 Sabl\u00e9-sur-sarthe - FFMC 72 - F\u00e9d\u00e9ration Fran\u00e7aise des motards en col\u00e8res de la Sarthe - boycott contr\u00f4le technique moto, contre les ZFE, Adherer, nid de poule, infrastructure, action gazoil, consignes casques, 24h du mans, non au CT2RM, FFMC Sarthe, FFMC 72, F.F.M.C, ERJ, Le Mans, FFMC Le Mans, Veille sur les contr\u00f4les syst\u00e9matiques","isPartOf":{"@id":"https:\/\/www.ffmc72.fr\/site\/#website"},"primaryImageOfPage":{"@id":"https:\/\/www.ffmc72.fr\/site\/tour-de-france-des-vaches-a-lait-la-sarthe-vous-donne-rendez-vous-le-27-juin-a-sable-sur-sarthe\/#primaryimage"},"image":{"@id":"https:\/\/www.ffmc72.fr\/site\/tour-de-france-des-vaches-a-lait-la-sarthe-vous-donne-rendez-vous-le-27-juin-a-sable-sur-sarthe\/#primaryimage"},"thumbnailUrl":"https:\/\/www.ffmc72.fr\/site\/wp-content\/uploads\/2024\/06\/TDF-VAL-SARTHE-scaled.jpg","datePublished":"2024-06-25T09:57:46+00:00","dateModified":"2024-06-25T09:57:47+00:00","description":"FFMC 72 - Tour de France des Vaches \u00e0 Lait, la Sarthe vous donne rendez-vous le 27 juin \u00e0 Sabl\u00e9-sur-sarthe","breadcrumb":{"@id":"https:\/\/www.ffmc72.fr\/site\/tour-de-france-des-vaches-a-lait-la-sarthe-vous-donne-rendez-vous-le-27-juin-a-sable-sur-sarthe\/#breadcrumb"},"inLanguage":"fr-FR","potentialAction":[{"@type":"ReadAction","target":["https:\/\/www.ffmc72.fr\/site\/tour-de-france-des-vaches-a-lait-la-sarthe-vous-donne-rendez-vous-le-27-juin-a-sable-sur-sarthe\/"]}]},{"@type":"ImageObject","inLanguage":"fr-FR","@id":"https:\/\/www.ffmc72.fr\/site\/tour-de-france-des-vaches-a-lait-la-sarthe-vous-donne-rendez-vous-le-27-juin-a-sable-sur-sarthe\/#primaryimage","url":"https:\/\/www.ffmc72.fr\/site\/wp-content\/uploads\/2024\/06\/TDF-VAL-SARTHE-scaled.jpg","contentUrl":"https:\/\/www.ffmc72.fr\/site\/wp-content\/uploads\/2024\/06\/TDF-VAL-SARTHE-scaled.jpg","width":1854,"height":2560},{"@type":"BreadcrumbList","@id":"https:\/\/www.ffmc72.fr\/site\/tour-de-france-des-vaches-a-lait-la-sarthe-vous-donne-rendez-vous-le-27-juin-a-sable-sur-sarthe\/#breadcrumb","itemListElement":[{"@type":"ListItem","position":1,"name":"Accueil","item":"https:\/\/www.ffmc72.fr\/site\/"},{"@type":"ListItem","position":2,"name":"Tour de France des Vaches \u00e0 Lait, la Sarthe vous donne rendez-vous le 27 juin \u00e0 Sabl\u00e9-sur-sarthe"}]},{"@type":"WebSite","@id":"https:\/\/www.ffmc72.fr\/site\/#website","url":"https:\/\/www.ffmc72.fr\/site\/","name":"FFMC 72 - F\u00e9d\u00e9ration Fran\u00e7aise des motards en col\u00e8res de la Sarthe - boycott contr\u00f4le technique moto, contre les ZFE, Adherer, nid de poule, infrastructure, action gazoil, consignes casques, 24h du mans, non au CT2RM, FFMC Sarthe, FFMC 72, F.F.M.C, ERJ, Le Mans, FFMC Le Mans, Veille sur les contr\u00f4les syst\u00e9matiques","description":"Plus nombreux, plus fort, rejoint la FFMC","publisher":{"@id":"https:\/\/www.ffmc72.fr\/site\/#organization"},"alternateName":"FFMC 72","potentialAction":[{"@type":"SearchAction","target":{"@type":"EntryPoint","urlTemplate":"https:\/\/www.ffmc72.fr\/site\/?s={search_term_string}"},"query-input":{"@type":"PropertyValueSpecification","valueRequired":true,"valueName":"search_term_string"}}],"inLanguage":"fr-FR"},{"@type":"Organization","@id":"https:\/\/www.ffmc72.fr\/site\/#organization","name":"FFMC 72","url":"https:\/\/www.ffmc72.fr\/site\/","logo":{"@type":"ImageObject","inLanguage":"fr-FR","@id":"https:\/\/www.ffmc72.fr\/site\/#\/schema\/logo\/image\/","url":"https:\/\/www.ffmc72.fr\/site\/wp-content\/uploads\/2020\/05\/sticker-partenaire.jpg","contentUrl":"https:\/\/www.ffmc72.fr\/site\/wp-content\/uploads\/2020\/05\/sticker-partenaire.jpg","width":1024,"height":239,"caption":"FFMC 72"},"image":{"@id":"https:\/\/www.ffmc72.fr\/site\/#\/schema\/logo\/image\/"},"sameAs":["https:\/\/www.facebook.com\/ffmc72"]},{"@type":"Person","@id":"https:\/\/www.ffmc72.fr\/site\/#\/schema\/person\/e534e5a954de4d861a155e8607164ea3","name":"R G","image":{"@type":"ImageObject","inLanguage":"fr-FR","@id":"https:\/\/secure.gravatar.com\/avatar\/07ef0ebd2018ce6d2ba339e1b56a6fd0ee8dd691e014c409aa2721fafc4b5076?s=96&d=mm&r=g","url":"https:\/\/secure.gravatar.com\/avatar\/07ef0ebd2018ce6d2ba339e1b56a6fd0ee8dd691e014c409aa2721fafc4b5076?s=96&d=mm&r=g","contentUrl":"https:\/\/secure.gravatar.com\/avatar\/07ef0ebd2018ce6d2ba339e1b56a6fd0ee8dd691e014c409aa2721fafc4b5076?s=96&d=mm&r=g","caption":"R G"},"url":"https:\/\/www.ffmc72.fr\/site\/author\/r-guillemot\/"}]}},"_links":{"self":[{"href":"https:\/\/www.ffmc72.fr\/site\/wp-json\/wp\/v2\/posts\/2546","targetHints":{"allow":["GET"]}}],"collection":[{"href":"https:\/\/www.ffmc72.fr\/site\/wp-json\/wp\/v2\/posts"}],"about":[{"href":"https:\/\/www.ffmc72.fr\/site\/wp-json\/wp\/v2\/types\/post"}],"author":[{"embeddable":true,"href":"https:\/\/www.ffmc72.fr\/site\/wp-json\/wp\/v2\/users\/4"}],"replies":[{"embeddable":true,"href":"https:\/\/www.ffmc72.fr\/site\/wp-json\/wp\/v2\/comments?post=2546"}],"version-history":[{"count":2,"href":"https:\/\/www.ffmc72.fr\/site\/wp-json\/wp\/v2\/posts\/2546\/revisions"}],"predecessor-version":[{"id":2549,"href":"https:\/\/www.ffmc72.fr\/site\/wp-json\/wp\/v2\/posts\/2546\/revisions\/2549"}],"wp:featuredmedia":[{"embeddable":true,"href":"https:\/\/www.ffmc72.fr\/site\/wp-json\/wp\/v2\/media\/2547"}],"wp:attachment":[{"href":"https:\/\/www.ffmc72.fr\/site\/wp-json\/wp\/v2\/media?parent=2546"}],"wp:term":[{"taxonomy":"category","embeddable":true,"href":"https:\/\/www.ffmc72.fr\/site\/wp-json\/wp\/v2\/categories?post=2546"},{"taxonomy":"post_tag","embeddable":true,"href":"https:\/\/www.ffmc72.fr\/site\/wp-json\/wp\/v2\/tags?post=2546"}],"curies":[{"name":"wp","href":"https:\/\/api.w.org\/{rel}","templated":true}]}}