{"id":2531,"date":"2025-06-11T08:20:00","date_gmt":"2025-06-11T06:20:00","guid":{"rendered":"https:\/\/www.ffmc72.fr\/site\/?p=2531"},"modified":"2025-06-11T14:36:40","modified_gmt":"2025-06-11T12:36:40","slug":"profitez-du-parking-moto-et-de-la-consigne-casque-pour-les-24h-du-mans","status":"publish","type":"post","link":"https:\/\/www.ffmc72.fr\/site\/profitez-du-parking-moto-et-de-la-consigne-casque-pour-les-24h-du-mans\/","title":{"rendered":"Profitez du parking moto gratuit et de la consigne casque pour les 24H du Mans."},"content":{"rendered":"\n<figure class=\"wp-block-image size-large\"><a href=\"https:\/\/www.ffmc72.fr\/site\/wp-content\/uploads\/2024\/06\/24h-du-mans-2024-3.png\"><img loading=\"lazy\" decoding=\"async\" width=\"1024\" height=\"724\" src=\"https:\/\/www.ffmc72.fr\/site\/wp-content\/uploads\/2024\/06\/24h-du-mans-2024-3-1024x724.png\" alt=\"\" class=\"wp-image-2538\" srcset=\"https:\/\/www.ffmc72.fr\/site\/wp-content\/uploads\/2024\/06\/24h-du-mans-2024-3-1024x724.png 1024w, https:\/\/www.ffmc72.fr\/site\/wp-content\/uploads\/2024\/06\/24h-du-mans-2024-3-300x212.png 300w, https:\/\/www.ffmc72.fr\/site\/wp-content\/uploads\/2024\/06\/24h-du-mans-2024-3-768x543.png 768w, https:\/\/www.ffmc72.fr\/site\/wp-content\/uploads\/2024\/06\/24h-du-mans-2024-3-1536x1086.png 1536w, https:\/\/www.ffmc72.fr\/site\/wp-content\/uploads\/2024\/06\/24h-du-mans-2024-3-2048x1448.png 2048w, https:\/\/www.ffmc72.fr\/site\/wp-content\/uploads\/2024\/06\/24h-du-mans-2024-3-450x318.png 450w, https:\/\/www.ffmc72.fr\/site\/wp-content\/uploads\/2024\/06\/24h-du-mans-2024-3-150x106.png 150w\" sizes=\"auto, (max-width: 1024px) 100vw, 1024px\" \/><\/a><\/figure>\n\n\n\n<p>Cette ann\u00e9e, <strong>pour les 24H du Mans 2025,<\/strong><br \/><br \/>Profitez du parking surveill\u00e9 sp\u00e9cialement d\u00e9di\u00e9 aux motos afin de venir sereinement profiter de l&rsquo;\u00e9v\u00e9nement.<br \/><br \/>Ce parking sera situ\u00e9, dans la zone verte, proche de l\u2019entr\u00e9e EST, du Parking VIP\/PMR (M1) et des aires d\u2019accueil du Houx\/Antares SUD.<br \/><br \/>(Habituellement le Parking Relais de la SETRAM).<br \/><br \/><strong>Mais, comme l\u2019an dernier, la signalisation vers le parking moto gratuit n\u2019est pas optimale\u2026 On va essayer d\u2019y rem\u00e9dier pour vous simplifier l\u2019arriv\u00e9e !&nbsp;<\/strong><\/p>\n\n\n\n<p>Pour y acc\u00e9der au parking, rien de plus simple :<\/p>\n\n\n\n<p><strong>Suivez les panneaux \u00ab&nbsp;VERT&nbsp;\u00bb, \u00ab&nbsp;M1&nbsp;\u00bb ou encore \u00ab&nbsp;V\u00e9lo&nbsp;\u00bb.<br \/><\/strong><br \/>Le parking se trouve en face du terminus du tramway, \u00e0 c\u00f4t\u00e9 de la salle Antar\u00e8s.<br \/>Vous pouvez \u00e9galement utiliser le lien Waze mis \u00e0 disposition par l\u2019ACO pour vous y rendre facilement :<br \/><img decoding=\"async\" alt=\"\ud83d\udc49\" src=\"https:\/\/fonts.gstatic.com\/s\/e\/notoemoji\/16.0\/1f449\/32.png\"\/>&nbsp;<a href=\"https:\/\/ul.waze.com\/ul?ll=47.95562684%2C0.22309806&amp;navigate=yes&amp;utm_campaign=default&amp;utm_source=waze_website&amp;utm_medium=lm_share_location\" target=\"_blank\" rel=\"noreferrer noopener\">https:\/\/ul.waze.com\/ul?ll=47.95562684%2C0.22309806&amp;navigate=yes&amp;utm_campaign=default&amp;utm_source=waze_website&amp;utm_medium=lm_share_location<\/a><br \/>Google Maps :<br \/><img decoding=\"async\" alt=\"\ud83d\udc49\" src=\"https:\/\/fonts.gstatic.com\/s\/e\/notoemoji\/16.0\/1f449\/32.png\"\/>&nbsp;<a href=\"https:\/\/maps.app.goo.gl\/77zj3YHqEFDmLGXf6\" target=\"_blank\" rel=\"noreferrer noopener\">https:\/\/maps.app.goo.gl\/77zj3YHqEFDmLGXf6<\/a><\/p>\n\n\n\n<p><\/p>\n\n\n<div class=\"wp-block-image\">\n<figure class=\"aligncenter size-full\"><a href=\"https:\/\/www.ffmc72.fr\/site\/wp-content\/uploads\/2024\/06\/Capture-decran-2024-06-11-085442-1.png\"><img loading=\"lazy\" decoding=\"async\" width=\"585\" height=\"413\" src=\"https:\/\/www.ffmc72.fr\/site\/wp-content\/uploads\/2024\/06\/Capture-decran-2024-06-11-085442-1.png\" alt=\"\" class=\"wp-image-2540\" srcset=\"https:\/\/www.ffmc72.fr\/site\/wp-content\/uploads\/2024\/06\/Capture-decran-2024-06-11-085442-1.png 585w, https:\/\/www.ffmc72.fr\/site\/wp-content\/uploads\/2024\/06\/Capture-decran-2024-06-11-085442-1-300x212.png 300w, https:\/\/www.ffmc72.fr\/site\/wp-content\/uploads\/2024\/06\/Capture-decran-2024-06-11-085442-1-450x318.png 450w, https:\/\/www.ffmc72.fr\/site\/wp-content\/uploads\/2024\/06\/Capture-decran-2024-06-11-085442-1-150x106.png 150w\" sizes=\"auto, (max-width: 585px) 100vw, 585px\" \/><\/a><\/figure>\n<\/div>\n\n\n<p><\/p>\n\n\n\n<p><img decoding=\"async\" src=\"https:\/\/fonts.gstatic.com\/s\/e\/notoemoji\/16.0\/1f4cd\/32.png\" alt=\"\ud83d\udccd\"\/>C\u2019est sur ce parking que vous trouverez notre consigne casque, tenu par les b\u00e9n\u00e9voles de la FFMC 72.<br \/><br \/>Nous prendrons en charge le stockage de vos objets encombrants (casque, veste, sac \u00e0 dos) en l\u2019\u00e9change de 1\u20ac par d\u00e9p\u00f4t jusqu&rsquo;\u00e0 r\u00e9cup\u00e9ration et dans la limite de nos horaires d&rsquo;ouverture, afin que votre passage sur le circuit se fasse dans les meilleurs conditions possible.<br \/><br \/>\ud83d\udcb3&nbsp;<strong>Nouveaut\u00e9 2025 : paiement par carte bancaire possible !<\/strong><br \/><br \/>Bien s\u00fbr cette offre est \u00e9galement valable \u00e0 tous les visiteurs.<br \/><br \/>Nous serons ouvert :<\/p>\n\n\n\n<p><strong>Mardi 10 : de 12H00 \u00e0 21H00<\/strong><br \/><strong>Mercredi 11 : de 08H00 \u00e0 00H30<\/strong><br \/><strong>Jeudi 12 : de 08H00 \u00e0 <\/strong><strong>00H30<\/strong><br \/><strong>Vendredi 13 : de 08H00 \u00e0 <\/strong><strong>00H30<\/strong><br \/><strong>Samedi \u00e0 Dimanche : de 8H00 le samedi \u00e0 17H00 Dimanche non-stop<\/strong><br \/><br \/><br \/>L&rsquo;\u00e9quipe de la FFMC 72<\/p>\n","protected":false},"excerpt":{"rendered":"<p>Cette ann\u00e9e, pour les 24H du Mans 2025, Profitez du parking surveill\u00e9 sp\u00e9cialement d\u00e9di\u00e9 aux motos afin de venir sereinement profiter de l&rsquo;\u00e9v\u00e9nement. Ce parking sera situ\u00e9, dans la zone verte, proche de l\u2019entr\u00e9e EST, du Parking VIP\/PMR (M1) et des aires d\u2019accueil du Houx\/Antares SUD. (Habituellement le Parking Relais de la SETRAM). Mais, comme l\u2019an dernier, la signalisation vers le parking moto gratuit n\u2019est pas optimale\u2026 On va essayer d\u2019y rem\u00e9dier pour vous simplifier l\u2019arriv\u00e9e !&nbsp; Pour y acc\u00e9der au parking, rien de plus simple : Suivez les panneaux \u00ab&nbsp;VERT&nbsp;\u00bb, \u00ab&nbsp;M1&nbsp;\u00bb ou encore \u00ab&nbsp;V\u00e9lo&nbsp;\u00bb.Le parking se trouve en face&#8230;<\/p>\n<p class=\"continue-reading-button\"> <a class=\"continue-reading-link\" href=\"https:\/\/www.ffmc72.fr\/site\/profitez-du-parking-moto-et-de-la-consigne-casque-pour-les-24h-du-mans\/\">Continuer \u00e0 lire<i class=\"crycon-right-dir\"><\/i><\/a><\/p>\n","protected":false},"author":4,"featured_media":2533,"comment_status":"closed","ping_status":"closed","sticky":false,"template":"","format":"standard","meta":{"footnotes":""},"categories":[4],"tags":[],"class_list":["post-2531","post","type-post","status-publish","format-standard","has-post-thumbnail","hentry","category-divers"],"yoast_head":"<!-- This site is optimized with the Yoast SEO plugin v27.5 - https:\/\/yoast.com\/product\/yoast-seo-wordpress\/ -->\n<title>FFMC 72 - Profitez du parking moto gratuit et de la consigne casque pour les 24H du Mans. - FFMC 72 - F\u00e9d\u00e9ration Fran\u00e7aise des motards en col\u00e8res de la Sarthe - boycott contr\u00f4le technique moto, contre les ZFE, Adherer, nid de poule, infrastructure, action gazoil, consignes casques, 24h du mans, non au CT2RM, FFMC Sarthe, FFMC 72, F.F.M.C, ERJ, Le Mans, FFMC Le Mans, Veille sur les contr\u00f4les syst\u00e9matiques 24 heures du Mans - consigne - parking motos gratuit - d\u00e9p\u00f4t veste - casier casques - d\u00e9p\u00f4t bagage<\/title>\n<meta name=\"description\" content=\"Le parking et la consigne casque sera situ\u00e9 \u00e0 l\u2019emplacement M3, au parking relais de la SETRAM d&#039;Antares dans la zone verte, proche de l\u2019entr\u00e9e EST et du Parking VIP\/PMR (M1). 1\u20ac par objet et par jour.\" \/>\n<meta name=\"robots\" content=\"index, follow, max-snippet:-1, max-image-preview:large, max-video-preview:-1\" \/>\n<link rel=\"canonical\" href=\"https:\/\/www.ffmc72.fr\/site\/profitez-du-parking-moto-et-de-la-consigne-casque-pour-les-24h-du-mans\/\" \/>\n<meta property=\"og:locale\" content=\"fr_FR\" \/>\n<meta property=\"og:type\" content=\"article\" \/>\n<meta property=\"og:title\" content=\"Profitez du parking moto et de la consigne casque au centenaire des 24H du Mans.\" \/>\n<meta property=\"og:description\" content=\"Le parking et la consigne casque sera situ\u00e9 \u00e0 l\u2019emplacement M3, au parking relais de la SETRAM d&#039;Antares dans la zone verte, proche de l\u2019entr\u00e9e EST et du Parking VIP\/PMR (M1). 1\u20ac par objet\/jour.\" \/>\n<meta property=\"og:url\" content=\"https:\/\/www.ffmc72.fr\/site\/profitez-du-parking-moto-et-de-la-consigne-casque-pour-les-24h-du-mans\/\" \/>\n<meta property=\"og:site_name\" content=\"FFMC 72 - F\u00e9d\u00e9ration Fran\u00e7aise des motards en col\u00e8res de la Sarthe - boycott contr\u00f4le technique moto, contre les ZFE, Adherer, nid de poule, infrastructure, action gazoil, consignes casques, 24h du mans, non au CT2RM, FFMC Sarthe, FFMC 72, F.F.M.C, ERJ, Le Mans, FFMC Le Mans, Veille sur les contr\u00f4les syst\u00e9matiques\" \/>\n<meta property=\"article:publisher\" content=\"https:\/\/www.facebook.com\/ffmc72\" \/>\n<meta property=\"article:published_time\" content=\"2025-06-11T06:20:00+00:00\" \/>\n<meta property=\"article:modified_time\" content=\"2025-06-11T12:36:40+00:00\" \/>\n<meta property=\"og:image\" content=\"https:\/\/www.ffmc72.fr\/site\/wp-content\/uploads\/2024\/06\/24h-du-mans-2024-2-1024x724.png\" \/>\n\t<meta property=\"og:image:width\" content=\"1024\" \/>\n\t<meta property=\"og:image:height\" content=\"724\" \/>\n\t<meta property=\"og:image:type\" content=\"image\/png\" \/>\n<meta name=\"author\" content=\"R G\" \/>\n<meta name=\"twitter:card\" content=\"summary_large_image\" \/>\n<meta name=\"twitter:title\" content=\"Profitez du parking moto et de la consigne casque au centenaire des 24H du Mans.\" \/>\n<meta name=\"twitter:description\" content=\"Le parking et la consigne casque sera situ\u00e9 \u00e0 l\u2019emplacement M3, au parking relais de la SETRAM d&#039;Antares dans la zone verte, proche de l\u2019entr\u00e9e EST et du Parking VIP\/PMR (M1). 1\u20ac par objet\/jour.\" \/>\n<meta name=\"twitter:image\" content=\"https:\/\/www.ffmc72.fr\/site\/wp-content\/uploads\/2024\/06\/24h-du-mans-2024-3.png\" \/>\n<meta name=\"twitter:label1\" content=\"\u00c9crit par\" \/>\n\t<meta name=\"twitter:data1\" content=\"R G\" \/>\n\t<meta name=\"twitter:label2\" content=\"Dur\u00e9e de lecture estim\u00e9e\" \/>\n\t<meta name=\"twitter:data2\" content=\"3 minutes\" \/>\n<script type=\"application\/ld+json\" class=\"yoast-schema-graph\">{\"@context\":\"https:\\\/\\\/schema.org\",\"@graph\":[{\"@type\":\"Article\",\"@id\":\"https:\\\/\\\/www.ffmc72.fr\\\/site\\\/profitez-du-parking-moto-et-de-la-consigne-casque-pour-les-24h-du-mans\\\/#article\",\"isPartOf\":{\"@id\":\"https:\\\/\\\/www.ffmc72.fr\\\/site\\\/profitez-du-parking-moto-et-de-la-consigne-casque-pour-les-24h-du-mans\\\/\"},\"author\":{\"name\":\"R G\",\"@id\":\"https:\\\/\\\/www.ffmc72.fr\\\/site\\\/#\\\/schema\\\/person\\\/e534e5a954de4d861a155e8607164ea3\"},\"headline\":\"Profitez du parking moto gratuit et de la consigne casque pour les 24H du Mans.\",\"datePublished\":\"2025-06-11T06:20:00+00:00\",\"dateModified\":\"2025-06-11T12:36:40+00:00\",\"mainEntityOfPage\":{\"@id\":\"https:\\\/\\\/www.ffmc72.fr\\\/site\\\/profitez-du-parking-moto-et-de-la-consigne-casque-pour-les-24h-du-mans\\\/\"},\"wordCount\":322,\"publisher\":{\"@id\":\"https:\\\/\\\/www.ffmc72.fr\\\/site\\\/#organization\"},\"image\":{\"@id\":\"https:\\\/\\\/www.ffmc72.fr\\\/site\\\/profitez-du-parking-moto-et-de-la-consigne-casque-pour-les-24h-du-mans\\\/#primaryimage\"},\"thumbnailUrl\":\"https:\\\/\\\/www.ffmc72.fr\\\/site\\\/wp-content\\\/uploads\\\/2024\\\/06\\\/24h-du-mans-2024-1.png\",\"articleSection\":[\"Divers\"],\"inLanguage\":\"fr-FR\"},{\"@type\":\"WebPage\",\"@id\":\"https:\\\/\\\/www.ffmc72.fr\\\/site\\\/profitez-du-parking-moto-et-de-la-consigne-casque-pour-les-24h-du-mans\\\/\",\"url\":\"https:\\\/\\\/www.ffmc72.fr\\\/site\\\/profitez-du-parking-moto-et-de-la-consigne-casque-pour-les-24h-du-mans\\\/\",\"name\":\"FFMC 72 - Profitez du parking moto gratuit et de la consigne casque pour les 24H du Mans. - FFMC 72 - F\u00e9d\u00e9ration Fran\u00e7aise des motards en col\u00e8res de la Sarthe - boycott contr\u00f4le technique moto, contre les ZFE, Adherer, nid de poule, infrastructure, action gazoil, consignes casques, 24h du mans, non au CT2RM, FFMC Sarthe, FFMC 72, F.F.M.C, ERJ, Le Mans, FFMC Le Mans, Veille sur les contr\u00f4les syst\u00e9matiques 24 heures du Mans - consigne - parking motos gratuit - d\u00e9p\u00f4t veste - casier casques - d\u00e9p\u00f4t bagage\",\"isPartOf\":{\"@id\":\"https:\\\/\\\/www.ffmc72.fr\\\/site\\\/#website\"},\"primaryImageOfPage\":{\"@id\":\"https:\\\/\\\/www.ffmc72.fr\\\/site\\\/profitez-du-parking-moto-et-de-la-consigne-casque-pour-les-24h-du-mans\\\/#primaryimage\"},\"image\":{\"@id\":\"https:\\\/\\\/www.ffmc72.fr\\\/site\\\/profitez-du-parking-moto-et-de-la-consigne-casque-pour-les-24h-du-mans\\\/#primaryimage\"},\"thumbnailUrl\":\"https:\\\/\\\/www.ffmc72.fr\\\/site\\\/wp-content\\\/uploads\\\/2024\\\/06\\\/24h-du-mans-2024-1.png\",\"datePublished\":\"2025-06-11T06:20:00+00:00\",\"dateModified\":\"2025-06-11T12:36:40+00:00\",\"description\":\"Le parking et la consigne casque sera situ\u00e9 \u00e0 l\u2019emplacement M3, au parking relais de la SETRAM d'Antares dans la zone verte, proche de l\u2019entr\u00e9e EST et du Parking VIP\\\/PMR (M1). 1\u20ac par objet et par jour.\",\"breadcrumb\":{\"@id\":\"https:\\\/\\\/www.ffmc72.fr\\\/site\\\/profitez-du-parking-moto-et-de-la-consigne-casque-pour-les-24h-du-mans\\\/#breadcrumb\"},\"inLanguage\":\"fr-FR\",\"potentialAction\":[{\"@type\":\"ReadAction\",\"target\":[\"https:\\\/\\\/www.ffmc72.fr\\\/site\\\/profitez-du-parking-moto-et-de-la-consigne-casque-pour-les-24h-du-mans\\\/\"]}]},{\"@type\":\"ImageObject\",\"inLanguage\":\"fr-FR\",\"@id\":\"https:\\\/\\\/www.ffmc72.fr\\\/site\\\/profitez-du-parking-moto-et-de-la-consigne-casque-pour-les-24h-du-mans\\\/#primaryimage\",\"url\":\"https:\\\/\\\/www.ffmc72.fr\\\/site\\\/wp-content\\\/uploads\\\/2024\\\/06\\\/24h-du-mans-2024-1.png\",\"contentUrl\":\"https:\\\/\\\/www.ffmc72.fr\\\/site\\\/wp-content\\\/uploads\\\/2024\\\/06\\\/24h-du-mans-2024-1.png\",\"width\":3508,\"height\":2480},{\"@type\":\"BreadcrumbList\",\"@id\":\"https:\\\/\\\/www.ffmc72.fr\\\/site\\\/profitez-du-parking-moto-et-de-la-consigne-casque-pour-les-24h-du-mans\\\/#breadcrumb\",\"itemListElement\":[{\"@type\":\"ListItem\",\"position\":1,\"name\":\"Accueil\",\"item\":\"https:\\\/\\\/www.ffmc72.fr\\\/site\\\/\"},{\"@type\":\"ListItem\",\"position\":2,\"name\":\"Profitez du parking moto gratuit et de la consigne casque pour les 24H du Mans.\"}]},{\"@type\":\"WebSite\",\"@id\":\"https:\\\/\\\/www.ffmc72.fr\\\/site\\\/#website\",\"url\":\"https:\\\/\\\/www.ffmc72.fr\\\/site\\\/\",\"name\":\"FFMC 72 - F\u00e9d\u00e9ration Fran\u00e7aise des motards en col\u00e8res de la Sarthe - boycott contr\u00f4le technique moto, contre les ZFE, Adherer, nid de poule, infrastructure, action gazoil, consignes casques, 24h du mans, non au CT2RM, FFMC Sarthe, FFMC 72, F.F.M.C, ERJ, Le Mans, FFMC Le Mans, Veille sur les contr\u00f4les syst\u00e9matiques\",\"description\":\"Plus nombreux, plus fort, rejoint la FFMC\",\"publisher\":{\"@id\":\"https:\\\/\\\/www.ffmc72.fr\\\/site\\\/#organization\"},\"alternateName\":\"FFMC 72\",\"potentialAction\":[{\"@type\":\"SearchAction\",\"target\":{\"@type\":\"EntryPoint\",\"urlTemplate\":\"https:\\\/\\\/www.ffmc72.fr\\\/site\\\/?s={search_term_string}\"},\"query-input\":{\"@type\":\"PropertyValueSpecification\",\"valueRequired\":true,\"valueName\":\"search_term_string\"}}],\"inLanguage\":\"fr-FR\"},{\"@type\":\"Organization\",\"@id\":\"https:\\\/\\\/www.ffmc72.fr\\\/site\\\/#organization\",\"name\":\"FFMC 72\",\"url\":\"https:\\\/\\\/www.ffmc72.fr\\\/site\\\/\",\"logo\":{\"@type\":\"ImageObject\",\"inLanguage\":\"fr-FR\",\"@id\":\"https:\\\/\\\/www.ffmc72.fr\\\/site\\\/#\\\/schema\\\/logo\\\/image\\\/\",\"url\":\"https:\\\/\\\/www.ffmc72.fr\\\/site\\\/wp-content\\\/uploads\\\/2020\\\/05\\\/sticker-partenaire.jpg\",\"contentUrl\":\"https:\\\/\\\/www.ffmc72.fr\\\/site\\\/wp-content\\\/uploads\\\/2020\\\/05\\\/sticker-partenaire.jpg\",\"width\":1024,\"height\":239,\"caption\":\"FFMC 72\"},\"image\":{\"@id\":\"https:\\\/\\\/www.ffmc72.fr\\\/site\\\/#\\\/schema\\\/logo\\\/image\\\/\"},\"sameAs\":[\"https:\\\/\\\/www.facebook.com\\\/ffmc72\"]},{\"@type\":\"Person\",\"@id\":\"https:\\\/\\\/www.ffmc72.fr\\\/site\\\/#\\\/schema\\\/person\\\/e534e5a954de4d861a155e8607164ea3\",\"name\":\"R G\",\"image\":{\"@type\":\"ImageObject\",\"inLanguage\":\"fr-FR\",\"@id\":\"https:\\\/\\\/secure.gravatar.com\\\/avatar\\\/07ef0ebd2018ce6d2ba339e1b56a6fd0ee8dd691e014c409aa2721fafc4b5076?s=96&d=mm&r=g\",\"url\":\"https:\\\/\\\/secure.gravatar.com\\\/avatar\\\/07ef0ebd2018ce6d2ba339e1b56a6fd0ee8dd691e014c409aa2721fafc4b5076?s=96&d=mm&r=g\",\"contentUrl\":\"https:\\\/\\\/secure.gravatar.com\\\/avatar\\\/07ef0ebd2018ce6d2ba339e1b56a6fd0ee8dd691e014c409aa2721fafc4b5076?s=96&d=mm&r=g\",\"caption\":\"R G\"},\"url\":\"https:\\\/\\\/www.ffmc72.fr\\\/site\\\/author\\\/r-guillemot\\\/\"}]}<\/script>\n<!-- \/ Yoast SEO plugin. -->","yoast_head_json":{"title":"FFMC 72 - Profitez du parking moto gratuit et de la consigne casque pour les 24H du Mans. - FFMC 72 - F\u00e9d\u00e9ration Fran\u00e7aise des motards en col\u00e8res de la Sarthe - boycott contr\u00f4le technique moto, contre les ZFE, Adherer, nid de poule, infrastructure, action gazoil, consignes casques, 24h du mans, non au CT2RM, FFMC Sarthe, FFMC 72, F.F.M.C, ERJ, Le Mans, FFMC Le Mans, Veille sur les contr\u00f4les syst\u00e9matiques 24 heures du Mans - consigne - parking motos gratuit - d\u00e9p\u00f4t veste - casier casques - d\u00e9p\u00f4t bagage","description":"Le parking et la consigne casque sera situ\u00e9 \u00e0 l\u2019emplacement M3, au parking relais de la SETRAM d'Antares dans la zone verte, proche de l\u2019entr\u00e9e EST et du Parking VIP\/PMR (M1). 1\u20ac par objet et par jour.","robots":{"index":"index","follow":"follow","max-snippet":"max-snippet:-1","max-image-preview":"max-image-preview:large","max-video-preview":"max-video-preview:-1"},"canonical":"https:\/\/www.ffmc72.fr\/site\/profitez-du-parking-moto-et-de-la-consigne-casque-pour-les-24h-du-mans\/","og_locale":"fr_FR","og_type":"article","og_title":"Profitez du parking moto et de la consigne casque au centenaire des 24H du Mans.","og_description":"Le parking et la consigne casque sera situ\u00e9 \u00e0 l\u2019emplacement M3, au parking relais de la SETRAM d'Antares dans la zone verte, proche de l\u2019entr\u00e9e EST et du Parking VIP\/PMR (M1). 1\u20ac par objet\/jour.","og_url":"https:\/\/www.ffmc72.fr\/site\/profitez-du-parking-moto-et-de-la-consigne-casque-pour-les-24h-du-mans\/","og_site_name":"FFMC 72 - F\u00e9d\u00e9ration Fran\u00e7aise des motards en col\u00e8res de la Sarthe - boycott contr\u00f4le technique moto, contre les ZFE, Adherer, nid de poule, infrastructure, action gazoil, consignes casques, 24h du mans, non au CT2RM, FFMC Sarthe, FFMC 72, F.F.M.C, ERJ, Le Mans, FFMC Le Mans, Veille sur les contr\u00f4les syst\u00e9matiques","article_publisher":"https:\/\/www.facebook.com\/ffmc72","article_published_time":"2025-06-11T06:20:00+00:00","article_modified_time":"2025-06-11T12:36:40+00:00","og_image":[{"width":1024,"height":724,"url":"https:\/\/www.ffmc72.fr\/site\/wp-content\/uploads\/2024\/06\/24h-du-mans-2024-2-1024x724.png","type":"image\/png"}],"author":"R G","twitter_card":"summary_large_image","twitter_title":"Profitez du parking moto et de la consigne casque au centenaire des 24H du Mans.","twitter_description":"Le parking et la consigne casque sera situ\u00e9 \u00e0 l\u2019emplacement M3, au parking relais de la SETRAM d'Antares dans la zone verte, proche de l\u2019entr\u00e9e EST et du Parking VIP\/PMR (M1). 1\u20ac par objet\/jour.","twitter_image":"https:\/\/www.ffmc72.fr\/site\/wp-content\/uploads\/2024\/06\/24h-du-mans-2024-3.png","twitter_misc":{"\u00c9crit par":"R G","Dur\u00e9e de lecture estim\u00e9e":"3 minutes"},"schema":{"@context":"https:\/\/schema.org","@graph":[{"@type":"Article","@id":"https:\/\/www.ffmc72.fr\/site\/profitez-du-parking-moto-et-de-la-consigne-casque-pour-les-24h-du-mans\/#article","isPartOf":{"@id":"https:\/\/www.ffmc72.fr\/site\/profitez-du-parking-moto-et-de-la-consigne-casque-pour-les-24h-du-mans\/"},"author":{"name":"R G","@id":"https:\/\/www.ffmc72.fr\/site\/#\/schema\/person\/e534e5a954de4d861a155e8607164ea3"},"headline":"Profitez du parking moto gratuit et de la consigne casque pour les 24H du Mans.","datePublished":"2025-06-11T06:20:00+00:00","dateModified":"2025-06-11T12:36:40+00:00","mainEntityOfPage":{"@id":"https:\/\/www.ffmc72.fr\/site\/profitez-du-parking-moto-et-de-la-consigne-casque-pour-les-24h-du-mans\/"},"wordCount":322,"publisher":{"@id":"https:\/\/www.ffmc72.fr\/site\/#organization"},"image":{"@id":"https:\/\/www.ffmc72.fr\/site\/profitez-du-parking-moto-et-de-la-consigne-casque-pour-les-24h-du-mans\/#primaryimage"},"thumbnailUrl":"https:\/\/www.ffmc72.fr\/site\/wp-content\/uploads\/2024\/06\/24h-du-mans-2024-1.png","articleSection":["Divers"],"inLanguage":"fr-FR"},{"@type":"WebPage","@id":"https:\/\/www.ffmc72.fr\/site\/profitez-du-parking-moto-et-de-la-consigne-casque-pour-les-24h-du-mans\/","url":"https:\/\/www.ffmc72.fr\/site\/profitez-du-parking-moto-et-de-la-consigne-casque-pour-les-24h-du-mans\/","name":"FFMC 72 - Profitez du parking moto gratuit et de la consigne casque pour les 24H du Mans. - FFMC 72 - F\u00e9d\u00e9ration Fran\u00e7aise des motards en col\u00e8res de la Sarthe - boycott contr\u00f4le technique moto, contre les ZFE, Adherer, nid de poule, infrastructure, action gazoil, consignes casques, 24h du mans, non au CT2RM, FFMC Sarthe, FFMC 72, F.F.M.C, ERJ, Le Mans, FFMC Le Mans, Veille sur les contr\u00f4les syst\u00e9matiques 24 heures du Mans - consigne - parking motos gratuit - d\u00e9p\u00f4t veste - casier casques - d\u00e9p\u00f4t bagage","isPartOf":{"@id":"https:\/\/www.ffmc72.fr\/site\/#website"},"primaryImageOfPage":{"@id":"https:\/\/www.ffmc72.fr\/site\/profitez-du-parking-moto-et-de-la-consigne-casque-pour-les-24h-du-mans\/#primaryimage"},"image":{"@id":"https:\/\/www.ffmc72.fr\/site\/profitez-du-parking-moto-et-de-la-consigne-casque-pour-les-24h-du-mans\/#primaryimage"},"thumbnailUrl":"https:\/\/www.ffmc72.fr\/site\/wp-content\/uploads\/2024\/06\/24h-du-mans-2024-1.png","datePublished":"2025-06-11T06:20:00+00:00","dateModified":"2025-06-11T12:36:40+00:00","description":"Le parking et la consigne casque sera situ\u00e9 \u00e0 l\u2019emplacement M3, au parking relais de la SETRAM d'Antares dans la zone verte, proche de l\u2019entr\u00e9e EST et du Parking VIP\/PMR (M1). 1\u20ac par objet et par jour.","breadcrumb":{"@id":"https:\/\/www.ffmc72.fr\/site\/profitez-du-parking-moto-et-de-la-consigne-casque-pour-les-24h-du-mans\/#breadcrumb"},"inLanguage":"fr-FR","potentialAction":[{"@type":"ReadAction","target":["https:\/\/www.ffmc72.fr\/site\/profitez-du-parking-moto-et-de-la-consigne-casque-pour-les-24h-du-mans\/"]}]},{"@type":"ImageObject","inLanguage":"fr-FR","@id":"https:\/\/www.ffmc72.fr\/site\/profitez-du-parking-moto-et-de-la-consigne-casque-pour-les-24h-du-mans\/#primaryimage","url":"https:\/\/www.ffmc72.fr\/site\/wp-content\/uploads\/2024\/06\/24h-du-mans-2024-1.png","contentUrl":"https:\/\/www.ffmc72.fr\/site\/wp-content\/uploads\/2024\/06\/24h-du-mans-2024-1.png","width":3508,"height":2480},{"@type":"BreadcrumbList","@id":"https:\/\/www.ffmc72.fr\/site\/profitez-du-parking-moto-et-de-la-consigne-casque-pour-les-24h-du-mans\/#breadcrumb","itemListElement":[{"@type":"ListItem","position":1,"name":"Accueil","item":"https:\/\/www.ffmc72.fr\/site\/"},{"@type":"ListItem","position":2,"name":"Profitez du parking moto gratuit et de la consigne casque pour les 24H du Mans."}]},{"@type":"WebSite","@id":"https:\/\/www.ffmc72.fr\/site\/#website","url":"https:\/\/www.ffmc72.fr\/site\/","name":"FFMC 72 - F\u00e9d\u00e9ration Fran\u00e7aise des motards en col\u00e8res de la Sarthe - boycott contr\u00f4le technique moto, contre les ZFE, Adherer, nid de poule, infrastructure, action gazoil, consignes casques, 24h du mans, non au CT2RM, FFMC Sarthe, FFMC 72, F.F.M.C, ERJ, Le Mans, FFMC Le Mans, Veille sur les contr\u00f4les syst\u00e9matiques","description":"Plus nombreux, plus fort, rejoint la FFMC","publisher":{"@id":"https:\/\/www.ffmc72.fr\/site\/#organization"},"alternateName":"FFMC 72","potentialAction":[{"@type":"SearchAction","target":{"@type":"EntryPoint","urlTemplate":"https:\/\/www.ffmc72.fr\/site\/?s={search_term_string}"},"query-input":{"@type":"PropertyValueSpecification","valueRequired":true,"valueName":"search_term_string"}}],"inLanguage":"fr-FR"},{"@type":"Organization","@id":"https:\/\/www.ffmc72.fr\/site\/#organization","name":"FFMC 72","url":"https:\/\/www.ffmc72.fr\/site\/","logo":{"@type":"ImageObject","inLanguage":"fr-FR","@id":"https:\/\/www.ffmc72.fr\/site\/#\/schema\/logo\/image\/","url":"https:\/\/www.ffmc72.fr\/site\/wp-content\/uploads\/2020\/05\/sticker-partenaire.jpg","contentUrl":"https:\/\/www.ffmc72.fr\/site\/wp-content\/uploads\/2020\/05\/sticker-partenaire.jpg","width":1024,"height":239,"caption":"FFMC 72"},"image":{"@id":"https:\/\/www.ffmc72.fr\/site\/#\/schema\/logo\/image\/"},"sameAs":["https:\/\/www.facebook.com\/ffmc72"]},{"@type":"Person","@id":"https:\/\/www.ffmc72.fr\/site\/#\/schema\/person\/e534e5a954de4d861a155e8607164ea3","name":"R G","image":{"@type":"ImageObject","inLanguage":"fr-FR","@id":"https:\/\/secure.gravatar.com\/avatar\/07ef0ebd2018ce6d2ba339e1b56a6fd0ee8dd691e014c409aa2721fafc4b5076?s=96&d=mm&r=g","url":"https:\/\/secure.gravatar.com\/avatar\/07ef0ebd2018ce6d2ba339e1b56a6fd0ee8dd691e014c409aa2721fafc4b5076?s=96&d=mm&r=g","contentUrl":"https:\/\/secure.gravatar.com\/avatar\/07ef0ebd2018ce6d2ba339e1b56a6fd0ee8dd691e014c409aa2721fafc4b5076?s=96&d=mm&r=g","caption":"R G"},"url":"https:\/\/www.ffmc72.fr\/site\/author\/r-guillemot\/"}]}},"_links":{"self":[{"href":"https:\/\/www.ffmc72.fr\/site\/wp-json\/wp\/v2\/posts\/2531","targetHints":{"allow":["GET"]}}],"collection":[{"href":"https:\/\/www.ffmc72.fr\/site\/wp-json\/wp\/v2\/posts"}],"about":[{"href":"https:\/\/www.ffmc72.fr\/site\/wp-json\/wp\/v2\/types\/post"}],"author":[{"embeddable":true,"href":"https:\/\/www.ffmc72.fr\/site\/wp-json\/wp\/v2\/users\/4"}],"replies":[{"embeddable":true,"href":"https:\/\/www.ffmc72.fr\/site\/wp-json\/wp\/v2\/comments?post=2531"}],"version-history":[{"count":9,"href":"https:\/\/www.ffmc72.fr\/site\/wp-json\/wp\/v2\/posts\/2531\/revisions"}],"predecessor-version":[{"id":2826,"href":"https:\/\/www.ffmc72.fr\/site\/wp-json\/wp\/v2\/posts\/2531\/revisions\/2826"}],"wp:featuredmedia":[{"embeddable":true,"href":"https:\/\/www.ffmc72.fr\/site\/wp-json\/wp\/v2\/media\/2533"}],"wp:attachment":[{"href":"https:\/\/www.ffmc72.fr\/site\/wp-json\/wp\/v2\/media?parent=2531"}],"wp:term":[{"taxonomy":"category","embeddable":true,"href":"https:\/\/www.ffmc72.fr\/site\/wp-json\/wp\/v2\/categories?post=2531"},{"taxonomy":"post_tag","embeddable":true,"href":"https:\/\/www.ffmc72.fr\/site\/wp-json\/wp\/v2\/tags?post=2531"}],"curies":[{"name":"wp","href":"https:\/\/api.w.org\/{rel}","templated":true}]}}