{"id":231,"date":"2014-04-09T11:24:21","date_gmt":"2014-04-09T10:24:21","guid":{"rendered":"http:\/\/ffmc72.fr\/site\/?p=231"},"modified":"2014-04-09T11:31:11","modified_gmt":"2014-04-09T10:31:11","slug":"14-avril-rdv-avec-m-le-depute-le-mener","status":"publish","type":"post","link":"https:\/\/www.ffmc72.fr\/site\/14-avril-rdv-avec-m-le-depute-le-mener\/","title":{"rendered":"14 Avril : Rdv avec M le D\u00e9put\u00e9 Le M\u00e9ner"},"content":{"rendered":"<p>Apr\u00e8s notre manifestation du 13 avril, nous rencontrerons \u00a0le D\u00e9put\u00e9 le Mener pour aborder cette \u00ab\u00a0inflation s\u00e9curitaire\u00a0\u00bb et le suivi de la manifestation.<\/p>\n","protected":false},"excerpt":{"rendered":"<p>Apr\u00e8s notre manifestation du 13 avril, nous rencontrerons \u00a0le D\u00e9put\u00e9 le Mener pour aborder cette \u00ab\u00a0inflation s\u00e9curitaire\u00a0\u00bb et le suivi de la manifestation.<\/p>\n<p class=\"continue-reading-button\"> <a class=\"continue-reading-link\" href=\"https:\/\/www.ffmc72.fr\/site\/14-avril-rdv-avec-m-le-depute-le-mener\/\">Continuer \u00e0 lire<i class=\"crycon-right-dir\"><\/i><\/a><\/p>\n","protected":false},"author":1,"featured_media":0,"comment_status":"closed","ping_status":"closed","sticky":false,"template":"","format":"standard","meta":{"footnotes":""},"categories":[4],"tags":[],"class_list":["post-231","post","type-post","status-publish","format-standard","hentry","category-divers"],"yoast_head":"<!-- This site is optimized with the Yoast SEO plugin v27.5 - https:\/\/yoast.com\/product\/yoast-seo-wordpress\/ -->\n<title>FFMC 72 - 14 Avril : Rdv avec M le D\u00e9put\u00e9 Le M\u00e9ner - FFMC 72 - F\u00e9d\u00e9ration Fran\u00e7aise des motards en col\u00e8res de la Sarthe - boycott contr\u00f4le technique moto, contre les ZFE, Adherer, nid de poule, infrastructure, action gazoil, consignes casques, 24h du mans, non au CT2RM, FFMC Sarthe, FFMC 72, F.F.M.C, ERJ, Le Mans, FFMC Le Mans, Veille sur les contr\u00f4les syst\u00e9matiques<\/title>\n<meta name=\"description\" content=\"FFMC 72 - 14 Avril : Rdv avec M le D\u00e9put\u00e9 Le M\u00e9ner\" \/>\n<meta name=\"robots\" content=\"index, follow, max-snippet:-1, max-image-preview:large, max-video-preview:-1\" \/>\n<link rel=\"canonical\" href=\"https:\/\/www.ffmc72.fr\/site\/14-avril-rdv-avec-m-le-depute-le-mener\/\" \/>\n<meta property=\"og:locale\" content=\"fr_FR\" \/>\n<meta property=\"og:type\" content=\"article\" \/>\n<meta property=\"og:title\" content=\"FFMC 72 - 14 Avril : Rdv avec M le D\u00e9put\u00e9 Le M\u00e9ner - FFMC 72 - F\u00e9d\u00e9ration Fran\u00e7aise des motards en col\u00e8res de la Sarthe - boycott contr\u00f4le technique moto, contre les ZFE, Adherer, nid de poule, infrastructure, action gazoil, consignes casques, 24h du mans, non au CT2RM, FFMC Sarthe, FFMC 72, F.F.M.C, ERJ, Le Mans, FFMC Le Mans, Veille sur les contr\u00f4les syst\u00e9matiques\" \/>\n<meta property=\"og:description\" content=\"FFMC 72 - 14 Avril : Rdv avec M le D\u00e9put\u00e9 Le M\u00e9ner\" \/>\n<meta property=\"og:url\" content=\"https:\/\/www.ffmc72.fr\/site\/14-avril-rdv-avec-m-le-depute-le-mener\/\" \/>\n<meta property=\"og:site_name\" content=\"FFMC 72 - F\u00e9d\u00e9ration Fran\u00e7aise des motards en col\u00e8res de la Sarthe - boycott contr\u00f4le technique moto, contre les ZFE, Adherer, nid de poule, infrastructure, action gazoil, consignes casques, 24h du mans, non au CT2RM, FFMC Sarthe, FFMC 72, F.F.M.C, ERJ, Le Mans, FFMC Le Mans, Veille sur les contr\u00f4les syst\u00e9matiques\" \/>\n<meta property=\"article:publisher\" content=\"https:\/\/www.facebook.com\/ffmc72\" \/>\n<meta property=\"article:published_time\" content=\"2014-04-09T10:24:21+00:00\" \/>\n<meta property=\"article:modified_time\" content=\"2014-04-09T10:31:11+00:00\" \/>\n<meta name=\"author\" content=\"FFMC72\" \/>\n<meta name=\"twitter:card\" content=\"summary_large_image\" \/>\n<meta name=\"twitter:label1\" content=\"\u00c9crit par\" \/>\n\t<meta name=\"twitter:data1\" content=\"FFMC72\" \/>\n<script type=\"application\/ld+json\" class=\"yoast-schema-graph\">{\"@context\":\"https:\\\/\\\/schema.org\",\"@graph\":[{\"@type\":\"Article\",\"@id\":\"https:\\\/\\\/www.ffmc72.fr\\\/site\\\/14-avril-rdv-avec-m-le-depute-le-mener\\\/#article\",\"isPartOf\":{\"@id\":\"https:\\\/\\\/www.ffmc72.fr\\\/site\\\/14-avril-rdv-avec-m-le-depute-le-mener\\\/\"},\"author\":{\"name\":\"FFMC72\",\"@id\":\"https:\\\/\\\/www.ffmc72.fr\\\/site\\\/#\\\/schema\\\/person\\\/1d38cb19c128de2eb8c460e34e6bd842\"},\"headline\":\"14 Avril : Rdv avec M le D\u00e9put\u00e9 Le M\u00e9ner\",\"datePublished\":\"2014-04-09T10:24:21+00:00\",\"dateModified\":\"2014-04-09T10:31:11+00:00\",\"mainEntityOfPage\":{\"@id\":\"https:\\\/\\\/www.ffmc72.fr\\\/site\\\/14-avril-rdv-avec-m-le-depute-le-mener\\\/\"},\"wordCount\":35,\"publisher\":{\"@id\":\"https:\\\/\\\/www.ffmc72.fr\\\/site\\\/#organization\"},\"articleSection\":[\"Divers\"],\"inLanguage\":\"fr-FR\"},{\"@type\":\"WebPage\",\"@id\":\"https:\\\/\\\/www.ffmc72.fr\\\/site\\\/14-avril-rdv-avec-m-le-depute-le-mener\\\/\",\"url\":\"https:\\\/\\\/www.ffmc72.fr\\\/site\\\/14-avril-rdv-avec-m-le-depute-le-mener\\\/\",\"name\":\"FFMC 72 - 14 Avril : Rdv avec M le D\u00e9put\u00e9 Le M\u00e9ner - FFMC 72 - F\u00e9d\u00e9ration Fran\u00e7aise des motards en col\u00e8res de la Sarthe - boycott contr\u00f4le technique moto, contre les ZFE, Adherer, nid de poule, infrastructure, action gazoil, consignes casques, 24h du mans, non au CT2RM, FFMC Sarthe, FFMC 72, F.F.M.C, ERJ, Le Mans, FFMC Le Mans, Veille sur les contr\u00f4les syst\u00e9matiques\",\"isPartOf\":{\"@id\":\"https:\\\/\\\/www.ffmc72.fr\\\/site\\\/#website\"},\"datePublished\":\"2014-04-09T10:24:21+00:00\",\"dateModified\":\"2014-04-09T10:31:11+00:00\",\"description\":\"FFMC 72 - 14 Avril : Rdv avec M le D\u00e9put\u00e9 Le M\u00e9ner\",\"breadcrumb\":{\"@id\":\"https:\\\/\\\/www.ffmc72.fr\\\/site\\\/14-avril-rdv-avec-m-le-depute-le-mener\\\/#breadcrumb\"},\"inLanguage\":\"fr-FR\",\"potentialAction\":[{\"@type\":\"ReadAction\",\"target\":[\"https:\\\/\\\/www.ffmc72.fr\\\/site\\\/14-avril-rdv-avec-m-le-depute-le-mener\\\/\"]}]},{\"@type\":\"BreadcrumbList\",\"@id\":\"https:\\\/\\\/www.ffmc72.fr\\\/site\\\/14-avril-rdv-avec-m-le-depute-le-mener\\\/#breadcrumb\",\"itemListElement\":[{\"@type\":\"ListItem\",\"position\":1,\"name\":\"Accueil\",\"item\":\"https:\\\/\\\/www.ffmc72.fr\\\/site\\\/\"},{\"@type\":\"ListItem\",\"position\":2,\"name\":\"14 Avril : Rdv avec M le D\u00e9put\u00e9 Le M\u00e9ner\"}]},{\"@type\":\"WebSite\",\"@id\":\"https:\\\/\\\/www.ffmc72.fr\\\/site\\\/#website\",\"url\":\"https:\\\/\\\/www.ffmc72.fr\\\/site\\\/\",\"name\":\"FFMC 72 - F\u00e9d\u00e9ration Fran\u00e7aise des motards en col\u00e8res de la Sarthe - boycott contr\u00f4le technique moto, contre les ZFE, Adherer, nid de poule, infrastructure, action gazoil, consignes casques, 24h du mans, non au CT2RM, FFMC Sarthe, FFMC 72, F.F.M.C, ERJ, Le Mans, FFMC Le Mans, Veille sur les contr\u00f4les syst\u00e9matiques\",\"description\":\"Plus nombreux, plus fort, rejoint la FFMC\",\"publisher\":{\"@id\":\"https:\\\/\\\/www.ffmc72.fr\\\/site\\\/#organization\"},\"alternateName\":\"FFMC 72\",\"potentialAction\":[{\"@type\":\"SearchAction\",\"target\":{\"@type\":\"EntryPoint\",\"urlTemplate\":\"https:\\\/\\\/www.ffmc72.fr\\\/site\\\/?s={search_term_string}\"},\"query-input\":{\"@type\":\"PropertyValueSpecification\",\"valueRequired\":true,\"valueName\":\"search_term_string\"}}],\"inLanguage\":\"fr-FR\"},{\"@type\":\"Organization\",\"@id\":\"https:\\\/\\\/www.ffmc72.fr\\\/site\\\/#organization\",\"name\":\"FFMC 72\",\"url\":\"https:\\\/\\\/www.ffmc72.fr\\\/site\\\/\",\"logo\":{\"@type\":\"ImageObject\",\"inLanguage\":\"fr-FR\",\"@id\":\"https:\\\/\\\/www.ffmc72.fr\\\/site\\\/#\\\/schema\\\/logo\\\/image\\\/\",\"url\":\"https:\\\/\\\/www.ffmc72.fr\\\/site\\\/wp-content\\\/uploads\\\/2020\\\/05\\\/sticker-partenaire.jpg\",\"contentUrl\":\"https:\\\/\\\/www.ffmc72.fr\\\/site\\\/wp-content\\\/uploads\\\/2020\\\/05\\\/sticker-partenaire.jpg\",\"width\":1024,\"height\":239,\"caption\":\"FFMC 72\"},\"image\":{\"@id\":\"https:\\\/\\\/www.ffmc72.fr\\\/site\\\/#\\\/schema\\\/logo\\\/image\\\/\"},\"sameAs\":[\"https:\\\/\\\/www.facebook.com\\\/ffmc72\"]},{\"@type\":\"Person\",\"@id\":\"https:\\\/\\\/www.ffmc72.fr\\\/site\\\/#\\\/schema\\\/person\\\/1d38cb19c128de2eb8c460e34e6bd842\",\"name\":\"FFMC72\",\"image\":{\"@type\":\"ImageObject\",\"inLanguage\":\"fr-FR\",\"@id\":\"https:\\\/\\\/secure.gravatar.com\\\/avatar\\\/ffe2b5245938875072ece2e5953c5bddc18ebd61b36f80745e44b39d49944dc3?s=96&d=mm&r=g\",\"url\":\"https:\\\/\\\/secure.gravatar.com\\\/avatar\\\/ffe2b5245938875072ece2e5953c5bddc18ebd61b36f80745e44b39d49944dc3?s=96&d=mm&r=g\",\"contentUrl\":\"https:\\\/\\\/secure.gravatar.com\\\/avatar\\\/ffe2b5245938875072ece2e5953c5bddc18ebd61b36f80745e44b39d49944dc3?s=96&d=mm&r=g\",\"caption\":\"FFMC72\"},\"url\":\"https:\\\/\\\/www.ffmc72.fr\\\/site\\\/author\\\/ffmc72\\\/\"}]}<\/script>\n<!-- \/ Yoast SEO plugin. -->","yoast_head_json":{"title":"FFMC 72 - 14 Avril : Rdv avec M le D\u00e9put\u00e9 Le M\u00e9ner - FFMC 72 - F\u00e9d\u00e9ration Fran\u00e7aise des motards en col\u00e8res de la Sarthe - boycott contr\u00f4le technique moto, contre les ZFE, Adherer, nid de poule, infrastructure, action gazoil, consignes casques, 24h du mans, non au CT2RM, FFMC Sarthe, FFMC 72, F.F.M.C, ERJ, Le Mans, FFMC Le Mans, Veille sur les contr\u00f4les syst\u00e9matiques","description":"FFMC 72 - 14 Avril : Rdv avec M le D\u00e9put\u00e9 Le M\u00e9ner","robots":{"index":"index","follow":"follow","max-snippet":"max-snippet:-1","max-image-preview":"max-image-preview:large","max-video-preview":"max-video-preview:-1"},"canonical":"https:\/\/www.ffmc72.fr\/site\/14-avril-rdv-avec-m-le-depute-le-mener\/","og_locale":"fr_FR","og_type":"article","og_title":"FFMC 72 - 14 Avril : Rdv avec M le D\u00e9put\u00e9 Le M\u00e9ner - FFMC 72 - F\u00e9d\u00e9ration Fran\u00e7aise des motards en col\u00e8res de la Sarthe - boycott contr\u00f4le technique moto, contre les ZFE, Adherer, nid de poule, infrastructure, action gazoil, consignes casques, 24h du mans, non au CT2RM, FFMC Sarthe, FFMC 72, F.F.M.C, ERJ, Le Mans, FFMC Le Mans, Veille sur les contr\u00f4les syst\u00e9matiques","og_description":"FFMC 72 - 14 Avril : Rdv avec M le D\u00e9put\u00e9 Le M\u00e9ner","og_url":"https:\/\/www.ffmc72.fr\/site\/14-avril-rdv-avec-m-le-depute-le-mener\/","og_site_name":"FFMC 72 - F\u00e9d\u00e9ration Fran\u00e7aise des motards en col\u00e8res de la Sarthe - boycott contr\u00f4le technique moto, contre les ZFE, Adherer, nid de poule, infrastructure, action gazoil, consignes casques, 24h du mans, non au CT2RM, FFMC Sarthe, FFMC 72, F.F.M.C, ERJ, Le Mans, FFMC Le Mans, Veille sur les contr\u00f4les syst\u00e9matiques","article_publisher":"https:\/\/www.facebook.com\/ffmc72","article_published_time":"2014-04-09T10:24:21+00:00","article_modified_time":"2014-04-09T10:31:11+00:00","author":"FFMC72","twitter_card":"summary_large_image","twitter_misc":{"\u00c9crit par":"FFMC72"},"schema":{"@context":"https:\/\/schema.org","@graph":[{"@type":"Article","@id":"https:\/\/www.ffmc72.fr\/site\/14-avril-rdv-avec-m-le-depute-le-mener\/#article","isPartOf":{"@id":"https:\/\/www.ffmc72.fr\/site\/14-avril-rdv-avec-m-le-depute-le-mener\/"},"author":{"name":"FFMC72","@id":"https:\/\/www.ffmc72.fr\/site\/#\/schema\/person\/1d38cb19c128de2eb8c460e34e6bd842"},"headline":"14 Avril : Rdv avec M le D\u00e9put\u00e9 Le M\u00e9ner","datePublished":"2014-04-09T10:24:21+00:00","dateModified":"2014-04-09T10:31:11+00:00","mainEntityOfPage":{"@id":"https:\/\/www.ffmc72.fr\/site\/14-avril-rdv-avec-m-le-depute-le-mener\/"},"wordCount":35,"publisher":{"@id":"https:\/\/www.ffmc72.fr\/site\/#organization"},"articleSection":["Divers"],"inLanguage":"fr-FR"},{"@type":"WebPage","@id":"https:\/\/www.ffmc72.fr\/site\/14-avril-rdv-avec-m-le-depute-le-mener\/","url":"https:\/\/www.ffmc72.fr\/site\/14-avril-rdv-avec-m-le-depute-le-mener\/","name":"FFMC 72 - 14 Avril : Rdv avec M le D\u00e9put\u00e9 Le M\u00e9ner - FFMC 72 - F\u00e9d\u00e9ration Fran\u00e7aise des motards en col\u00e8res de la Sarthe - boycott contr\u00f4le technique moto, contre les ZFE, Adherer, nid de poule, infrastructure, action gazoil, consignes casques, 24h du mans, non au CT2RM, FFMC Sarthe, FFMC 72, F.F.M.C, ERJ, Le Mans, FFMC Le Mans, Veille sur les contr\u00f4les syst\u00e9matiques","isPartOf":{"@id":"https:\/\/www.ffmc72.fr\/site\/#website"},"datePublished":"2014-04-09T10:24:21+00:00","dateModified":"2014-04-09T10:31:11+00:00","description":"FFMC 72 - 14 Avril : Rdv avec M le D\u00e9put\u00e9 Le M\u00e9ner","breadcrumb":{"@id":"https:\/\/www.ffmc72.fr\/site\/14-avril-rdv-avec-m-le-depute-le-mener\/#breadcrumb"},"inLanguage":"fr-FR","potentialAction":[{"@type":"ReadAction","target":["https:\/\/www.ffmc72.fr\/site\/14-avril-rdv-avec-m-le-depute-le-mener\/"]}]},{"@type":"BreadcrumbList","@id":"https:\/\/www.ffmc72.fr\/site\/14-avril-rdv-avec-m-le-depute-le-mener\/#breadcrumb","itemListElement":[{"@type":"ListItem","position":1,"name":"Accueil","item":"https:\/\/www.ffmc72.fr\/site\/"},{"@type":"ListItem","position":2,"name":"14 Avril : Rdv avec M le D\u00e9put\u00e9 Le M\u00e9ner"}]},{"@type":"WebSite","@id":"https:\/\/www.ffmc72.fr\/site\/#website","url":"https:\/\/www.ffmc72.fr\/site\/","name":"FFMC 72 - F\u00e9d\u00e9ration Fran\u00e7aise des motards en col\u00e8res de la Sarthe - boycott contr\u00f4le technique moto, contre les ZFE, Adherer, nid de poule, infrastructure, action gazoil, consignes casques, 24h du mans, non au CT2RM, FFMC Sarthe, FFMC 72, F.F.M.C, ERJ, Le Mans, FFMC Le Mans, Veille sur les contr\u00f4les syst\u00e9matiques","description":"Plus nombreux, plus fort, rejoint la FFMC","publisher":{"@id":"https:\/\/www.ffmc72.fr\/site\/#organization"},"alternateName":"FFMC 72","potentialAction":[{"@type":"SearchAction","target":{"@type":"EntryPoint","urlTemplate":"https:\/\/www.ffmc72.fr\/site\/?s={search_term_string}"},"query-input":{"@type":"PropertyValueSpecification","valueRequired":true,"valueName":"search_term_string"}}],"inLanguage":"fr-FR"},{"@type":"Organization","@id":"https:\/\/www.ffmc72.fr\/site\/#organization","name":"FFMC 72","url":"https:\/\/www.ffmc72.fr\/site\/","logo":{"@type":"ImageObject","inLanguage":"fr-FR","@id":"https:\/\/www.ffmc72.fr\/site\/#\/schema\/logo\/image\/","url":"https:\/\/www.ffmc72.fr\/site\/wp-content\/uploads\/2020\/05\/sticker-partenaire.jpg","contentUrl":"https:\/\/www.ffmc72.fr\/site\/wp-content\/uploads\/2020\/05\/sticker-partenaire.jpg","width":1024,"height":239,"caption":"FFMC 72"},"image":{"@id":"https:\/\/www.ffmc72.fr\/site\/#\/schema\/logo\/image\/"},"sameAs":["https:\/\/www.facebook.com\/ffmc72"]},{"@type":"Person","@id":"https:\/\/www.ffmc72.fr\/site\/#\/schema\/person\/1d38cb19c128de2eb8c460e34e6bd842","name":"FFMC72","image":{"@type":"ImageObject","inLanguage":"fr-FR","@id":"https:\/\/secure.gravatar.com\/avatar\/ffe2b5245938875072ece2e5953c5bddc18ebd61b36f80745e44b39d49944dc3?s=96&d=mm&r=g","url":"https:\/\/secure.gravatar.com\/avatar\/ffe2b5245938875072ece2e5953c5bddc18ebd61b36f80745e44b39d49944dc3?s=96&d=mm&r=g","contentUrl":"https:\/\/secure.gravatar.com\/avatar\/ffe2b5245938875072ece2e5953c5bddc18ebd61b36f80745e44b39d49944dc3?s=96&d=mm&r=g","caption":"FFMC72"},"url":"https:\/\/www.ffmc72.fr\/site\/author\/ffmc72\/"}]}},"_links":{"self":[{"href":"https:\/\/www.ffmc72.fr\/site\/wp-json\/wp\/v2\/posts\/231","targetHints":{"allow":["GET"]}}],"collection":[{"href":"https:\/\/www.ffmc72.fr\/site\/wp-json\/wp\/v2\/posts"}],"about":[{"href":"https:\/\/www.ffmc72.fr\/site\/wp-json\/wp\/v2\/types\/post"}],"author":[{"embeddable":true,"href":"https:\/\/www.ffmc72.fr\/site\/wp-json\/wp\/v2\/users\/1"}],"replies":[{"embeddable":true,"href":"https:\/\/www.ffmc72.fr\/site\/wp-json\/wp\/v2\/comments?post=231"}],"version-history":[{"count":2,"href":"https:\/\/www.ffmc72.fr\/site\/wp-json\/wp\/v2\/posts\/231\/revisions"}],"predecessor-version":[{"id":233,"href":"https:\/\/www.ffmc72.fr\/site\/wp-json\/wp\/v2\/posts\/231\/revisions\/233"}],"wp:attachment":[{"href":"https:\/\/www.ffmc72.fr\/site\/wp-json\/wp\/v2\/media?parent=231"}],"wp:term":[{"taxonomy":"category","embeddable":true,"href":"https:\/\/www.ffmc72.fr\/site\/wp-json\/wp\/v2\/categories?post=231"},{"taxonomy":"post_tag","embeddable":true,"href":"https:\/\/www.ffmc72.fr\/site\/wp-json\/wp\/v2\/tags?post=231"}],"curies":[{"name":"wp","href":"https:\/\/api.w.org\/{rel}","templated":true}]}}