{"id":2308,"date":"2023-07-12T12:01:39","date_gmt":"2023-07-12T10:01:39","guid":{"rendered":"https:\/\/www.ffmc72.fr\/site\/?p=2308"},"modified":"2023-07-12T12:07:05","modified_gmt":"2023-07-12T10:07:05","slug":"consultation-publique-ct2rm-seulement-8500-contributeurs-sur-3-millions-de-motards-sommes-nous-une-minorite","status":"publish","type":"post","link":"https:\/\/www.ffmc72.fr\/site\/consultation-publique-ct2rm-seulement-8500-contributeurs-sur-3-millions-de-motards-sommes-nous-une-minorite\/","title":{"rendered":"Consultation publique CT2RM, seulement 8500 contributeurs sur 3 millions de motards. Sommes nous une minorit\u00e9?"},"content":{"rendered":"\n<p>A 10 jours de la fin,<br \/><strong>seuls 8500 contributeurs ont r\u00e9pondu \u00e0 la consultation publique.<\/strong><\/p>\n\n\n\n<p>Nous sommes <strong>3 millions de motards<\/strong> en France et c&rsquo;est <strong>seulement 8500 personnes qui ont perdu 5 min de leur vie pour r\u00e9pondre \u00e0 une consultation publique<\/strong>, qui pourtant ne coute rien \u00e0 faire et qui ne vous prend aucune goutte de carburant, critique souvent remont\u00e9 pour les manifs (\u00e7a coute de l&rsquo;essence).<\/p>\n\n\n\n<p>C&rsquo;est peu,<br \/>c&rsquo;est trop peu par rapport au nombre de personnes qui nous disent \u00eatre contre un CT2RM.<br \/>A croire que nous sommes qu&rsquo;une minorit\u00e9 de motards \u00e0 ne pas vouloir la mise en place du CT2RM.<\/p>\n\n\n\n<p><strong>Vous n&rsquo;\u00eates pas inspir\u00e9s?<\/strong><br \/>Beaucoup ont partag\u00e9 leurs commentaires sur diverses pages ce qui permet de s&rsquo;en inspirer voir simplement de copier avec quelque modification, au pire faites une demande \u00e0 ChatGPT qui saura aussi r\u00e9\u00e9crire ce que vous voulez exprimer ou simplement vous donner une trame.<br \/>Les arguments contre, c&rsquo;est pas ce qu&rsquo;il manque.<\/p>\n\n\n\n<p><strong>Le site fonctionne mal et ne prend pas en compte votre commentaire ?<\/strong><br \/>Il faut forcer un peu, \u00e7a fini par passer, pour ma part je m&rsquo;y suis repris \u00e0 3 fois.<\/p>\n\n\n\n<p><strong>Pour rappel,<\/strong><br \/>L&rsquo;\u00e9tat \u00e0 mis en place une consultation publique, jusqu&rsquo;au 22 Juillet sur le futur d\u00e9cret et arr\u00eat\u00e9 mettant en place le CT2RM.<br \/>Vous devez y participer car nos opposant le feront.<br \/><\/p>\n\n\n\n<p>Cela se fait en cliquant sur le lien suivant et tout en bas, cliquer sur \u00ab&nbsp;D\u00e9poser votre commentaire&nbsp;\u00bb.<\/p>\n\n\n\n<p><a href=\"https:\/\/www.consultations-publiques.developpement-durable.gouv.fr\/projets-de-decret-et-d-arrete-relatifs-a-la-mise-a2866.html\">Consultation publique CT2RM<\/a><\/p>\n\n\n\n<p>Pour \u00e9diter votre commentaire vous pouvez vous aider du guide mis en place par la FFMC National disponible ici : <a href=\"https:\/\/ffmc.asso.fr\/la-consultation-publique-sur-le\" target=\"_blank\" rel=\"noreferrer noopener\">https:\/\/ffmc.asso.fr\/la-consultation-publique-sur-le<\/a><\/p>\n\n\n\n<p><\/p>\n\n\n\n<p><strong>Quelque arguments contre :<\/strong><\/p>\n\n\n\n<ul class=\"wp-block-list\">\n<li>Les statistiques d\u00e9montrent que les <strong>accidents mortels caus\u00e9s par un d\u00e9faut m\u00e9canique<\/strong> ne repr\u00e9sentent <strong>que 0,3% du total,<\/strong> ce qui est pratiquement insignifiant.<br \/>Nous, motards,<br \/>sommes des personnes qui prennent soin de nos machines et nous assurons de leur bon entretien r\u00e9guli\u00e8rement. Nous sommes conscients que notre s\u00e9curit\u00e9 d\u00e9pend en grande partie de l\u2019\u00e9tat de notre moto, et nous agissons en cons\u00e9quence. <br \/><br \/>En revanche,<br \/><strong>les d\u00e9fauts routiers sont responsables de 30% des accidents<\/strong> (\u00e9tude FLAM du CEREMA), soit une proportion consid\u00e9rable.<br \/>Malgr\u00e9 cela, tr\u00e8s peu d\u2019efforts sont d\u00e9ploy\u00e9s pour r\u00e9soudre ce probl\u00e8me. Les routes d\u00e9grad\u00e9es, les nids-de-poule et les rev\u00eatements glissants sont autant de dangers auxquels nous sommes confront\u00e9s chaque jour.<br \/><strong>Au lieu de se focaliser sur des contr\u00f4les techniques qui n\u2019apporteraient que peu de b\u00e9n\u00e9fices en termes de s\u00e9curit\u00e9, nous devrions concentrer nos efforts sur l\u2019am\u00e9lioration des infrastructures routi\u00e8res pour garantir des conditions de circulation optimales pour tous les usagers, y compris les motards.<\/strong><\/li>\n<\/ul>\n\n\n\n<ul class=\"wp-block-list\">\n<li>En ce qui concerne les \u00e9missions sonores excessives,<br \/>il est important de noter que l\u2019application d\u2019un contr\u00f4le technique ne r\u00e9soudrait en rien ce probl\u00e8me. <br \/><strong>Un pot d\u2019\u00e9chappement peut \u00eatre chang\u00e9 ou modifi\u00e9 en seulement quelques minutes<\/strong>. <br \/>Nous sommes tous conscients que certains motards abusent parfois de la sonorit\u00e9 de leur moto, mais il est injuste de g\u00e9n\u00e9raliser et de stigmatiser l\u2019ensemble de la communaut\u00e9 des motards pour les actions d\u2019une minorit\u00e9. <br \/><br \/><strong>Nous devons plut\u00f4t promouvoir la sensibilisation et l\u2019\u00e9ducation pour encourager une utilisation responsable de nos machines.<\/strong><\/li>\n<\/ul>\n\n\n\n<p><\/p>\n\n\n\n<ul class=\"wp-block-list\">\n<li>En ce qui concerne la pollution, la pratique de la moto peut en r\u00e9alit\u00e9 faire partie de la solution.<br \/><br \/>En effet, les motos permettent de fluidifier le trafic, r\u00e9duisant ainsi les embouteillages et les temps d\u2019attente. De plus, les moteurs des motos fonctionnent g\u00e9n\u00e9ralement moins longtemps que ceux des voitures en milieu urbain en raison des embouteillages fr\u00e9quents.<br \/><br \/>De plus,<br \/>les motos ne diffusent quasiment pas de particule fine voir participe tr\u00e8s peu \u00e0 la remise en suspension de celle-ci est tr\u00e8s faible comparativement \u00e0 l&rsquo;automobile, car fortement li\u00e9 au poids du v\u00e9hicule, ce qui est un gain \u00e9galement en terme de pollution par particule fine.<br \/>Par cons\u00e9quent, la moto peut contribuer \u00e0 la r\u00e9duction des \u00e9missions de gaz \u00e0 effet de serre et des particules fines en milieu urbain.<br \/><br \/>Au lieu de nous stigmatiser en imposant un contr\u00f4le technique, <strong>les autorit\u00e9s devraient soutenir et encourager l\u2019utilisation des deux-roues motoris\u00e9s comme une alternative viable et respectueuse de l\u2019environnement.<\/strong><\/li>\n<\/ul>\n\n\n<div class=\"wp-block-image\">\n<figure class=\"aligncenter size-full\"><a href=\"https:\/\/www.ffmc72.fr\/site\/wp-content\/uploads\/2023\/06\/356377778_673272804841628_750817200458085500_n.jpg\"><img loading=\"lazy\" decoding=\"async\" width=\"563\" height=\"615\" src=\"https:\/\/www.ffmc72.fr\/site\/wp-content\/uploads\/2023\/06\/356377778_673272804841628_750817200458085500_n.jpg\" alt=\"\" class=\"wp-image-2300\" srcset=\"https:\/\/www.ffmc72.fr\/site\/wp-content\/uploads\/2023\/06\/356377778_673272804841628_750817200458085500_n.jpg 563w, https:\/\/www.ffmc72.fr\/site\/wp-content\/uploads\/2023\/06\/356377778_673272804841628_750817200458085500_n-275x300.jpg 275w, https:\/\/www.ffmc72.fr\/site\/wp-content\/uploads\/2023\/06\/356377778_673272804841628_750817200458085500_n-412x450.jpg 412w, https:\/\/www.ffmc72.fr\/site\/wp-content\/uploads\/2023\/06\/356377778_673272804841628_750817200458085500_n-137x150.jpg 137w\" sizes=\"auto, (max-width: 563px) 100vw, 563px\" \/><\/a><\/figure>\n<\/div>\n\n\n<p><\/p>\n","protected":false},"excerpt":{"rendered":"<p>A 10 jours de la fin,seuls 8500 contributeurs ont r\u00e9pondu \u00e0 la consultation publique. Nous sommes 3 millions de motards en France et c&rsquo;est seulement 8500 personnes qui ont perdu 5 min de leur vie pour r\u00e9pondre \u00e0 une consultation publique, qui pourtant ne coute rien \u00e0 faire et qui ne vous prend aucune goutte de carburant, critique souvent remont\u00e9 pour les manifs (\u00e7a coute de l&rsquo;essence). C&rsquo;est peu,c&rsquo;est trop peu par rapport au nombre de personnes qui nous disent \u00eatre contre un CT2RM.A croire que nous sommes qu&rsquo;une minorit\u00e9 de motards \u00e0 ne pas vouloir la mise en place&#8230;<\/p>\n<p class=\"continue-reading-button\"> <a class=\"continue-reading-link\" href=\"https:\/\/www.ffmc72.fr\/site\/consultation-publique-ct2rm-seulement-8500-contributeurs-sur-3-millions-de-motards-sommes-nous-une-minorite\/\">Continuer \u00e0 lire<i class=\"crycon-right-dir\"><\/i><\/a><\/p>\n","protected":false},"author":4,"featured_media":2300,"comment_status":"closed","ping_status":"closed","sticky":false,"template":"","format":"standard","meta":{"footnotes":""},"categories":[82,4],"tags":[],"class_list":["post-2308","post","type-post","status-publish","format-standard","has-post-thumbnail","hentry","category-billet-dhumeur","category-divers"],"yoast_head":"<!-- This site is optimized with the Yoast SEO plugin v27.5 - https:\/\/yoast.com\/product\/yoast-seo-wordpress\/ -->\n<title>FFMC 72 - Consultation publique CT2RM, seulement 8500 contributeurs sur 3 millions de motards. Sommes nous une minorit\u00e9? - FFMC 72 - F\u00e9d\u00e9ration Fran\u00e7aise des motards en col\u00e8res de la Sarthe - boycott contr\u00f4le technique moto, contre les ZFE, Adherer, nid de poule, infrastructure, action gazoil, consignes casques, 24h du mans, non au CT2RM, FFMC Sarthe, FFMC 72, F.F.M.C, ERJ, Le Mans, FFMC Le Mans, Veille sur les contr\u00f4les syst\u00e9matiques<\/title>\n<meta name=\"description\" content=\"FFMC 72 - Consultation publique CT2RM, seulement 8500 contributeurs sur 3 millions de motards. Sommes nous une minorit\u00e9?\" \/>\n<meta name=\"robots\" content=\"index, follow, max-snippet:-1, max-image-preview:large, max-video-preview:-1\" \/>\n<link rel=\"canonical\" href=\"https:\/\/www.ffmc72.fr\/site\/consultation-publique-ct2rm-seulement-8500-contributeurs-sur-3-millions-de-motards-sommes-nous-une-minorite\/\" \/>\n<meta property=\"og:locale\" content=\"fr_FR\" \/>\n<meta property=\"og:type\" content=\"article\" \/>\n<meta property=\"og:title\" content=\"FFMC 72 - Consultation publique CT2RM, seulement 8500 contributeurs sur 3 millions de motards. Sommes nous une minorit\u00e9? - FFMC 72 - F\u00e9d\u00e9ration Fran\u00e7aise des motards en col\u00e8res de la Sarthe - boycott contr\u00f4le technique moto, contre les ZFE, Adherer, nid de poule, infrastructure, action gazoil, consignes casques, 24h du mans, non au CT2RM, FFMC Sarthe, FFMC 72, F.F.M.C, ERJ, Le Mans, FFMC Le Mans, Veille sur les contr\u00f4les syst\u00e9matiques\" \/>\n<meta property=\"og:description\" content=\"FFMC 72 - Consultation publique CT2RM, seulement 8500 contributeurs sur 3 millions de motards. Sommes nous une minorit\u00e9?\" \/>\n<meta property=\"og:url\" content=\"https:\/\/www.ffmc72.fr\/site\/consultation-publique-ct2rm-seulement-8500-contributeurs-sur-3-millions-de-motards-sommes-nous-une-minorite\/\" \/>\n<meta property=\"og:site_name\" content=\"FFMC 72 - F\u00e9d\u00e9ration Fran\u00e7aise des motards en col\u00e8res de la Sarthe - boycott contr\u00f4le technique moto, contre les ZFE, Adherer, nid de poule, infrastructure, action gazoil, consignes casques, 24h du mans, non au CT2RM, FFMC Sarthe, FFMC 72, F.F.M.C, ERJ, Le Mans, FFMC Le Mans, Veille sur les contr\u00f4les syst\u00e9matiques\" \/>\n<meta property=\"article:publisher\" content=\"https:\/\/www.facebook.com\/ffmc72\" \/>\n<meta property=\"article:published_time\" content=\"2023-07-12T10:01:39+00:00\" \/>\n<meta property=\"article:modified_time\" content=\"2023-07-12T10:07:05+00:00\" \/>\n<meta property=\"og:image\" content=\"https:\/\/www.ffmc72.fr\/site\/wp-content\/uploads\/2023\/06\/356377778_673272804841628_750817200458085500_n.jpg\" \/>\n\t<meta property=\"og:image:width\" content=\"563\" \/>\n\t<meta property=\"og:image:height\" content=\"615\" \/>\n\t<meta property=\"og:image:type\" content=\"image\/jpeg\" \/>\n<meta name=\"author\" content=\"R G\" \/>\n<meta name=\"twitter:card\" content=\"summary_large_image\" \/>\n<meta name=\"twitter:label1\" content=\"\u00c9crit par\" \/>\n\t<meta name=\"twitter:data1\" content=\"R G\" \/>\n\t<meta name=\"twitter:label2\" content=\"Dur\u00e9e de lecture estim\u00e9e\" \/>\n\t<meta name=\"twitter:data2\" content=\"4 minutes\" \/>\n<script type=\"application\/ld+json\" class=\"yoast-schema-graph\">{\"@context\":\"https:\\\/\\\/schema.org\",\"@graph\":[{\"@type\":\"Article\",\"@id\":\"https:\\\/\\\/www.ffmc72.fr\\\/site\\\/consultation-publique-ct2rm-seulement-8500-contributeurs-sur-3-millions-de-motards-sommes-nous-une-minorite\\\/#article\",\"isPartOf\":{\"@id\":\"https:\\\/\\\/www.ffmc72.fr\\\/site\\\/consultation-publique-ct2rm-seulement-8500-contributeurs-sur-3-millions-de-motards-sommes-nous-une-minorite\\\/\"},\"author\":{\"name\":\"R G\",\"@id\":\"https:\\\/\\\/www.ffmc72.fr\\\/site\\\/#\\\/schema\\\/person\\\/e534e5a954de4d861a155e8607164ea3\"},\"headline\":\"Consultation publique CT2RM, seulement 8500 contributeurs sur 3 millions de motards. Sommes nous une minorit\u00e9?\",\"datePublished\":\"2023-07-12T10:01:39+00:00\",\"dateModified\":\"2023-07-12T10:07:05+00:00\",\"mainEntityOfPage\":{\"@id\":\"https:\\\/\\\/www.ffmc72.fr\\\/site\\\/consultation-publique-ct2rm-seulement-8500-contributeurs-sur-3-millions-de-motards-sommes-nous-une-minorite\\\/\"},\"wordCount\":751,\"publisher\":{\"@id\":\"https:\\\/\\\/www.ffmc72.fr\\\/site\\\/#organization\"},\"image\":{\"@id\":\"https:\\\/\\\/www.ffmc72.fr\\\/site\\\/consultation-publique-ct2rm-seulement-8500-contributeurs-sur-3-millions-de-motards-sommes-nous-une-minorite\\\/#primaryimage\"},\"thumbnailUrl\":\"https:\\\/\\\/www.ffmc72.fr\\\/site\\\/wp-content\\\/uploads\\\/2023\\\/06\\\/356377778_673272804841628_750817200458085500_n.jpg\",\"articleSection\":[\"billet d'humeur\",\"Divers\"],\"inLanguage\":\"fr-FR\"},{\"@type\":\"WebPage\",\"@id\":\"https:\\\/\\\/www.ffmc72.fr\\\/site\\\/consultation-publique-ct2rm-seulement-8500-contributeurs-sur-3-millions-de-motards-sommes-nous-une-minorite\\\/\",\"url\":\"https:\\\/\\\/www.ffmc72.fr\\\/site\\\/consultation-publique-ct2rm-seulement-8500-contributeurs-sur-3-millions-de-motards-sommes-nous-une-minorite\\\/\",\"name\":\"FFMC 72 - Consultation publique CT2RM, seulement 8500 contributeurs sur 3 millions de motards. Sommes nous une minorit\u00e9? - FFMC 72 - F\u00e9d\u00e9ration Fran\u00e7aise des motards en col\u00e8res de la Sarthe - boycott contr\u00f4le technique moto, contre les ZFE, Adherer, nid de poule, infrastructure, action gazoil, consignes casques, 24h du mans, non au CT2RM, FFMC Sarthe, FFMC 72, F.F.M.C, ERJ, Le Mans, FFMC Le Mans, Veille sur les contr\u00f4les syst\u00e9matiques\",\"isPartOf\":{\"@id\":\"https:\\\/\\\/www.ffmc72.fr\\\/site\\\/#website\"},\"primaryImageOfPage\":{\"@id\":\"https:\\\/\\\/www.ffmc72.fr\\\/site\\\/consultation-publique-ct2rm-seulement-8500-contributeurs-sur-3-millions-de-motards-sommes-nous-une-minorite\\\/#primaryimage\"},\"image\":{\"@id\":\"https:\\\/\\\/www.ffmc72.fr\\\/site\\\/consultation-publique-ct2rm-seulement-8500-contributeurs-sur-3-millions-de-motards-sommes-nous-une-minorite\\\/#primaryimage\"},\"thumbnailUrl\":\"https:\\\/\\\/www.ffmc72.fr\\\/site\\\/wp-content\\\/uploads\\\/2023\\\/06\\\/356377778_673272804841628_750817200458085500_n.jpg\",\"datePublished\":\"2023-07-12T10:01:39+00:00\",\"dateModified\":\"2023-07-12T10:07:05+00:00\",\"description\":\"FFMC 72 - Consultation publique CT2RM, seulement 8500 contributeurs sur 3 millions de motards. Sommes nous une minorit\u00e9?\",\"breadcrumb\":{\"@id\":\"https:\\\/\\\/www.ffmc72.fr\\\/site\\\/consultation-publique-ct2rm-seulement-8500-contributeurs-sur-3-millions-de-motards-sommes-nous-une-minorite\\\/#breadcrumb\"},\"inLanguage\":\"fr-FR\",\"potentialAction\":[{\"@type\":\"ReadAction\",\"target\":[\"https:\\\/\\\/www.ffmc72.fr\\\/site\\\/consultation-publique-ct2rm-seulement-8500-contributeurs-sur-3-millions-de-motards-sommes-nous-une-minorite\\\/\"]}]},{\"@type\":\"ImageObject\",\"inLanguage\":\"fr-FR\",\"@id\":\"https:\\\/\\\/www.ffmc72.fr\\\/site\\\/consultation-publique-ct2rm-seulement-8500-contributeurs-sur-3-millions-de-motards-sommes-nous-une-minorite\\\/#primaryimage\",\"url\":\"https:\\\/\\\/www.ffmc72.fr\\\/site\\\/wp-content\\\/uploads\\\/2023\\\/06\\\/356377778_673272804841628_750817200458085500_n.jpg\",\"contentUrl\":\"https:\\\/\\\/www.ffmc72.fr\\\/site\\\/wp-content\\\/uploads\\\/2023\\\/06\\\/356377778_673272804841628_750817200458085500_n.jpg\",\"width\":563,\"height\":615},{\"@type\":\"BreadcrumbList\",\"@id\":\"https:\\\/\\\/www.ffmc72.fr\\\/site\\\/consultation-publique-ct2rm-seulement-8500-contributeurs-sur-3-millions-de-motards-sommes-nous-une-minorite\\\/#breadcrumb\",\"itemListElement\":[{\"@type\":\"ListItem\",\"position\":1,\"name\":\"Accueil\",\"item\":\"https:\\\/\\\/www.ffmc72.fr\\\/site\\\/\"},{\"@type\":\"ListItem\",\"position\":2,\"name\":\"Consultation publique CT2RM, seulement 8500 contributeurs sur 3 millions de motards. Sommes nous une minorit\u00e9?\"}]},{\"@type\":\"WebSite\",\"@id\":\"https:\\\/\\\/www.ffmc72.fr\\\/site\\\/#website\",\"url\":\"https:\\\/\\\/www.ffmc72.fr\\\/site\\\/\",\"name\":\"FFMC 72 - F\u00e9d\u00e9ration Fran\u00e7aise des motards en col\u00e8res de la Sarthe - boycott contr\u00f4le technique moto, contre les ZFE, Adherer, nid de poule, infrastructure, action gazoil, consignes casques, 24h du mans, non au CT2RM, FFMC Sarthe, FFMC 72, F.F.M.C, ERJ, Le Mans, FFMC Le Mans, Veille sur les contr\u00f4les syst\u00e9matiques\",\"description\":\"Plus nombreux, plus fort, rejoint la FFMC\",\"publisher\":{\"@id\":\"https:\\\/\\\/www.ffmc72.fr\\\/site\\\/#organization\"},\"alternateName\":\"FFMC 72\",\"potentialAction\":[{\"@type\":\"SearchAction\",\"target\":{\"@type\":\"EntryPoint\",\"urlTemplate\":\"https:\\\/\\\/www.ffmc72.fr\\\/site\\\/?s={search_term_string}\"},\"query-input\":{\"@type\":\"PropertyValueSpecification\",\"valueRequired\":true,\"valueName\":\"search_term_string\"}}],\"inLanguage\":\"fr-FR\"},{\"@type\":\"Organization\",\"@id\":\"https:\\\/\\\/www.ffmc72.fr\\\/site\\\/#organization\",\"name\":\"FFMC 72\",\"url\":\"https:\\\/\\\/www.ffmc72.fr\\\/site\\\/\",\"logo\":{\"@type\":\"ImageObject\",\"inLanguage\":\"fr-FR\",\"@id\":\"https:\\\/\\\/www.ffmc72.fr\\\/site\\\/#\\\/schema\\\/logo\\\/image\\\/\",\"url\":\"https:\\\/\\\/www.ffmc72.fr\\\/site\\\/wp-content\\\/uploads\\\/2020\\\/05\\\/sticker-partenaire.jpg\",\"contentUrl\":\"https:\\\/\\\/www.ffmc72.fr\\\/site\\\/wp-content\\\/uploads\\\/2020\\\/05\\\/sticker-partenaire.jpg\",\"width\":1024,\"height\":239,\"caption\":\"FFMC 72\"},\"image\":{\"@id\":\"https:\\\/\\\/www.ffmc72.fr\\\/site\\\/#\\\/schema\\\/logo\\\/image\\\/\"},\"sameAs\":[\"https:\\\/\\\/www.facebook.com\\\/ffmc72\"]},{\"@type\":\"Person\",\"@id\":\"https:\\\/\\\/www.ffmc72.fr\\\/site\\\/#\\\/schema\\\/person\\\/e534e5a954de4d861a155e8607164ea3\",\"name\":\"R G\",\"image\":{\"@type\":\"ImageObject\",\"inLanguage\":\"fr-FR\",\"@id\":\"https:\\\/\\\/secure.gravatar.com\\\/avatar\\\/07ef0ebd2018ce6d2ba339e1b56a6fd0ee8dd691e014c409aa2721fafc4b5076?s=96&d=mm&r=g\",\"url\":\"https:\\\/\\\/secure.gravatar.com\\\/avatar\\\/07ef0ebd2018ce6d2ba339e1b56a6fd0ee8dd691e014c409aa2721fafc4b5076?s=96&d=mm&r=g\",\"contentUrl\":\"https:\\\/\\\/secure.gravatar.com\\\/avatar\\\/07ef0ebd2018ce6d2ba339e1b56a6fd0ee8dd691e014c409aa2721fafc4b5076?s=96&d=mm&r=g\",\"caption\":\"R G\"},\"url\":\"https:\\\/\\\/www.ffmc72.fr\\\/site\\\/author\\\/r-guillemot\\\/\"}]}<\/script>\n<!-- \/ Yoast SEO plugin. -->","yoast_head_json":{"title":"FFMC 72 - Consultation publique CT2RM, seulement 8500 contributeurs sur 3 millions de motards. Sommes nous une minorit\u00e9? - FFMC 72 - F\u00e9d\u00e9ration Fran\u00e7aise des motards en col\u00e8res de la Sarthe - boycott contr\u00f4le technique moto, contre les ZFE, Adherer, nid de poule, infrastructure, action gazoil, consignes casques, 24h du mans, non au CT2RM, FFMC Sarthe, FFMC 72, F.F.M.C, ERJ, Le Mans, FFMC Le Mans, Veille sur les contr\u00f4les syst\u00e9matiques","description":"FFMC 72 - Consultation publique CT2RM, seulement 8500 contributeurs sur 3 millions de motards. Sommes nous une minorit\u00e9?","robots":{"index":"index","follow":"follow","max-snippet":"max-snippet:-1","max-image-preview":"max-image-preview:large","max-video-preview":"max-video-preview:-1"},"canonical":"https:\/\/www.ffmc72.fr\/site\/consultation-publique-ct2rm-seulement-8500-contributeurs-sur-3-millions-de-motards-sommes-nous-une-minorite\/","og_locale":"fr_FR","og_type":"article","og_title":"FFMC 72 - Consultation publique CT2RM, seulement 8500 contributeurs sur 3 millions de motards. Sommes nous une minorit\u00e9? - FFMC 72 - F\u00e9d\u00e9ration Fran\u00e7aise des motards en col\u00e8res de la Sarthe - boycott contr\u00f4le technique moto, contre les ZFE, Adherer, nid de poule, infrastructure, action gazoil, consignes casques, 24h du mans, non au CT2RM, FFMC Sarthe, FFMC 72, F.F.M.C, ERJ, Le Mans, FFMC Le Mans, Veille sur les contr\u00f4les syst\u00e9matiques","og_description":"FFMC 72 - Consultation publique CT2RM, seulement 8500 contributeurs sur 3 millions de motards. Sommes nous une minorit\u00e9?","og_url":"https:\/\/www.ffmc72.fr\/site\/consultation-publique-ct2rm-seulement-8500-contributeurs-sur-3-millions-de-motards-sommes-nous-une-minorite\/","og_site_name":"FFMC 72 - F\u00e9d\u00e9ration Fran\u00e7aise des motards en col\u00e8res de la Sarthe - boycott contr\u00f4le technique moto, contre les ZFE, Adherer, nid de poule, infrastructure, action gazoil, consignes casques, 24h du mans, non au CT2RM, FFMC Sarthe, FFMC 72, F.F.M.C, ERJ, Le Mans, FFMC Le Mans, Veille sur les contr\u00f4les syst\u00e9matiques","article_publisher":"https:\/\/www.facebook.com\/ffmc72","article_published_time":"2023-07-12T10:01:39+00:00","article_modified_time":"2023-07-12T10:07:05+00:00","og_image":[{"width":563,"height":615,"url":"https:\/\/www.ffmc72.fr\/site\/wp-content\/uploads\/2023\/06\/356377778_673272804841628_750817200458085500_n.jpg","type":"image\/jpeg"}],"author":"R G","twitter_card":"summary_large_image","twitter_misc":{"\u00c9crit par":"R G","Dur\u00e9e de lecture estim\u00e9e":"4 minutes"},"schema":{"@context":"https:\/\/schema.org","@graph":[{"@type":"Article","@id":"https:\/\/www.ffmc72.fr\/site\/consultation-publique-ct2rm-seulement-8500-contributeurs-sur-3-millions-de-motards-sommes-nous-une-minorite\/#article","isPartOf":{"@id":"https:\/\/www.ffmc72.fr\/site\/consultation-publique-ct2rm-seulement-8500-contributeurs-sur-3-millions-de-motards-sommes-nous-une-minorite\/"},"author":{"name":"R G","@id":"https:\/\/www.ffmc72.fr\/site\/#\/schema\/person\/e534e5a954de4d861a155e8607164ea3"},"headline":"Consultation publique CT2RM, seulement 8500 contributeurs sur 3 millions de motards. Sommes nous une minorit\u00e9?","datePublished":"2023-07-12T10:01:39+00:00","dateModified":"2023-07-12T10:07:05+00:00","mainEntityOfPage":{"@id":"https:\/\/www.ffmc72.fr\/site\/consultation-publique-ct2rm-seulement-8500-contributeurs-sur-3-millions-de-motards-sommes-nous-une-minorite\/"},"wordCount":751,"publisher":{"@id":"https:\/\/www.ffmc72.fr\/site\/#organization"},"image":{"@id":"https:\/\/www.ffmc72.fr\/site\/consultation-publique-ct2rm-seulement-8500-contributeurs-sur-3-millions-de-motards-sommes-nous-une-minorite\/#primaryimage"},"thumbnailUrl":"https:\/\/www.ffmc72.fr\/site\/wp-content\/uploads\/2023\/06\/356377778_673272804841628_750817200458085500_n.jpg","articleSection":["billet d'humeur","Divers"],"inLanguage":"fr-FR"},{"@type":"WebPage","@id":"https:\/\/www.ffmc72.fr\/site\/consultation-publique-ct2rm-seulement-8500-contributeurs-sur-3-millions-de-motards-sommes-nous-une-minorite\/","url":"https:\/\/www.ffmc72.fr\/site\/consultation-publique-ct2rm-seulement-8500-contributeurs-sur-3-millions-de-motards-sommes-nous-une-minorite\/","name":"FFMC 72 - Consultation publique CT2RM, seulement 8500 contributeurs sur 3 millions de motards. Sommes nous une minorit\u00e9? - FFMC 72 - F\u00e9d\u00e9ration Fran\u00e7aise des motards en col\u00e8res de la Sarthe - boycott contr\u00f4le technique moto, contre les ZFE, Adherer, nid de poule, infrastructure, action gazoil, consignes casques, 24h du mans, non au CT2RM, FFMC Sarthe, FFMC 72, F.F.M.C, ERJ, Le Mans, FFMC Le Mans, Veille sur les contr\u00f4les syst\u00e9matiques","isPartOf":{"@id":"https:\/\/www.ffmc72.fr\/site\/#website"},"primaryImageOfPage":{"@id":"https:\/\/www.ffmc72.fr\/site\/consultation-publique-ct2rm-seulement-8500-contributeurs-sur-3-millions-de-motards-sommes-nous-une-minorite\/#primaryimage"},"image":{"@id":"https:\/\/www.ffmc72.fr\/site\/consultation-publique-ct2rm-seulement-8500-contributeurs-sur-3-millions-de-motards-sommes-nous-une-minorite\/#primaryimage"},"thumbnailUrl":"https:\/\/www.ffmc72.fr\/site\/wp-content\/uploads\/2023\/06\/356377778_673272804841628_750817200458085500_n.jpg","datePublished":"2023-07-12T10:01:39+00:00","dateModified":"2023-07-12T10:07:05+00:00","description":"FFMC 72 - Consultation publique CT2RM, seulement 8500 contributeurs sur 3 millions de motards. Sommes nous une minorit\u00e9?","breadcrumb":{"@id":"https:\/\/www.ffmc72.fr\/site\/consultation-publique-ct2rm-seulement-8500-contributeurs-sur-3-millions-de-motards-sommes-nous-une-minorite\/#breadcrumb"},"inLanguage":"fr-FR","potentialAction":[{"@type":"ReadAction","target":["https:\/\/www.ffmc72.fr\/site\/consultation-publique-ct2rm-seulement-8500-contributeurs-sur-3-millions-de-motards-sommes-nous-une-minorite\/"]}]},{"@type":"ImageObject","inLanguage":"fr-FR","@id":"https:\/\/www.ffmc72.fr\/site\/consultation-publique-ct2rm-seulement-8500-contributeurs-sur-3-millions-de-motards-sommes-nous-une-minorite\/#primaryimage","url":"https:\/\/www.ffmc72.fr\/site\/wp-content\/uploads\/2023\/06\/356377778_673272804841628_750817200458085500_n.jpg","contentUrl":"https:\/\/www.ffmc72.fr\/site\/wp-content\/uploads\/2023\/06\/356377778_673272804841628_750817200458085500_n.jpg","width":563,"height":615},{"@type":"BreadcrumbList","@id":"https:\/\/www.ffmc72.fr\/site\/consultation-publique-ct2rm-seulement-8500-contributeurs-sur-3-millions-de-motards-sommes-nous-une-minorite\/#breadcrumb","itemListElement":[{"@type":"ListItem","position":1,"name":"Accueil","item":"https:\/\/www.ffmc72.fr\/site\/"},{"@type":"ListItem","position":2,"name":"Consultation publique CT2RM, seulement 8500 contributeurs sur 3 millions de motards. Sommes nous une minorit\u00e9?"}]},{"@type":"WebSite","@id":"https:\/\/www.ffmc72.fr\/site\/#website","url":"https:\/\/www.ffmc72.fr\/site\/","name":"FFMC 72 - F\u00e9d\u00e9ration Fran\u00e7aise des motards en col\u00e8res de la Sarthe - boycott contr\u00f4le technique moto, contre les ZFE, Adherer, nid de poule, infrastructure, action gazoil, consignes casques, 24h du mans, non au CT2RM, FFMC Sarthe, FFMC 72, F.F.M.C, ERJ, Le Mans, FFMC Le Mans, Veille sur les contr\u00f4les syst\u00e9matiques","description":"Plus nombreux, plus fort, rejoint la FFMC","publisher":{"@id":"https:\/\/www.ffmc72.fr\/site\/#organization"},"alternateName":"FFMC 72","potentialAction":[{"@type":"SearchAction","target":{"@type":"EntryPoint","urlTemplate":"https:\/\/www.ffmc72.fr\/site\/?s={search_term_string}"},"query-input":{"@type":"PropertyValueSpecification","valueRequired":true,"valueName":"search_term_string"}}],"inLanguage":"fr-FR"},{"@type":"Organization","@id":"https:\/\/www.ffmc72.fr\/site\/#organization","name":"FFMC 72","url":"https:\/\/www.ffmc72.fr\/site\/","logo":{"@type":"ImageObject","inLanguage":"fr-FR","@id":"https:\/\/www.ffmc72.fr\/site\/#\/schema\/logo\/image\/","url":"https:\/\/www.ffmc72.fr\/site\/wp-content\/uploads\/2020\/05\/sticker-partenaire.jpg","contentUrl":"https:\/\/www.ffmc72.fr\/site\/wp-content\/uploads\/2020\/05\/sticker-partenaire.jpg","width":1024,"height":239,"caption":"FFMC 72"},"image":{"@id":"https:\/\/www.ffmc72.fr\/site\/#\/schema\/logo\/image\/"},"sameAs":["https:\/\/www.facebook.com\/ffmc72"]},{"@type":"Person","@id":"https:\/\/www.ffmc72.fr\/site\/#\/schema\/person\/e534e5a954de4d861a155e8607164ea3","name":"R G","image":{"@type":"ImageObject","inLanguage":"fr-FR","@id":"https:\/\/secure.gravatar.com\/avatar\/07ef0ebd2018ce6d2ba339e1b56a6fd0ee8dd691e014c409aa2721fafc4b5076?s=96&d=mm&r=g","url":"https:\/\/secure.gravatar.com\/avatar\/07ef0ebd2018ce6d2ba339e1b56a6fd0ee8dd691e014c409aa2721fafc4b5076?s=96&d=mm&r=g","contentUrl":"https:\/\/secure.gravatar.com\/avatar\/07ef0ebd2018ce6d2ba339e1b56a6fd0ee8dd691e014c409aa2721fafc4b5076?s=96&d=mm&r=g","caption":"R G"},"url":"https:\/\/www.ffmc72.fr\/site\/author\/r-guillemot\/"}]}},"_links":{"self":[{"href":"https:\/\/www.ffmc72.fr\/site\/wp-json\/wp\/v2\/posts\/2308","targetHints":{"allow":["GET"]}}],"collection":[{"href":"https:\/\/www.ffmc72.fr\/site\/wp-json\/wp\/v2\/posts"}],"about":[{"href":"https:\/\/www.ffmc72.fr\/site\/wp-json\/wp\/v2\/types\/post"}],"author":[{"embeddable":true,"href":"https:\/\/www.ffmc72.fr\/site\/wp-json\/wp\/v2\/users\/4"}],"replies":[{"embeddable":true,"href":"https:\/\/www.ffmc72.fr\/site\/wp-json\/wp\/v2\/comments?post=2308"}],"version-history":[{"count":8,"href":"https:\/\/www.ffmc72.fr\/site\/wp-json\/wp\/v2\/posts\/2308\/revisions"}],"predecessor-version":[{"id":2318,"href":"https:\/\/www.ffmc72.fr\/site\/wp-json\/wp\/v2\/posts\/2308\/revisions\/2318"}],"wp:featuredmedia":[{"embeddable":true,"href":"https:\/\/www.ffmc72.fr\/site\/wp-json\/wp\/v2\/media\/2300"}],"wp:attachment":[{"href":"https:\/\/www.ffmc72.fr\/site\/wp-json\/wp\/v2\/media?parent=2308"}],"wp:term":[{"taxonomy":"category","embeddable":true,"href":"https:\/\/www.ffmc72.fr\/site\/wp-json\/wp\/v2\/categories?post=2308"},{"taxonomy":"post_tag","embeddable":true,"href":"https:\/\/www.ffmc72.fr\/site\/wp-json\/wp\/v2\/tags?post=2308"}],"curies":[{"name":"wp","href":"https:\/\/api.w.org\/{rel}","templated":true}]}}