{"id":215,"date":"2014-04-07T11:18:17","date_gmt":"2014-04-07T10:18:17","guid":{"rendered":"http:\/\/ffmc72.fr\/site\/?p=215"},"modified":"2014-04-09T14:22:23","modified_gmt":"2014-04-09T13:22:23","slug":"departs-le-12-avril-de-sarthe-pour-les-manifestations-limitophes","status":"publish","type":"post","link":"https:\/\/www.ffmc72.fr\/site\/departs-le-12-avril-de-sarthe-pour-les-manifestations-limitophes\/","title":{"rendered":"D\u00e9parts le 12 avril de Sarthe pour les manifestations limitophes"},"content":{"rendered":"<p style=\"text-align: center;\"><a href=\"https:\/\/www.ffmc72.fr\/site\/wp-content\/uploads\/2014\/04\/banniere-inv-12avril.png\"><img loading=\"lazy\" decoding=\"async\" class=\" wp-image-220 aligncenter\" alt=\"banniere-inv-12avril\" src=\"https:\/\/www.ffmc72.fr\/site\/wp-content\/uploads\/2014\/04\/banniere-inv-12avril.png\" width=\"851\" height=\"318\" srcset=\"https:\/\/www.ffmc72.fr\/site\/wp-content\/uploads\/2014\/04\/banniere-inv-12avril.png 851w, https:\/\/www.ffmc72.fr\/site\/wp-content\/uploads\/2014\/04\/banniere-inv-12avril-300x112.png 300w, https:\/\/www.ffmc72.fr\/site\/wp-content\/uploads\/2014\/04\/banniere-inv-12avril-250x93.png 250w, https:\/\/www.ffmc72.fr\/site\/wp-content\/uploads\/2014\/04\/banniere-inv-12avril-700x261.png 700w\" sizes=\"auto, (max-width: 851px) 100vw, 851px\" \/><\/a><\/p>\n<ul>\n<li><strong>Usagers de la route Sarthois :\u00a0<\/strong><span style=\"color: #ff0000;\">Allez grossir les rangs des manifestations limitrophes<\/span> du 12 Avril<\/li>\n<\/ul>\n<ul>\n<li><span style=\"text-decoration: underline;\">Vers la FFMC 28<\/span>\n<ul>\n<li>D\u00e9part \u00e0 14H de la place des Epars \u00e0 Chartres.<\/li>\n<li>Pas de d\u00e9part coordonn\u00e9 de Sarthe<\/li>\n<\/ul>\n<\/li>\n<\/ul>\n<ul>\n<li><span style=\"text-decoration: underline;\">Vers la FFMC 49<\/span>\n<ul>\n<li>D\u00e9part \u00e0 13H Village moto, ZA du Landreau \u00e0 Beaucouz\u00e9<\/li>\n<li>Pas de d\u00e9part coordonn\u00e9 de sarthe<\/li>\n<\/ul>\n<\/li>\n<\/ul>\n<ul>\n<li><span style=\"text-decoration: underline;\">Vers la\u00a0FFMC 53<\/span>\n<ul>\n<li>D\u00e9part \u00e0 11h de la station route de Laval<\/li>\n<li>Manifestation place Jean moulin \u00e0 14h<\/li>\n<\/ul>\n<\/li>\n<\/ul>\n<ul>\n<li><span style=\"text-decoration: underline;\">Vers la\u00a0FFMC 37<\/span>\n<ul>\n<li>Rdv 10h (D\u00e9part 10h30) sur le parking de Family Village<\/li>\n<li>Manifestation d\u00e8s\u00a011h sur le parking de la foire (derri\u00e8re Ik\u00e9a) \u00e0 Tour<\/li>\n<\/ul>\n<\/li>\n<\/ul>\n<ul>\n<li><span style=\"text-decoration: underline;\">Vers la FFMC 61<\/span>\n<ul>\n<li>D\u00e9part de Beaumont \u00e0 12h pour Argentant<\/li>\n<li>Manifestation \u00e0 la Mairie d&rsquo;\u00a0Argentant\u00a0\u00e0 13h30<\/li>\n<\/ul>\n<\/li>\n<\/ul>\n<p>&nbsp;<\/p>\n<p style=\"text-align: center;\"><span style=\"color: #333333; font-family: Oswald, sans-serif; font-size: 36px; font-style: inherit; font-variant: inherit; letter-spacing: 1px; line-height: 1.62em; text-align: center;\">Le 13 Avril c&rsquo;est en SARTHE<\/span><\/p>\n<h1 style=\"text-align: center;\"><strong><span style=\"color: #ff0000;\">Merci \u00e0 tous (FFMC limitrophes et +) de converger vers la Sarthe<br \/>\nla Pr\u00e9fecture du Mans dans la matin\u00e9e<\/span><\/strong><\/h1>\n","protected":false},"excerpt":{"rendered":"<p>Usagers de la route Sarthois :\u00a0Allez grossir les rangs des manifestations limitrophes du 12 Avril Vers la FFMC 28 D\u00e9part \u00e0 14H de la place des Epars \u00e0 Chartres. Pas de d\u00e9part coordonn\u00e9 de Sarthe Vers la FFMC 49 D\u00e9part \u00e0 13H Village moto, ZA du Landreau \u00e0 Beaucouz\u00e9 Pas de d\u00e9part coordonn\u00e9 de sarthe Vers la\u00a0FFMC 53 D\u00e9part \u00e0 11h de la station route de Laval Manifestation place Jean moulin \u00e0 14h Vers la\u00a0FFMC 37 Rdv 10h (D\u00e9part 10h30) sur le parking de Family Village Manifestation d\u00e8s\u00a011h sur le parking de la foire (derri\u00e8re Ik\u00e9a) \u00e0 Tour Vers la&#8230;<\/p>\n<p class=\"continue-reading-button\"> <a class=\"continue-reading-link\" href=\"https:\/\/www.ffmc72.fr\/site\/departs-le-12-avril-de-sarthe-pour-les-manifestations-limitophes\/\">Continuer \u00e0 lire<i class=\"crycon-right-dir\"><\/i><\/a><\/p>\n","protected":false},"author":1,"featured_media":220,"comment_status":"closed","ping_status":"closed","sticky":false,"template":"","format":"standard","meta":{"footnotes":""},"categories":[4],"tags":[],"class_list":["post-215","post","type-post","status-publish","format-standard","has-post-thumbnail","hentry","category-divers"],"yoast_head":"<!-- This site is optimized with the Yoast SEO plugin v27.5 - https:\/\/yoast.com\/product\/yoast-seo-wordpress\/ -->\n<title>FFMC 72 - D\u00e9parts le 12 avril de Sarthe pour les manifestations limitophes - FFMC 72 - F\u00e9d\u00e9ration Fran\u00e7aise des motards en col\u00e8res de la Sarthe - boycott contr\u00f4le technique moto, contre les ZFE, Adherer, nid de poule, infrastructure, action gazoil, consignes casques, 24h du mans, non au CT2RM, FFMC Sarthe, FFMC 72, F.F.M.C, ERJ, Le Mans, FFMC Le Mans, Veille sur les contr\u00f4les syst\u00e9matiques<\/title>\n<meta name=\"description\" content=\"FFMC 72 - D\u00e9parts le 12 avril de Sarthe pour les manifestations limitophes\" \/>\n<meta name=\"robots\" content=\"index, follow, max-snippet:-1, max-image-preview:large, max-video-preview:-1\" \/>\n<link rel=\"canonical\" href=\"https:\/\/www.ffmc72.fr\/site\/departs-le-12-avril-de-sarthe-pour-les-manifestations-limitophes\/\" \/>\n<meta property=\"og:locale\" content=\"fr_FR\" \/>\n<meta property=\"og:type\" content=\"article\" \/>\n<meta property=\"og:title\" content=\"FFMC 72 - D\u00e9parts le 12 avril de Sarthe pour les manifestations limitophes - FFMC 72 - F\u00e9d\u00e9ration Fran\u00e7aise des motards en col\u00e8res de la Sarthe - boycott contr\u00f4le technique moto, contre les ZFE, Adherer, nid de poule, infrastructure, action gazoil, consignes casques, 24h du mans, non au CT2RM, FFMC Sarthe, FFMC 72, F.F.M.C, ERJ, Le Mans, FFMC Le Mans, Veille sur les contr\u00f4les syst\u00e9matiques\" \/>\n<meta property=\"og:description\" content=\"FFMC 72 - D\u00e9parts le 12 avril de Sarthe pour les manifestations limitophes\" \/>\n<meta property=\"og:url\" content=\"https:\/\/www.ffmc72.fr\/site\/departs-le-12-avril-de-sarthe-pour-les-manifestations-limitophes\/\" \/>\n<meta property=\"og:site_name\" content=\"FFMC 72 - F\u00e9d\u00e9ration Fran\u00e7aise des motards en col\u00e8res de la Sarthe - boycott contr\u00f4le technique moto, contre les ZFE, Adherer, nid de poule, infrastructure, action gazoil, consignes casques, 24h du mans, non au CT2RM, FFMC Sarthe, FFMC 72, F.F.M.C, ERJ, Le Mans, FFMC Le Mans, Veille sur les contr\u00f4les syst\u00e9matiques\" \/>\n<meta property=\"article:publisher\" content=\"https:\/\/www.facebook.com\/ffmc72\" \/>\n<meta property=\"article:published_time\" content=\"2014-04-07T10:18:17+00:00\" \/>\n<meta property=\"article:modified_time\" content=\"2014-04-09T13:22:23+00:00\" \/>\n<meta property=\"og:image\" content=\"https:\/\/www.ffmc72.fr\/site\/wp-content\/uploads\/2014\/04\/banniere-inv-12avril.png\" \/>\n\t<meta property=\"og:image:width\" content=\"851\" \/>\n\t<meta property=\"og:image:height\" content=\"318\" \/>\n\t<meta property=\"og:image:type\" content=\"image\/png\" \/>\n<meta name=\"author\" content=\"FFMC72\" \/>\n<meta name=\"twitter:card\" content=\"summary_large_image\" \/>\n<meta name=\"twitter:label1\" content=\"\u00c9crit par\" \/>\n\t<meta name=\"twitter:data1\" content=\"FFMC72\" \/>\n\t<meta name=\"twitter:label2\" content=\"Dur\u00e9e de lecture estim\u00e9e\" \/>\n\t<meta name=\"twitter:data2\" content=\"1 minute\" \/>\n<script type=\"application\/ld+json\" class=\"yoast-schema-graph\">{\"@context\":\"https:\\\/\\\/schema.org\",\"@graph\":[{\"@type\":\"Article\",\"@id\":\"https:\\\/\\\/www.ffmc72.fr\\\/site\\\/departs-le-12-avril-de-sarthe-pour-les-manifestations-limitophes\\\/#article\",\"isPartOf\":{\"@id\":\"https:\\\/\\\/www.ffmc72.fr\\\/site\\\/departs-le-12-avril-de-sarthe-pour-les-manifestations-limitophes\\\/\"},\"author\":{\"name\":\"FFMC72\",\"@id\":\"https:\\\/\\\/www.ffmc72.fr\\\/site\\\/#\\\/schema\\\/person\\\/1d38cb19c128de2eb8c460e34e6bd842\"},\"headline\":\"D\u00e9parts le 12 avril de Sarthe pour les manifestations limitophes\",\"datePublished\":\"2014-04-07T10:18:17+00:00\",\"dateModified\":\"2014-04-09T13:22:23+00:00\",\"mainEntityOfPage\":{\"@id\":\"https:\\\/\\\/www.ffmc72.fr\\\/site\\\/departs-le-12-avril-de-sarthe-pour-les-manifestations-limitophes\\\/\"},\"wordCount\":150,\"publisher\":{\"@id\":\"https:\\\/\\\/www.ffmc72.fr\\\/site\\\/#organization\"},\"image\":{\"@id\":\"https:\\\/\\\/www.ffmc72.fr\\\/site\\\/departs-le-12-avril-de-sarthe-pour-les-manifestations-limitophes\\\/#primaryimage\"},\"thumbnailUrl\":\"https:\\\/\\\/www.ffmc72.fr\\\/site\\\/wp-content\\\/uploads\\\/2014\\\/04\\\/banniere-inv-12avril.png\",\"articleSection\":[\"Divers\"],\"inLanguage\":\"fr-FR\"},{\"@type\":\"WebPage\",\"@id\":\"https:\\\/\\\/www.ffmc72.fr\\\/site\\\/departs-le-12-avril-de-sarthe-pour-les-manifestations-limitophes\\\/\",\"url\":\"https:\\\/\\\/www.ffmc72.fr\\\/site\\\/departs-le-12-avril-de-sarthe-pour-les-manifestations-limitophes\\\/\",\"name\":\"FFMC 72 - D\u00e9parts le 12 avril de Sarthe pour les manifestations limitophes - FFMC 72 - F\u00e9d\u00e9ration Fran\u00e7aise des motards en col\u00e8res de la Sarthe - boycott contr\u00f4le technique moto, contre les ZFE, Adherer, nid de poule, infrastructure, action gazoil, consignes casques, 24h du mans, non au CT2RM, FFMC Sarthe, FFMC 72, F.F.M.C, ERJ, Le Mans, FFMC Le Mans, Veille sur les contr\u00f4les syst\u00e9matiques\",\"isPartOf\":{\"@id\":\"https:\\\/\\\/www.ffmc72.fr\\\/site\\\/#website\"},\"primaryImageOfPage\":{\"@id\":\"https:\\\/\\\/www.ffmc72.fr\\\/site\\\/departs-le-12-avril-de-sarthe-pour-les-manifestations-limitophes\\\/#primaryimage\"},\"image\":{\"@id\":\"https:\\\/\\\/www.ffmc72.fr\\\/site\\\/departs-le-12-avril-de-sarthe-pour-les-manifestations-limitophes\\\/#primaryimage\"},\"thumbnailUrl\":\"https:\\\/\\\/www.ffmc72.fr\\\/site\\\/wp-content\\\/uploads\\\/2014\\\/04\\\/banniere-inv-12avril.png\",\"datePublished\":\"2014-04-07T10:18:17+00:00\",\"dateModified\":\"2014-04-09T13:22:23+00:00\",\"description\":\"FFMC 72 - D\u00e9parts le 12 avril de Sarthe pour les manifestations limitophes\",\"breadcrumb\":{\"@id\":\"https:\\\/\\\/www.ffmc72.fr\\\/site\\\/departs-le-12-avril-de-sarthe-pour-les-manifestations-limitophes\\\/#breadcrumb\"},\"inLanguage\":\"fr-FR\",\"potentialAction\":[{\"@type\":\"ReadAction\",\"target\":[\"https:\\\/\\\/www.ffmc72.fr\\\/site\\\/departs-le-12-avril-de-sarthe-pour-les-manifestations-limitophes\\\/\"]}]},{\"@type\":\"ImageObject\",\"inLanguage\":\"fr-FR\",\"@id\":\"https:\\\/\\\/www.ffmc72.fr\\\/site\\\/departs-le-12-avril-de-sarthe-pour-les-manifestations-limitophes\\\/#primaryimage\",\"url\":\"https:\\\/\\\/www.ffmc72.fr\\\/site\\\/wp-content\\\/uploads\\\/2014\\\/04\\\/banniere-inv-12avril.png\",\"contentUrl\":\"https:\\\/\\\/www.ffmc72.fr\\\/site\\\/wp-content\\\/uploads\\\/2014\\\/04\\\/banniere-inv-12avril.png\",\"width\":851,\"height\":318},{\"@type\":\"BreadcrumbList\",\"@id\":\"https:\\\/\\\/www.ffmc72.fr\\\/site\\\/departs-le-12-avril-de-sarthe-pour-les-manifestations-limitophes\\\/#breadcrumb\",\"itemListElement\":[{\"@type\":\"ListItem\",\"position\":1,\"name\":\"Accueil\",\"item\":\"https:\\\/\\\/www.ffmc72.fr\\\/site\\\/\"},{\"@type\":\"ListItem\",\"position\":2,\"name\":\"D\u00e9parts le 12 avril de Sarthe pour les manifestations limitophes\"}]},{\"@type\":\"WebSite\",\"@id\":\"https:\\\/\\\/www.ffmc72.fr\\\/site\\\/#website\",\"url\":\"https:\\\/\\\/www.ffmc72.fr\\\/site\\\/\",\"name\":\"FFMC 72 - F\u00e9d\u00e9ration Fran\u00e7aise des motards en col\u00e8res de la Sarthe - boycott contr\u00f4le technique moto, contre les ZFE, Adherer, nid de poule, infrastructure, action gazoil, consignes casques, 24h du mans, non au CT2RM, FFMC Sarthe, FFMC 72, F.F.M.C, ERJ, Le Mans, FFMC Le Mans, Veille sur les contr\u00f4les syst\u00e9matiques\",\"description\":\"Plus nombreux, plus fort, rejoint la FFMC\",\"publisher\":{\"@id\":\"https:\\\/\\\/www.ffmc72.fr\\\/site\\\/#organization\"},\"alternateName\":\"FFMC 72\",\"potentialAction\":[{\"@type\":\"SearchAction\",\"target\":{\"@type\":\"EntryPoint\",\"urlTemplate\":\"https:\\\/\\\/www.ffmc72.fr\\\/site\\\/?s={search_term_string}\"},\"query-input\":{\"@type\":\"PropertyValueSpecification\",\"valueRequired\":true,\"valueName\":\"search_term_string\"}}],\"inLanguage\":\"fr-FR\"},{\"@type\":\"Organization\",\"@id\":\"https:\\\/\\\/www.ffmc72.fr\\\/site\\\/#organization\",\"name\":\"FFMC 72\",\"url\":\"https:\\\/\\\/www.ffmc72.fr\\\/site\\\/\",\"logo\":{\"@type\":\"ImageObject\",\"inLanguage\":\"fr-FR\",\"@id\":\"https:\\\/\\\/www.ffmc72.fr\\\/site\\\/#\\\/schema\\\/logo\\\/image\\\/\",\"url\":\"https:\\\/\\\/www.ffmc72.fr\\\/site\\\/wp-content\\\/uploads\\\/2020\\\/05\\\/sticker-partenaire.jpg\",\"contentUrl\":\"https:\\\/\\\/www.ffmc72.fr\\\/site\\\/wp-content\\\/uploads\\\/2020\\\/05\\\/sticker-partenaire.jpg\",\"width\":1024,\"height\":239,\"caption\":\"FFMC 72\"},\"image\":{\"@id\":\"https:\\\/\\\/www.ffmc72.fr\\\/site\\\/#\\\/schema\\\/logo\\\/image\\\/\"},\"sameAs\":[\"https:\\\/\\\/www.facebook.com\\\/ffmc72\"]},{\"@type\":\"Person\",\"@id\":\"https:\\\/\\\/www.ffmc72.fr\\\/site\\\/#\\\/schema\\\/person\\\/1d38cb19c128de2eb8c460e34e6bd842\",\"name\":\"FFMC72\",\"image\":{\"@type\":\"ImageObject\",\"inLanguage\":\"fr-FR\",\"@id\":\"https:\\\/\\\/secure.gravatar.com\\\/avatar\\\/ffe2b5245938875072ece2e5953c5bddc18ebd61b36f80745e44b39d49944dc3?s=96&d=mm&r=g\",\"url\":\"https:\\\/\\\/secure.gravatar.com\\\/avatar\\\/ffe2b5245938875072ece2e5953c5bddc18ebd61b36f80745e44b39d49944dc3?s=96&d=mm&r=g\",\"contentUrl\":\"https:\\\/\\\/secure.gravatar.com\\\/avatar\\\/ffe2b5245938875072ece2e5953c5bddc18ebd61b36f80745e44b39d49944dc3?s=96&d=mm&r=g\",\"caption\":\"FFMC72\"},\"url\":\"https:\\\/\\\/www.ffmc72.fr\\\/site\\\/author\\\/ffmc72\\\/\"}]}<\/script>\n<!-- \/ Yoast SEO plugin. -->","yoast_head_json":{"title":"FFMC 72 - D\u00e9parts le 12 avril de Sarthe pour les manifestations limitophes - FFMC 72 - F\u00e9d\u00e9ration Fran\u00e7aise des motards en col\u00e8res de la Sarthe - boycott contr\u00f4le technique moto, contre les ZFE, Adherer, nid de poule, infrastructure, action gazoil, consignes casques, 24h du mans, non au CT2RM, FFMC Sarthe, FFMC 72, F.F.M.C, ERJ, Le Mans, FFMC Le Mans, Veille sur les contr\u00f4les syst\u00e9matiques","description":"FFMC 72 - D\u00e9parts le 12 avril de Sarthe pour les manifestations limitophes","robots":{"index":"index","follow":"follow","max-snippet":"max-snippet:-1","max-image-preview":"max-image-preview:large","max-video-preview":"max-video-preview:-1"},"canonical":"https:\/\/www.ffmc72.fr\/site\/departs-le-12-avril-de-sarthe-pour-les-manifestations-limitophes\/","og_locale":"fr_FR","og_type":"article","og_title":"FFMC 72 - D\u00e9parts le 12 avril de Sarthe pour les manifestations limitophes - FFMC 72 - F\u00e9d\u00e9ration Fran\u00e7aise des motards en col\u00e8res de la Sarthe - boycott contr\u00f4le technique moto, contre les ZFE, Adherer, nid de poule, infrastructure, action gazoil, consignes casques, 24h du mans, non au CT2RM, FFMC Sarthe, FFMC 72, F.F.M.C, ERJ, Le Mans, FFMC Le Mans, Veille sur les contr\u00f4les syst\u00e9matiques","og_description":"FFMC 72 - D\u00e9parts le 12 avril de Sarthe pour les manifestations limitophes","og_url":"https:\/\/www.ffmc72.fr\/site\/departs-le-12-avril-de-sarthe-pour-les-manifestations-limitophes\/","og_site_name":"FFMC 72 - F\u00e9d\u00e9ration Fran\u00e7aise des motards en col\u00e8res de la Sarthe - boycott contr\u00f4le technique moto, contre les ZFE, Adherer, nid de poule, infrastructure, action gazoil, consignes casques, 24h du mans, non au CT2RM, FFMC Sarthe, FFMC 72, F.F.M.C, ERJ, Le Mans, FFMC Le Mans, Veille sur les contr\u00f4les syst\u00e9matiques","article_publisher":"https:\/\/www.facebook.com\/ffmc72","article_published_time":"2014-04-07T10:18:17+00:00","article_modified_time":"2014-04-09T13:22:23+00:00","og_image":[{"width":851,"height":318,"url":"https:\/\/www.ffmc72.fr\/site\/wp-content\/uploads\/2014\/04\/banniere-inv-12avril.png","type":"image\/png"}],"author":"FFMC72","twitter_card":"summary_large_image","twitter_misc":{"\u00c9crit par":"FFMC72","Dur\u00e9e de lecture estim\u00e9e":"1 minute"},"schema":{"@context":"https:\/\/schema.org","@graph":[{"@type":"Article","@id":"https:\/\/www.ffmc72.fr\/site\/departs-le-12-avril-de-sarthe-pour-les-manifestations-limitophes\/#article","isPartOf":{"@id":"https:\/\/www.ffmc72.fr\/site\/departs-le-12-avril-de-sarthe-pour-les-manifestations-limitophes\/"},"author":{"name":"FFMC72","@id":"https:\/\/www.ffmc72.fr\/site\/#\/schema\/person\/1d38cb19c128de2eb8c460e34e6bd842"},"headline":"D\u00e9parts le 12 avril de Sarthe pour les manifestations limitophes","datePublished":"2014-04-07T10:18:17+00:00","dateModified":"2014-04-09T13:22:23+00:00","mainEntityOfPage":{"@id":"https:\/\/www.ffmc72.fr\/site\/departs-le-12-avril-de-sarthe-pour-les-manifestations-limitophes\/"},"wordCount":150,"publisher":{"@id":"https:\/\/www.ffmc72.fr\/site\/#organization"},"image":{"@id":"https:\/\/www.ffmc72.fr\/site\/departs-le-12-avril-de-sarthe-pour-les-manifestations-limitophes\/#primaryimage"},"thumbnailUrl":"https:\/\/www.ffmc72.fr\/site\/wp-content\/uploads\/2014\/04\/banniere-inv-12avril.png","articleSection":["Divers"],"inLanguage":"fr-FR"},{"@type":"WebPage","@id":"https:\/\/www.ffmc72.fr\/site\/departs-le-12-avril-de-sarthe-pour-les-manifestations-limitophes\/","url":"https:\/\/www.ffmc72.fr\/site\/departs-le-12-avril-de-sarthe-pour-les-manifestations-limitophes\/","name":"FFMC 72 - D\u00e9parts le 12 avril de Sarthe pour les manifestations limitophes - FFMC 72 - F\u00e9d\u00e9ration Fran\u00e7aise des motards en col\u00e8res de la Sarthe - boycott contr\u00f4le technique moto, contre les ZFE, Adherer, nid de poule, infrastructure, action gazoil, consignes casques, 24h du mans, non au CT2RM, FFMC Sarthe, FFMC 72, F.F.M.C, ERJ, Le Mans, FFMC Le Mans, Veille sur les contr\u00f4les syst\u00e9matiques","isPartOf":{"@id":"https:\/\/www.ffmc72.fr\/site\/#website"},"primaryImageOfPage":{"@id":"https:\/\/www.ffmc72.fr\/site\/departs-le-12-avril-de-sarthe-pour-les-manifestations-limitophes\/#primaryimage"},"image":{"@id":"https:\/\/www.ffmc72.fr\/site\/departs-le-12-avril-de-sarthe-pour-les-manifestations-limitophes\/#primaryimage"},"thumbnailUrl":"https:\/\/www.ffmc72.fr\/site\/wp-content\/uploads\/2014\/04\/banniere-inv-12avril.png","datePublished":"2014-04-07T10:18:17+00:00","dateModified":"2014-04-09T13:22:23+00:00","description":"FFMC 72 - D\u00e9parts le 12 avril de Sarthe pour les manifestations limitophes","breadcrumb":{"@id":"https:\/\/www.ffmc72.fr\/site\/departs-le-12-avril-de-sarthe-pour-les-manifestations-limitophes\/#breadcrumb"},"inLanguage":"fr-FR","potentialAction":[{"@type":"ReadAction","target":["https:\/\/www.ffmc72.fr\/site\/departs-le-12-avril-de-sarthe-pour-les-manifestations-limitophes\/"]}]},{"@type":"ImageObject","inLanguage":"fr-FR","@id":"https:\/\/www.ffmc72.fr\/site\/departs-le-12-avril-de-sarthe-pour-les-manifestations-limitophes\/#primaryimage","url":"https:\/\/www.ffmc72.fr\/site\/wp-content\/uploads\/2014\/04\/banniere-inv-12avril.png","contentUrl":"https:\/\/www.ffmc72.fr\/site\/wp-content\/uploads\/2014\/04\/banniere-inv-12avril.png","width":851,"height":318},{"@type":"BreadcrumbList","@id":"https:\/\/www.ffmc72.fr\/site\/departs-le-12-avril-de-sarthe-pour-les-manifestations-limitophes\/#breadcrumb","itemListElement":[{"@type":"ListItem","position":1,"name":"Accueil","item":"https:\/\/www.ffmc72.fr\/site\/"},{"@type":"ListItem","position":2,"name":"D\u00e9parts le 12 avril de Sarthe pour les manifestations limitophes"}]},{"@type":"WebSite","@id":"https:\/\/www.ffmc72.fr\/site\/#website","url":"https:\/\/www.ffmc72.fr\/site\/","name":"FFMC 72 - F\u00e9d\u00e9ration Fran\u00e7aise des motards en col\u00e8res de la Sarthe - boycott contr\u00f4le technique moto, contre les ZFE, Adherer, nid de poule, infrastructure, action gazoil, consignes casques, 24h du mans, non au CT2RM, FFMC Sarthe, FFMC 72, F.F.M.C, ERJ, Le Mans, FFMC Le Mans, Veille sur les contr\u00f4les syst\u00e9matiques","description":"Plus nombreux, plus fort, rejoint la FFMC","publisher":{"@id":"https:\/\/www.ffmc72.fr\/site\/#organization"},"alternateName":"FFMC 72","potentialAction":[{"@type":"SearchAction","target":{"@type":"EntryPoint","urlTemplate":"https:\/\/www.ffmc72.fr\/site\/?s={search_term_string}"},"query-input":{"@type":"PropertyValueSpecification","valueRequired":true,"valueName":"search_term_string"}}],"inLanguage":"fr-FR"},{"@type":"Organization","@id":"https:\/\/www.ffmc72.fr\/site\/#organization","name":"FFMC 72","url":"https:\/\/www.ffmc72.fr\/site\/","logo":{"@type":"ImageObject","inLanguage":"fr-FR","@id":"https:\/\/www.ffmc72.fr\/site\/#\/schema\/logo\/image\/","url":"https:\/\/www.ffmc72.fr\/site\/wp-content\/uploads\/2020\/05\/sticker-partenaire.jpg","contentUrl":"https:\/\/www.ffmc72.fr\/site\/wp-content\/uploads\/2020\/05\/sticker-partenaire.jpg","width":1024,"height":239,"caption":"FFMC 72"},"image":{"@id":"https:\/\/www.ffmc72.fr\/site\/#\/schema\/logo\/image\/"},"sameAs":["https:\/\/www.facebook.com\/ffmc72"]},{"@type":"Person","@id":"https:\/\/www.ffmc72.fr\/site\/#\/schema\/person\/1d38cb19c128de2eb8c460e34e6bd842","name":"FFMC72","image":{"@type":"ImageObject","inLanguage":"fr-FR","@id":"https:\/\/secure.gravatar.com\/avatar\/ffe2b5245938875072ece2e5953c5bddc18ebd61b36f80745e44b39d49944dc3?s=96&d=mm&r=g","url":"https:\/\/secure.gravatar.com\/avatar\/ffe2b5245938875072ece2e5953c5bddc18ebd61b36f80745e44b39d49944dc3?s=96&d=mm&r=g","contentUrl":"https:\/\/secure.gravatar.com\/avatar\/ffe2b5245938875072ece2e5953c5bddc18ebd61b36f80745e44b39d49944dc3?s=96&d=mm&r=g","caption":"FFMC72"},"url":"https:\/\/www.ffmc72.fr\/site\/author\/ffmc72\/"}]}},"_links":{"self":[{"href":"https:\/\/www.ffmc72.fr\/site\/wp-json\/wp\/v2\/posts\/215","targetHints":{"allow":["GET"]}}],"collection":[{"href":"https:\/\/www.ffmc72.fr\/site\/wp-json\/wp\/v2\/posts"}],"about":[{"href":"https:\/\/www.ffmc72.fr\/site\/wp-json\/wp\/v2\/types\/post"}],"author":[{"embeddable":true,"href":"https:\/\/www.ffmc72.fr\/site\/wp-json\/wp\/v2\/users\/1"}],"replies":[{"embeddable":true,"href":"https:\/\/www.ffmc72.fr\/site\/wp-json\/wp\/v2\/comments?post=215"}],"version-history":[{"count":15,"href":"https:\/\/www.ffmc72.fr\/site\/wp-json\/wp\/v2\/posts\/215\/revisions"}],"predecessor-version":[{"id":239,"href":"https:\/\/www.ffmc72.fr\/site\/wp-json\/wp\/v2\/posts\/215\/revisions\/239"}],"wp:featuredmedia":[{"embeddable":true,"href":"https:\/\/www.ffmc72.fr\/site\/wp-json\/wp\/v2\/media\/220"}],"wp:attachment":[{"href":"https:\/\/www.ffmc72.fr\/site\/wp-json\/wp\/v2\/media?parent=215"}],"wp:term":[{"taxonomy":"category","embeddable":true,"href":"https:\/\/www.ffmc72.fr\/site\/wp-json\/wp\/v2\/categories?post=215"},{"taxonomy":"post_tag","embeddable":true,"href":"https:\/\/www.ffmc72.fr\/site\/wp-json\/wp\/v2\/tags?post=215"}],"curies":[{"name":"wp","href":"https:\/\/api.w.org\/{rel}","templated":true}]}}