{"id":196,"date":"2014-04-02T09:29:45","date_gmt":"2014-04-02T08:29:45","guid":{"rendered":"http:\/\/ffmc72.fr\/site\/?p=196"},"modified":"2014-04-04T12:54:14","modified_gmt":"2014-04-04T11:54:14","slug":"13-avril-non-a-linflation-securitaire","status":"publish","type":"post","link":"https:\/\/www.ffmc72.fr\/site\/13-avril-non-a-linflation-securitaire\/","title":{"rendered":"13 Avril : Non ! \u00e0 l&rsquo;inflation s\u00e9curitaire"},"content":{"rendered":"<p><a href=\"https:\/\/www.ffmc72.fr\/site\/wp-content\/uploads\/2014\/04\/affiche-manif-13-avril-v130.png\"><img loading=\"lazy\" decoding=\"async\" class=\"size-medium wp-image-201 aligncenter\" alt=\"Manif 13 avril\" src=\"https:\/\/www.ffmc72.fr\/site\/wp-content\/uploads\/2014\/04\/affiche-manif-13-avril-v130-208x300.png\" width=\"208\" height=\"300\" srcset=\"https:\/\/www.ffmc72.fr\/site\/wp-content\/uploads\/2014\/04\/affiche-manif-13-avril-v130-208x300.png 208w, https:\/\/www.ffmc72.fr\/site\/wp-content\/uploads\/2014\/04\/affiche-manif-13-avril-v130-712x1024.png 712w, https:\/\/www.ffmc72.fr\/site\/wp-content\/uploads\/2014\/04\/affiche-manif-13-avril-v130-250x359.png 250w, https:\/\/www.ffmc72.fr\/site\/wp-content\/uploads\/2014\/04\/affiche-manif-13-avril-v130-700x1006.png 700w\" sizes=\"auto, (max-width: 208px) 100vw, 208px\" \/><\/a><\/p>\n<ul>\n<li><span style=\"text-decoration: underline;\">\u00a0Usagers de la route Sarthois :<\/span> Allez grossir les rangs des manifestations limitrophes du 12 Avril<\/li>\n<li><span style=\"text-decoration: underline;\">Le 13 Avril :<\/span> \u00a0Merci aux FFMC limitrophes\u00a0de converger vers la Pr\u00e9fecture du Mans dans la matin\u00e9e<\/li>\n<\/ul>\n<p>&nbsp;<\/p>\n<h1 style=\"text-align: center;\"><strong><span style=\"color: #000000;\">Baisse de la vitesse maxi autoris\u00e9e\u00a0:<\/span><\/strong><\/h1>\n<h1 style=\"text-align: center;\" align=\"center\"><strong><span style=\"color: #000000;\">non \u00e0 l\u2019inflation s\u00e9curitaire\u00a0!<\/span><\/strong><\/h1>\n<p><strong>Manuel Valls s\u2019est d\u00e9clar\u00e9 favorable \u00e0 une nouvelle limitation de vitesse \u00e0 80 km\/h sur le r\u00e9seau secondaire. Cette annonce de l\u2019hyper-ministre est inspir\u00e9e par un petit comit\u00e9 d\u2019experts qui veulent atteindre un objectif d\u00e9cr\u00e9t\u00e9 par les technocrates de l\u2019Union europ\u00e9enne\u00a0: faire chuter la mortalit\u00e9 routi\u00e8re par les moyens les plus rapides.<\/strong><\/p>\n<p>Sans attendre l\u2019avis du Conseil national de s\u00e9curit\u00e9 routi\u00e8re qu\u2019il a lui-m\u00eame mis en place, Manuel Valls opte pour la m\u00e9thode la plus simple \u00a0(gr\u00e2ce aux radars automatiques)\u2026 et qui ne co\u00fbte pas grand-chose.<\/p>\n<p>La FFMC d\u00e9nonce cette surench\u00e8re r\u00e9glementaire qui consiste \u00e0 toujours contraindre les usagers par la menace de la r\u00e9pression, plut\u00f4t que de travailler \u00e0 d\u2019autres alternatives\u00a0:<\/p>\n<ul>\n<li>donner enfin des moyens \u00e0 la formation, \u00e9ternel parent pauvre de la s\u00e9curit\u00e9 routi\u00e8re<\/li>\n<\/ul>\n<ul>\n<li>prendre en compte les sp\u00e9cificit\u00e9s de circulation des usagers en 2RM, cat\u00e9gorie la plus fragile, notamment en faisant appliquer les recommandations existantes pour des infrastructures routi\u00e8res moins dangereuses.<\/li>\n<\/ul>\n<p>Pour la FFMC, la s\u00e9curit\u00e9 routi\u00e8re devrait \u00eatre fond\u00e9e sur le partage de la route, l\u2019apaisement des comportements, l\u2019anticipation\u2026 mais avec une s\u00e9curit\u00e9 routi\u00e8re dict\u00e9e par le minist\u00e8re de l\u2018Int\u00e9rieur, c\u2019est encore et toujours la politique du b\u00e2ton qu\u2019on retrouve \u00e0 l\u2019ext\u00e9rieur\u00a0!<\/p>\n<p>&nbsp;<\/p>\n<h1 align=\"center\"><b>Une autre s\u00e9curit\u00e9 routi\u00e8re est possible,<\/b><\/h1>\n<h1 align=\"center\"><b>avec et pour les usagers et non contre eux\u00a0!<\/b><\/h1>\n<p>&nbsp;<\/p>\n<p style=\"text-align: center;\">\u00a0<a href=\"https:\/\/www.ffmc72.fr\/site\/wp-content\/uploads\/2014\/04\/tract-manif-13-avril-recto.png\"><img loading=\"lazy\" decoding=\"async\" class=\"alignnone size-medium wp-image-202\" alt=\"tract-manif-13-avril-recto\" src=\"https:\/\/www.ffmc72.fr\/site\/wp-content\/uploads\/2014\/04\/tract-manif-13-avril-recto-212x300.png\" width=\"212\" height=\"300\" srcset=\"https:\/\/www.ffmc72.fr\/site\/wp-content\/uploads\/2014\/04\/tract-manif-13-avril-recto-212x300.png 212w, https:\/\/www.ffmc72.fr\/site\/wp-content\/uploads\/2014\/04\/tract-manif-13-avril-recto-723x1024.png 723w, https:\/\/www.ffmc72.fr\/site\/wp-content\/uploads\/2014\/04\/tract-manif-13-avril-recto-250x353.png 250w, https:\/\/www.ffmc72.fr\/site\/wp-content\/uploads\/2014\/04\/tract-manif-13-avril-recto-700x990.png 700w\" sizes=\"auto, (max-width: 212px) 100vw, 212px\" \/><\/a><a href=\"https:\/\/www.ffmc72.fr\/site\/wp-content\/uploads\/2014\/04\/tract-manif-13-avril-verso-v2.png\"><img loading=\"lazy\" decoding=\"async\" alt=\"tract-manif-13-avril-verso-v2\" src=\"https:\/\/www.ffmc72.fr\/site\/wp-content\/uploads\/2014\/04\/tract-manif-13-avril-verso-v2-212x300.png\" width=\"212\" height=\"300\" \/><\/a><\/p>\n<p style=\"text-align: center;\"><em>Le tract qui sera distribu\u00e9 lors de la manifestation.<\/em><\/p>\n<p style=\"text-align: center;\"><a href=\"https:\/\/www.ffmc72.fr\/site\/wp-content\/uploads\/2014\/04\/Capture-plein-\u00e9cran-31032014-182917.bmp.jpg\"><img loading=\"lazy\" decoding=\"async\" class=\"alignnone size-medium wp-image-204\" alt=\"Capture plein \u00e9cran 31032014 182917.bmp\" src=\"https:\/\/www.ffmc72.fr\/site\/wp-content\/uploads\/2014\/04\/Capture-plein-\u00e9cran-31032014-182917.bmp-300x157.jpg\" width=\"300\" height=\"157\" srcset=\"https:\/\/www.ffmc72.fr\/site\/wp-content\/uploads\/2014\/04\/Capture-plein-\u00e9cran-31032014-182917.bmp-300x157.jpg 300w, https:\/\/www.ffmc72.fr\/site\/wp-content\/uploads\/2014\/04\/Capture-plein-\u00e9cran-31032014-182917.bmp-1024x536.jpg 1024w, https:\/\/www.ffmc72.fr\/site\/wp-content\/uploads\/2014\/04\/Capture-plein-\u00e9cran-31032014-182917.bmp-250x130.jpg 250w, https:\/\/www.ffmc72.fr\/site\/wp-content\/uploads\/2014\/04\/Capture-plein-\u00e9cran-31032014-182917.bmp-700x366.jpg 700w, https:\/\/www.ffmc72.fr\/site\/wp-content\/uploads\/2014\/04\/Capture-plein-\u00e9cran-31032014-182917.bmp.jpg 1081w\" sizes=\"auto, (max-width: 300px) 100vw, 300px\" \/><\/a><\/p>\n","protected":false},"excerpt":{"rendered":"<p>\u00a0Usagers de la route Sarthois : Allez grossir les rangs des manifestations limitrophes du 12 Avril Le 13 Avril : \u00a0Merci aux FFMC limitrophes\u00a0de converger vers la Pr\u00e9fecture du Mans dans la matin\u00e9e &nbsp; Baisse de la vitesse maxi autoris\u00e9e\u00a0: non \u00e0 l\u2019inflation s\u00e9curitaire\u00a0! Manuel Valls s\u2019est d\u00e9clar\u00e9 favorable \u00e0 une nouvelle limitation de vitesse \u00e0 80 km\/h sur le r\u00e9seau secondaire. Cette annonce de l\u2019hyper-ministre est inspir\u00e9e par un petit comit\u00e9 d\u2019experts qui veulent atteindre un objectif d\u00e9cr\u00e9t\u00e9 par les technocrates de l\u2019Union europ\u00e9enne\u00a0: faire chuter la mortalit\u00e9 routi\u00e8re par les moyens les plus rapides. Sans attendre l\u2019avis du&#8230;<\/p>\n<p class=\"continue-reading-button\"> <a class=\"continue-reading-link\" href=\"https:\/\/www.ffmc72.fr\/site\/13-avril-non-a-linflation-securitaire\/\">Continuer \u00e0 lire<i class=\"crycon-right-dir\"><\/i><\/a><\/p>\n","protected":false},"author":2,"featured_media":0,"comment_status":"closed","ping_status":"closed","sticky":false,"template":"","format":"standard","meta":{"footnotes":""},"categories":[4],"tags":[],"class_list":["post-196","post","type-post","status-publish","format-standard","hentry","category-divers"],"yoast_head":"<!-- This site is optimized with the Yoast SEO plugin v27.5 - https:\/\/yoast.com\/product\/yoast-seo-wordpress\/ -->\n<title>FFMC 72 - 13 Avril : Non ! \u00e0 l&#039;inflation s\u00e9curitaire - FFMC 72 - F\u00e9d\u00e9ration Fran\u00e7aise des motards en col\u00e8res de la Sarthe - boycott contr\u00f4le technique moto, contre les ZFE, Adherer, nid de poule, infrastructure, action gazoil, consignes casques, 24h du mans, non au CT2RM, FFMC Sarthe, FFMC 72, F.F.M.C, ERJ, Le Mans, FFMC Le Mans, Veille sur les contr\u00f4les syst\u00e9matiques<\/title>\n<meta name=\"description\" content=\"FFMC 72 - 13 Avril : Non ! \u00e0 l&#039;inflation s\u00e9curitaire\" \/>\n<meta name=\"robots\" content=\"index, follow, max-snippet:-1, max-image-preview:large, max-video-preview:-1\" \/>\n<link rel=\"canonical\" href=\"https:\/\/www.ffmc72.fr\/site\/13-avril-non-a-linflation-securitaire\/\" \/>\n<meta property=\"og:locale\" content=\"fr_FR\" \/>\n<meta property=\"og:type\" content=\"article\" \/>\n<meta property=\"og:title\" content=\"FFMC 72 - 13 Avril : Non ! \u00e0 l&#039;inflation s\u00e9curitaire - FFMC 72 - F\u00e9d\u00e9ration Fran\u00e7aise des motards en col\u00e8res de la Sarthe - boycott contr\u00f4le technique moto, contre les ZFE, Adherer, nid de poule, infrastructure, action gazoil, consignes casques, 24h du mans, non au CT2RM, FFMC Sarthe, FFMC 72, F.F.M.C, ERJ, Le Mans, FFMC Le Mans, Veille sur les contr\u00f4les syst\u00e9matiques\" \/>\n<meta property=\"og:description\" content=\"FFMC 72 - 13 Avril : Non ! \u00e0 l&#039;inflation s\u00e9curitaire\" \/>\n<meta property=\"og:url\" content=\"https:\/\/www.ffmc72.fr\/site\/13-avril-non-a-linflation-securitaire\/\" \/>\n<meta property=\"og:site_name\" content=\"FFMC 72 - F\u00e9d\u00e9ration Fran\u00e7aise des motards en col\u00e8res de la Sarthe - boycott contr\u00f4le technique moto, contre les ZFE, Adherer, nid de poule, infrastructure, action gazoil, consignes casques, 24h du mans, non au CT2RM, FFMC Sarthe, FFMC 72, F.F.M.C, ERJ, Le Mans, FFMC Le Mans, Veille sur les contr\u00f4les syst\u00e9matiques\" \/>\n<meta property=\"article:publisher\" content=\"https:\/\/www.facebook.com\/ffmc72\" \/>\n<meta property=\"article:published_time\" content=\"2014-04-02T08:29:45+00:00\" \/>\n<meta property=\"article:modified_time\" content=\"2014-04-04T11:54:14+00:00\" \/>\n<meta property=\"og:image\" content=\"https:\/\/www.ffmc72.fr\/site\/wp-content\/uploads\/2014\/04\/affiche-manif-13-avril-v130-208x300.png\" \/>\n<meta name=\"author\" content=\"FFMC72\" \/>\n<meta name=\"twitter:card\" content=\"summary_large_image\" \/>\n<meta name=\"twitter:label1\" content=\"\u00c9crit par\" \/>\n\t<meta name=\"twitter:data1\" content=\"FFMC72\" \/>\n\t<meta name=\"twitter:label2\" content=\"Dur\u00e9e de lecture estim\u00e9e\" \/>\n\t<meta name=\"twitter:data2\" content=\"2 minutes\" \/>\n<script type=\"application\/ld+json\" class=\"yoast-schema-graph\">{\"@context\":\"https:\\\/\\\/schema.org\",\"@graph\":[{\"@type\":\"Article\",\"@id\":\"https:\\\/\\\/www.ffmc72.fr\\\/site\\\/13-avril-non-a-linflation-securitaire\\\/#article\",\"isPartOf\":{\"@id\":\"https:\\\/\\\/www.ffmc72.fr\\\/site\\\/13-avril-non-a-linflation-securitaire\\\/\"},\"author\":{\"name\":\"FFMC72\",\"@id\":\"https:\\\/\\\/www.ffmc72.fr\\\/site\\\/#\\\/schema\\\/person\\\/312123de57325b0a0c24929135685d20\"},\"headline\":\"13 Avril : Non ! \u00e0 l&rsquo;inflation s\u00e9curitaire\",\"datePublished\":\"2014-04-02T08:29:45+00:00\",\"dateModified\":\"2014-04-04T11:54:14+00:00\",\"mainEntityOfPage\":{\"@id\":\"https:\\\/\\\/www.ffmc72.fr\\\/site\\\/13-avril-non-a-linflation-securitaire\\\/\"},\"wordCount\":316,\"publisher\":{\"@id\":\"https:\\\/\\\/www.ffmc72.fr\\\/site\\\/#organization\"},\"image\":{\"@id\":\"https:\\\/\\\/www.ffmc72.fr\\\/site\\\/13-avril-non-a-linflation-securitaire\\\/#primaryimage\"},\"thumbnailUrl\":\"https:\\\/\\\/www.ffmc72.fr\\\/site\\\/wp-content\\\/uploads\\\/2014\\\/04\\\/affiche-manif-13-avril-v130-208x300.png\",\"articleSection\":[\"Divers\"],\"inLanguage\":\"fr-FR\"},{\"@type\":\"WebPage\",\"@id\":\"https:\\\/\\\/www.ffmc72.fr\\\/site\\\/13-avril-non-a-linflation-securitaire\\\/\",\"url\":\"https:\\\/\\\/www.ffmc72.fr\\\/site\\\/13-avril-non-a-linflation-securitaire\\\/\",\"name\":\"FFMC 72 - 13 Avril : Non ! \u00e0 l'inflation s\u00e9curitaire - FFMC 72 - F\u00e9d\u00e9ration Fran\u00e7aise des motards en col\u00e8res de la Sarthe - boycott contr\u00f4le technique moto, contre les ZFE, Adherer, nid de poule, infrastructure, action gazoil, consignes casques, 24h du mans, non au CT2RM, FFMC Sarthe, FFMC 72, F.F.M.C, ERJ, Le Mans, FFMC Le Mans, Veille sur les contr\u00f4les syst\u00e9matiques\",\"isPartOf\":{\"@id\":\"https:\\\/\\\/www.ffmc72.fr\\\/site\\\/#website\"},\"primaryImageOfPage\":{\"@id\":\"https:\\\/\\\/www.ffmc72.fr\\\/site\\\/13-avril-non-a-linflation-securitaire\\\/#primaryimage\"},\"image\":{\"@id\":\"https:\\\/\\\/www.ffmc72.fr\\\/site\\\/13-avril-non-a-linflation-securitaire\\\/#primaryimage\"},\"thumbnailUrl\":\"https:\\\/\\\/www.ffmc72.fr\\\/site\\\/wp-content\\\/uploads\\\/2014\\\/04\\\/affiche-manif-13-avril-v130-208x300.png\",\"datePublished\":\"2014-04-02T08:29:45+00:00\",\"dateModified\":\"2014-04-04T11:54:14+00:00\",\"description\":\"FFMC 72 - 13 Avril : Non ! \u00e0 l'inflation s\u00e9curitaire\",\"breadcrumb\":{\"@id\":\"https:\\\/\\\/www.ffmc72.fr\\\/site\\\/13-avril-non-a-linflation-securitaire\\\/#breadcrumb\"},\"inLanguage\":\"fr-FR\",\"potentialAction\":[{\"@type\":\"ReadAction\",\"target\":[\"https:\\\/\\\/www.ffmc72.fr\\\/site\\\/13-avril-non-a-linflation-securitaire\\\/\"]}]},{\"@type\":\"ImageObject\",\"inLanguage\":\"fr-FR\",\"@id\":\"https:\\\/\\\/www.ffmc72.fr\\\/site\\\/13-avril-non-a-linflation-securitaire\\\/#primaryimage\",\"url\":\"https:\\\/\\\/www.ffmc72.fr\\\/site\\\/wp-content\\\/uploads\\\/2014\\\/04\\\/affiche-manif-13-avril-v130.png\",\"contentUrl\":\"https:\\\/\\\/www.ffmc72.fr\\\/site\\\/wp-content\\\/uploads\\\/2014\\\/04\\\/affiche-manif-13-avril-v130.png\",\"width\":3410,\"height\":4904},{\"@type\":\"BreadcrumbList\",\"@id\":\"https:\\\/\\\/www.ffmc72.fr\\\/site\\\/13-avril-non-a-linflation-securitaire\\\/#breadcrumb\",\"itemListElement\":[{\"@type\":\"ListItem\",\"position\":1,\"name\":\"Accueil\",\"item\":\"https:\\\/\\\/www.ffmc72.fr\\\/site\\\/\"},{\"@type\":\"ListItem\",\"position\":2,\"name\":\"13 Avril : Non ! \u00e0 l&rsquo;inflation s\u00e9curitaire\"}]},{\"@type\":\"WebSite\",\"@id\":\"https:\\\/\\\/www.ffmc72.fr\\\/site\\\/#website\",\"url\":\"https:\\\/\\\/www.ffmc72.fr\\\/site\\\/\",\"name\":\"FFMC 72 - F\u00e9d\u00e9ration Fran\u00e7aise des motards en col\u00e8res de la Sarthe - boycott contr\u00f4le technique moto, contre les ZFE, Adherer, nid de poule, infrastructure, action gazoil, consignes casques, 24h du mans, non au CT2RM, FFMC Sarthe, FFMC 72, F.F.M.C, ERJ, Le Mans, FFMC Le Mans, Veille sur les contr\u00f4les syst\u00e9matiques\",\"description\":\"Plus nombreux, plus fort, rejoint la FFMC\",\"publisher\":{\"@id\":\"https:\\\/\\\/www.ffmc72.fr\\\/site\\\/#organization\"},\"alternateName\":\"FFMC 72\",\"potentialAction\":[{\"@type\":\"SearchAction\",\"target\":{\"@type\":\"EntryPoint\",\"urlTemplate\":\"https:\\\/\\\/www.ffmc72.fr\\\/site\\\/?s={search_term_string}\"},\"query-input\":{\"@type\":\"PropertyValueSpecification\",\"valueRequired\":true,\"valueName\":\"search_term_string\"}}],\"inLanguage\":\"fr-FR\"},{\"@type\":\"Organization\",\"@id\":\"https:\\\/\\\/www.ffmc72.fr\\\/site\\\/#organization\",\"name\":\"FFMC 72\",\"url\":\"https:\\\/\\\/www.ffmc72.fr\\\/site\\\/\",\"logo\":{\"@type\":\"ImageObject\",\"inLanguage\":\"fr-FR\",\"@id\":\"https:\\\/\\\/www.ffmc72.fr\\\/site\\\/#\\\/schema\\\/logo\\\/image\\\/\",\"url\":\"https:\\\/\\\/www.ffmc72.fr\\\/site\\\/wp-content\\\/uploads\\\/2020\\\/05\\\/sticker-partenaire.jpg\",\"contentUrl\":\"https:\\\/\\\/www.ffmc72.fr\\\/site\\\/wp-content\\\/uploads\\\/2020\\\/05\\\/sticker-partenaire.jpg\",\"width\":1024,\"height\":239,\"caption\":\"FFMC 72\"},\"image\":{\"@id\":\"https:\\\/\\\/www.ffmc72.fr\\\/site\\\/#\\\/schema\\\/logo\\\/image\\\/\"},\"sameAs\":[\"https:\\\/\\\/www.facebook.com\\\/ffmc72\"]},{\"@type\":\"Person\",\"@id\":\"https:\\\/\\\/www.ffmc72.fr\\\/site\\\/#\\\/schema\\\/person\\\/312123de57325b0a0c24929135685d20\",\"name\":\"FFMC72\",\"image\":{\"@type\":\"ImageObject\",\"inLanguage\":\"fr-FR\",\"@id\":\"https:\\\/\\\/secure.gravatar.com\\\/avatar\\\/85265c52bbc2ebf87f37b156ecaea0bd9ca08c53073ae34d353a5c3e75ffdbae?s=96&d=mm&r=g\",\"url\":\"https:\\\/\\\/secure.gravatar.com\\\/avatar\\\/85265c52bbc2ebf87f37b156ecaea0bd9ca08c53073ae34d353a5c3e75ffdbae?s=96&d=mm&r=g\",\"contentUrl\":\"https:\\\/\\\/secure.gravatar.com\\\/avatar\\\/85265c52bbc2ebf87f37b156ecaea0bd9ca08c53073ae34d353a5c3e75ffdbae?s=96&d=mm&r=g\",\"caption\":\"FFMC72\"},\"url\":\"https:\\\/\\\/www.ffmc72.fr\\\/site\\\/author\\\/pobien\\\/\"}]}<\/script>\n<!-- \/ Yoast SEO plugin. -->","yoast_head_json":{"title":"FFMC 72 - 13 Avril : Non ! \u00e0 l'inflation s\u00e9curitaire - FFMC 72 - F\u00e9d\u00e9ration Fran\u00e7aise des motards en col\u00e8res de la Sarthe - boycott contr\u00f4le technique moto, contre les ZFE, Adherer, nid de poule, infrastructure, action gazoil, consignes casques, 24h du mans, non au CT2RM, FFMC Sarthe, FFMC 72, F.F.M.C, ERJ, Le Mans, FFMC Le Mans, Veille sur les contr\u00f4les syst\u00e9matiques","description":"FFMC 72 - 13 Avril : Non ! \u00e0 l'inflation s\u00e9curitaire","robots":{"index":"index","follow":"follow","max-snippet":"max-snippet:-1","max-image-preview":"max-image-preview:large","max-video-preview":"max-video-preview:-1"},"canonical":"https:\/\/www.ffmc72.fr\/site\/13-avril-non-a-linflation-securitaire\/","og_locale":"fr_FR","og_type":"article","og_title":"FFMC 72 - 13 Avril : Non ! \u00e0 l'inflation s\u00e9curitaire - FFMC 72 - F\u00e9d\u00e9ration Fran\u00e7aise des motards en col\u00e8res de la Sarthe - boycott contr\u00f4le technique moto, contre les ZFE, Adherer, nid de poule, infrastructure, action gazoil, consignes casques, 24h du mans, non au CT2RM, FFMC Sarthe, FFMC 72, F.F.M.C, ERJ, Le Mans, FFMC Le Mans, Veille sur les contr\u00f4les syst\u00e9matiques","og_description":"FFMC 72 - 13 Avril : Non ! \u00e0 l'inflation s\u00e9curitaire","og_url":"https:\/\/www.ffmc72.fr\/site\/13-avril-non-a-linflation-securitaire\/","og_site_name":"FFMC 72 - F\u00e9d\u00e9ration Fran\u00e7aise des motards en col\u00e8res de la Sarthe - boycott contr\u00f4le technique moto, contre les ZFE, Adherer, nid de poule, infrastructure, action gazoil, consignes casques, 24h du mans, non au CT2RM, FFMC Sarthe, FFMC 72, F.F.M.C, ERJ, Le Mans, FFMC Le Mans, Veille sur les contr\u00f4les syst\u00e9matiques","article_publisher":"https:\/\/www.facebook.com\/ffmc72","article_published_time":"2014-04-02T08:29:45+00:00","article_modified_time":"2014-04-04T11:54:14+00:00","og_image":[{"url":"https:\/\/www.ffmc72.fr\/site\/wp-content\/uploads\/2014\/04\/affiche-manif-13-avril-v130-208x300.png","type":"","width":"","height":""}],"author":"FFMC72","twitter_card":"summary_large_image","twitter_misc":{"\u00c9crit par":"FFMC72","Dur\u00e9e de lecture estim\u00e9e":"2 minutes"},"schema":{"@context":"https:\/\/schema.org","@graph":[{"@type":"Article","@id":"https:\/\/www.ffmc72.fr\/site\/13-avril-non-a-linflation-securitaire\/#article","isPartOf":{"@id":"https:\/\/www.ffmc72.fr\/site\/13-avril-non-a-linflation-securitaire\/"},"author":{"name":"FFMC72","@id":"https:\/\/www.ffmc72.fr\/site\/#\/schema\/person\/312123de57325b0a0c24929135685d20"},"headline":"13 Avril : Non ! \u00e0 l&rsquo;inflation s\u00e9curitaire","datePublished":"2014-04-02T08:29:45+00:00","dateModified":"2014-04-04T11:54:14+00:00","mainEntityOfPage":{"@id":"https:\/\/www.ffmc72.fr\/site\/13-avril-non-a-linflation-securitaire\/"},"wordCount":316,"publisher":{"@id":"https:\/\/www.ffmc72.fr\/site\/#organization"},"image":{"@id":"https:\/\/www.ffmc72.fr\/site\/13-avril-non-a-linflation-securitaire\/#primaryimage"},"thumbnailUrl":"https:\/\/www.ffmc72.fr\/site\/wp-content\/uploads\/2014\/04\/affiche-manif-13-avril-v130-208x300.png","articleSection":["Divers"],"inLanguage":"fr-FR"},{"@type":"WebPage","@id":"https:\/\/www.ffmc72.fr\/site\/13-avril-non-a-linflation-securitaire\/","url":"https:\/\/www.ffmc72.fr\/site\/13-avril-non-a-linflation-securitaire\/","name":"FFMC 72 - 13 Avril : Non ! \u00e0 l'inflation s\u00e9curitaire - FFMC 72 - F\u00e9d\u00e9ration Fran\u00e7aise des motards en col\u00e8res de la Sarthe - boycott contr\u00f4le technique moto, contre les ZFE, Adherer, nid de poule, infrastructure, action gazoil, consignes casques, 24h du mans, non au CT2RM, FFMC Sarthe, FFMC 72, F.F.M.C, ERJ, Le Mans, FFMC Le Mans, Veille sur les contr\u00f4les syst\u00e9matiques","isPartOf":{"@id":"https:\/\/www.ffmc72.fr\/site\/#website"},"primaryImageOfPage":{"@id":"https:\/\/www.ffmc72.fr\/site\/13-avril-non-a-linflation-securitaire\/#primaryimage"},"image":{"@id":"https:\/\/www.ffmc72.fr\/site\/13-avril-non-a-linflation-securitaire\/#primaryimage"},"thumbnailUrl":"https:\/\/www.ffmc72.fr\/site\/wp-content\/uploads\/2014\/04\/affiche-manif-13-avril-v130-208x300.png","datePublished":"2014-04-02T08:29:45+00:00","dateModified":"2014-04-04T11:54:14+00:00","description":"FFMC 72 - 13 Avril : Non ! \u00e0 l'inflation s\u00e9curitaire","breadcrumb":{"@id":"https:\/\/www.ffmc72.fr\/site\/13-avril-non-a-linflation-securitaire\/#breadcrumb"},"inLanguage":"fr-FR","potentialAction":[{"@type":"ReadAction","target":["https:\/\/www.ffmc72.fr\/site\/13-avril-non-a-linflation-securitaire\/"]}]},{"@type":"ImageObject","inLanguage":"fr-FR","@id":"https:\/\/www.ffmc72.fr\/site\/13-avril-non-a-linflation-securitaire\/#primaryimage","url":"https:\/\/www.ffmc72.fr\/site\/wp-content\/uploads\/2014\/04\/affiche-manif-13-avril-v130.png","contentUrl":"https:\/\/www.ffmc72.fr\/site\/wp-content\/uploads\/2014\/04\/affiche-manif-13-avril-v130.png","width":3410,"height":4904},{"@type":"BreadcrumbList","@id":"https:\/\/www.ffmc72.fr\/site\/13-avril-non-a-linflation-securitaire\/#breadcrumb","itemListElement":[{"@type":"ListItem","position":1,"name":"Accueil","item":"https:\/\/www.ffmc72.fr\/site\/"},{"@type":"ListItem","position":2,"name":"13 Avril : Non ! \u00e0 l&rsquo;inflation s\u00e9curitaire"}]},{"@type":"WebSite","@id":"https:\/\/www.ffmc72.fr\/site\/#website","url":"https:\/\/www.ffmc72.fr\/site\/","name":"FFMC 72 - F\u00e9d\u00e9ration Fran\u00e7aise des motards en col\u00e8res de la Sarthe - boycott contr\u00f4le technique moto, contre les ZFE, Adherer, nid de poule, infrastructure, action gazoil, consignes casques, 24h du mans, non au CT2RM, FFMC Sarthe, FFMC 72, F.F.M.C, ERJ, Le Mans, FFMC Le Mans, Veille sur les contr\u00f4les syst\u00e9matiques","description":"Plus nombreux, plus fort, rejoint la FFMC","publisher":{"@id":"https:\/\/www.ffmc72.fr\/site\/#organization"},"alternateName":"FFMC 72","potentialAction":[{"@type":"SearchAction","target":{"@type":"EntryPoint","urlTemplate":"https:\/\/www.ffmc72.fr\/site\/?s={search_term_string}"},"query-input":{"@type":"PropertyValueSpecification","valueRequired":true,"valueName":"search_term_string"}}],"inLanguage":"fr-FR"},{"@type":"Organization","@id":"https:\/\/www.ffmc72.fr\/site\/#organization","name":"FFMC 72","url":"https:\/\/www.ffmc72.fr\/site\/","logo":{"@type":"ImageObject","inLanguage":"fr-FR","@id":"https:\/\/www.ffmc72.fr\/site\/#\/schema\/logo\/image\/","url":"https:\/\/www.ffmc72.fr\/site\/wp-content\/uploads\/2020\/05\/sticker-partenaire.jpg","contentUrl":"https:\/\/www.ffmc72.fr\/site\/wp-content\/uploads\/2020\/05\/sticker-partenaire.jpg","width":1024,"height":239,"caption":"FFMC 72"},"image":{"@id":"https:\/\/www.ffmc72.fr\/site\/#\/schema\/logo\/image\/"},"sameAs":["https:\/\/www.facebook.com\/ffmc72"]},{"@type":"Person","@id":"https:\/\/www.ffmc72.fr\/site\/#\/schema\/person\/312123de57325b0a0c24929135685d20","name":"FFMC72","image":{"@type":"ImageObject","inLanguage":"fr-FR","@id":"https:\/\/secure.gravatar.com\/avatar\/85265c52bbc2ebf87f37b156ecaea0bd9ca08c53073ae34d353a5c3e75ffdbae?s=96&d=mm&r=g","url":"https:\/\/secure.gravatar.com\/avatar\/85265c52bbc2ebf87f37b156ecaea0bd9ca08c53073ae34d353a5c3e75ffdbae?s=96&d=mm&r=g","contentUrl":"https:\/\/secure.gravatar.com\/avatar\/85265c52bbc2ebf87f37b156ecaea0bd9ca08c53073ae34d353a5c3e75ffdbae?s=96&d=mm&r=g","caption":"FFMC72"},"url":"https:\/\/www.ffmc72.fr\/site\/author\/pobien\/"}]}},"_links":{"self":[{"href":"https:\/\/www.ffmc72.fr\/site\/wp-json\/wp\/v2\/posts\/196","targetHints":{"allow":["GET"]}}],"collection":[{"href":"https:\/\/www.ffmc72.fr\/site\/wp-json\/wp\/v2\/posts"}],"about":[{"href":"https:\/\/www.ffmc72.fr\/site\/wp-json\/wp\/v2\/types\/post"}],"author":[{"embeddable":true,"href":"https:\/\/www.ffmc72.fr\/site\/wp-json\/wp\/v2\/users\/2"}],"replies":[{"embeddable":true,"href":"https:\/\/www.ffmc72.fr\/site\/wp-json\/wp\/v2\/comments?post=196"}],"version-history":[{"count":9,"href":"https:\/\/www.ffmc72.fr\/site\/wp-json\/wp\/v2\/posts\/196\/revisions"}],"predecessor-version":[{"id":200,"href":"https:\/\/www.ffmc72.fr\/site\/wp-json\/wp\/v2\/posts\/196\/revisions\/200"}],"wp:attachment":[{"href":"https:\/\/www.ffmc72.fr\/site\/wp-json\/wp\/v2\/media?parent=196"}],"wp:term":[{"taxonomy":"category","embeddable":true,"href":"https:\/\/www.ffmc72.fr\/site\/wp-json\/wp\/v2\/categories?post=196"},{"taxonomy":"post_tag","embeddable":true,"href":"https:\/\/www.ffmc72.fr\/site\/wp-json\/wp\/v2\/tags?post=196"}],"curies":[{"name":"wp","href":"https:\/\/api.w.org\/{rel}","templated":true}]}}