{"id":1959,"date":"2022-03-06T19:08:08","date_gmt":"2022-03-06T18:08:08","guid":{"rendered":"https:\/\/www.ffmc72.fr\/site\/?p=1959"},"modified":"2022-03-06T19:08:09","modified_gmt":"2022-03-06T18:08:09","slug":"defile-toutes-en-moto-13-03-2022","status":"publish","type":"post","link":"https:\/\/www.ffmc72.fr\/site\/defile-toutes-en-moto-13-03-2022\/","title":{"rendered":"D\u00e9fil\u00e9 toutes en moto 13\/03\/2022"},"content":{"rendered":"\n<p>Cette ann\u00e9e encore, la FFMC 72 s&rsquo;associe \u00e0 <a href=\"https:\/\/www.facebook.com\/toutesenmoto53\/?__cft__[0]=AZXkZarZpuKCyOVT32oxhtmkRKE51IRSI6SyroYUeiK-7-sEuIwNikbQVNociMLOZVDyZxt2TafmW6xRhRZVTOWXu6sTswF70Vii3H5J5bgWvi5GpMe0PNcxnDbYe_Xqu5-5Dd_wKvJvOcqN8yElgS3V&amp;__tn__=kK-R\">Toutes En Moto 53<\/a> nous serons donc au d\u00e9fil\u00e9 de Laval le 13 mars.<\/p>\n\n\n\n<p>Dans ce but, nous organisons un d\u00e9part group\u00e9.<\/p>\n\n\n\n<p>Pour les int\u00e9ress\u00e9s voulant faire la routes avec nous, rendez-vous \u00e0 Trang\u00e9, aux parkings des maisons rouge \u00e0 10h30 .<\/p>\n\n\n\n<p><a rel=\"noreferrer noopener\" href=\"https:\/\/maps.app.goo.gl\/1jS1xJmNggmSVu4N9?fbclid=IwAR1S-bjnJffLYAjwqTIzDA1HGPHS545mwa5U5wJ5j2jY9yRaPYC2wIk2vHY\" target=\"_blank\">https:\/\/maps.app.goo.gl\/1jS1xJmNggmSVu4N9<\/a><\/p>\n\n\n\n<figure class=\"wp-block-image size-full\"><a href=\"https:\/\/www.ffmc72.fr\/site\/wp-content\/uploads\/2022\/03\/AFFICHE-LAVAL-2022-FCBK.jpg\"><img loading=\"lazy\" decoding=\"async\" width=\"717\" height=\"987\" src=\"https:\/\/www.ffmc72.fr\/site\/wp-content\/uploads\/2022\/03\/AFFICHE-LAVAL-2022-FCBK.jpg\" alt=\"\" class=\"wp-image-1960\" srcset=\"https:\/\/www.ffmc72.fr\/site\/wp-content\/uploads\/2022\/03\/AFFICHE-LAVAL-2022-FCBK.jpg 717w, https:\/\/www.ffmc72.fr\/site\/wp-content\/uploads\/2022\/03\/AFFICHE-LAVAL-2022-FCBK-218x300.jpg 218w, https:\/\/www.ffmc72.fr\/site\/wp-content\/uploads\/2022\/03\/AFFICHE-LAVAL-2022-FCBK-327x450.jpg 327w, https:\/\/www.ffmc72.fr\/site\/wp-content\/uploads\/2022\/03\/AFFICHE-LAVAL-2022-FCBK-109x150.jpg 109w\" sizes=\"auto, (max-width: 717px) 100vw, 717px\" \/><\/a><\/figure>\n","protected":false},"excerpt":{"rendered":"<p>Cette ann\u00e9e encore, la FFMC 72 s&rsquo;associe \u00e0 Toutes En Moto 53 nous serons donc au d\u00e9fil\u00e9 de Laval le 13 mars. Dans ce but, nous organisons un d\u00e9part group\u00e9. Pour les int\u00e9ress\u00e9s voulant faire la routes avec nous, rendez-vous \u00e0 Trang\u00e9, aux parkings des maisons rouge \u00e0 10h30 . https:\/\/maps.app.goo.gl\/1jS1xJmNggmSVu4N9<\/p>\n<p class=\"continue-reading-button\"> <a class=\"continue-reading-link\" href=\"https:\/\/www.ffmc72.fr\/site\/defile-toutes-en-moto-13-03-2022\/\">Continuer \u00e0 lire<i class=\"crycon-right-dir\"><\/i><\/a><\/p>\n","protected":false},"author":1,"featured_media":0,"comment_status":"closed","ping_status":"closed","sticky":false,"template":"","format":"standard","meta":{"footnotes":""},"categories":[4],"tags":[],"class_list":["post-1959","post","type-post","status-publish","format-standard","hentry","category-divers"],"yoast_head":"<!-- This site is optimized with the Yoast SEO plugin v27.5 - https:\/\/yoast.com\/product\/yoast-seo-wordpress\/ -->\n<title>FFMC 72 - D\u00e9fil\u00e9 toutes en moto 13\/03\/2022 - FFMC 72 - F\u00e9d\u00e9ration Fran\u00e7aise des motards en col\u00e8res de la Sarthe - boycott contr\u00f4le technique moto, contre les ZFE, Adherer, nid de poule, infrastructure, action gazoil, consignes casques, 24h du mans, non au CT2RM, FFMC Sarthe, FFMC 72, F.F.M.C, ERJ, Le Mans, FFMC Le Mans, Veille sur les contr\u00f4les syst\u00e9matiques<\/title>\n<meta name=\"description\" content=\"FFMC 72 - D\u00e9fil\u00e9 toutes en moto 13\/03\/2022\" \/>\n<meta name=\"robots\" content=\"index, follow, max-snippet:-1, max-image-preview:large, max-video-preview:-1\" \/>\n<link rel=\"canonical\" href=\"https:\/\/www.ffmc72.fr\/site\/defile-toutes-en-moto-13-03-2022\/\" \/>\n<meta property=\"og:locale\" content=\"fr_FR\" \/>\n<meta property=\"og:type\" content=\"article\" \/>\n<meta property=\"og:title\" content=\"FFMC 72 - D\u00e9fil\u00e9 toutes en moto 13\/03\/2022 - FFMC 72 - F\u00e9d\u00e9ration Fran\u00e7aise des motards en col\u00e8res de la Sarthe - boycott contr\u00f4le technique moto, contre les ZFE, Adherer, nid de poule, infrastructure, action gazoil, consignes casques, 24h du mans, non au CT2RM, FFMC Sarthe, FFMC 72, F.F.M.C, ERJ, Le Mans, FFMC Le Mans, Veille sur les contr\u00f4les syst\u00e9matiques\" \/>\n<meta property=\"og:description\" content=\"FFMC 72 - D\u00e9fil\u00e9 toutes en moto 13\/03\/2022\" \/>\n<meta property=\"og:url\" content=\"https:\/\/www.ffmc72.fr\/site\/defile-toutes-en-moto-13-03-2022\/\" \/>\n<meta property=\"og:site_name\" content=\"FFMC 72 - F\u00e9d\u00e9ration Fran\u00e7aise des motards en col\u00e8res de la Sarthe - boycott contr\u00f4le technique moto, contre les ZFE, Adherer, nid de poule, infrastructure, action gazoil, consignes casques, 24h du mans, non au CT2RM, FFMC Sarthe, FFMC 72, F.F.M.C, ERJ, Le Mans, FFMC Le Mans, Veille sur les contr\u00f4les syst\u00e9matiques\" \/>\n<meta property=\"article:publisher\" content=\"https:\/\/www.facebook.com\/ffmc72\" \/>\n<meta property=\"article:published_time\" content=\"2022-03-06T18:08:08+00:00\" \/>\n<meta property=\"article:modified_time\" content=\"2022-03-06T18:08:09+00:00\" \/>\n<meta property=\"og:image\" content=\"https:\/\/www.ffmc72.fr\/site\/wp-content\/uploads\/2022\/03\/AFFICHE-LAVAL-2022-FCBK.jpg\" \/>\n<meta name=\"author\" content=\"FFMC72\" \/>\n<meta name=\"twitter:card\" content=\"summary_large_image\" \/>\n<meta name=\"twitter:label1\" content=\"\u00c9crit par\" \/>\n\t<meta name=\"twitter:data1\" content=\"FFMC72\" \/>\n<script type=\"application\/ld+json\" class=\"yoast-schema-graph\">{\"@context\":\"https:\\\/\\\/schema.org\",\"@graph\":[{\"@type\":\"Article\",\"@id\":\"https:\\\/\\\/www.ffmc72.fr\\\/site\\\/defile-toutes-en-moto-13-03-2022\\\/#article\",\"isPartOf\":{\"@id\":\"https:\\\/\\\/www.ffmc72.fr\\\/site\\\/defile-toutes-en-moto-13-03-2022\\\/\"},\"author\":{\"name\":\"FFMC72\",\"@id\":\"https:\\\/\\\/www.ffmc72.fr\\\/site\\\/#\\\/schema\\\/person\\\/1d38cb19c128de2eb8c460e34e6bd842\"},\"headline\":\"D\u00e9fil\u00e9 toutes en moto 13\\\/03\\\/2022\",\"datePublished\":\"2022-03-06T18:08:08+00:00\",\"dateModified\":\"2022-03-06T18:08:09+00:00\",\"mainEntityOfPage\":{\"@id\":\"https:\\\/\\\/www.ffmc72.fr\\\/site\\\/defile-toutes-en-moto-13-03-2022\\\/\"},\"wordCount\":62,\"publisher\":{\"@id\":\"https:\\\/\\\/www.ffmc72.fr\\\/site\\\/#organization\"},\"image\":{\"@id\":\"https:\\\/\\\/www.ffmc72.fr\\\/site\\\/defile-toutes-en-moto-13-03-2022\\\/#primaryimage\"},\"thumbnailUrl\":\"https:\\\/\\\/www.ffmc72.fr\\\/site\\\/wp-content\\\/uploads\\\/2022\\\/03\\\/AFFICHE-LAVAL-2022-FCBK.jpg\",\"articleSection\":[\"Divers\"],\"inLanguage\":\"fr-FR\"},{\"@type\":\"WebPage\",\"@id\":\"https:\\\/\\\/www.ffmc72.fr\\\/site\\\/defile-toutes-en-moto-13-03-2022\\\/\",\"url\":\"https:\\\/\\\/www.ffmc72.fr\\\/site\\\/defile-toutes-en-moto-13-03-2022\\\/\",\"name\":\"FFMC 72 - D\u00e9fil\u00e9 toutes en moto 13\\\/03\\\/2022 - FFMC 72 - F\u00e9d\u00e9ration Fran\u00e7aise des motards en col\u00e8res de la Sarthe - boycott contr\u00f4le technique moto, contre les ZFE, Adherer, nid de poule, infrastructure, action gazoil, consignes casques, 24h du mans, non au CT2RM, FFMC Sarthe, FFMC 72, F.F.M.C, ERJ, Le Mans, FFMC Le Mans, Veille sur les contr\u00f4les syst\u00e9matiques\",\"isPartOf\":{\"@id\":\"https:\\\/\\\/www.ffmc72.fr\\\/site\\\/#website\"},\"primaryImageOfPage\":{\"@id\":\"https:\\\/\\\/www.ffmc72.fr\\\/site\\\/defile-toutes-en-moto-13-03-2022\\\/#primaryimage\"},\"image\":{\"@id\":\"https:\\\/\\\/www.ffmc72.fr\\\/site\\\/defile-toutes-en-moto-13-03-2022\\\/#primaryimage\"},\"thumbnailUrl\":\"https:\\\/\\\/www.ffmc72.fr\\\/site\\\/wp-content\\\/uploads\\\/2022\\\/03\\\/AFFICHE-LAVAL-2022-FCBK.jpg\",\"datePublished\":\"2022-03-06T18:08:08+00:00\",\"dateModified\":\"2022-03-06T18:08:09+00:00\",\"description\":\"FFMC 72 - D\u00e9fil\u00e9 toutes en moto 13\\\/03\\\/2022\",\"breadcrumb\":{\"@id\":\"https:\\\/\\\/www.ffmc72.fr\\\/site\\\/defile-toutes-en-moto-13-03-2022\\\/#breadcrumb\"},\"inLanguage\":\"fr-FR\",\"potentialAction\":[{\"@type\":\"ReadAction\",\"target\":[\"https:\\\/\\\/www.ffmc72.fr\\\/site\\\/defile-toutes-en-moto-13-03-2022\\\/\"]}]},{\"@type\":\"ImageObject\",\"inLanguage\":\"fr-FR\",\"@id\":\"https:\\\/\\\/www.ffmc72.fr\\\/site\\\/defile-toutes-en-moto-13-03-2022\\\/#primaryimage\",\"url\":\"https:\\\/\\\/www.ffmc72.fr\\\/site\\\/wp-content\\\/uploads\\\/2022\\\/03\\\/AFFICHE-LAVAL-2022-FCBK.jpg\",\"contentUrl\":\"https:\\\/\\\/www.ffmc72.fr\\\/site\\\/wp-content\\\/uploads\\\/2022\\\/03\\\/AFFICHE-LAVAL-2022-FCBK.jpg\",\"width\":717,\"height\":987},{\"@type\":\"BreadcrumbList\",\"@id\":\"https:\\\/\\\/www.ffmc72.fr\\\/site\\\/defile-toutes-en-moto-13-03-2022\\\/#breadcrumb\",\"itemListElement\":[{\"@type\":\"ListItem\",\"position\":1,\"name\":\"Accueil\",\"item\":\"https:\\\/\\\/www.ffmc72.fr\\\/site\\\/\"},{\"@type\":\"ListItem\",\"position\":2,\"name\":\"D\u00e9fil\u00e9 toutes en moto 13\\\/03\\\/2022\"}]},{\"@type\":\"WebSite\",\"@id\":\"https:\\\/\\\/www.ffmc72.fr\\\/site\\\/#website\",\"url\":\"https:\\\/\\\/www.ffmc72.fr\\\/site\\\/\",\"name\":\"FFMC 72 - F\u00e9d\u00e9ration Fran\u00e7aise des motards en col\u00e8res de la Sarthe - boycott contr\u00f4le technique moto, contre les ZFE, Adherer, nid de poule, infrastructure, action gazoil, consignes casques, 24h du mans, non au CT2RM, FFMC Sarthe, FFMC 72, F.F.M.C, ERJ, Le Mans, FFMC Le Mans, Veille sur les contr\u00f4les syst\u00e9matiques\",\"description\":\"Plus nombreux, plus fort, rejoint la FFMC\",\"publisher\":{\"@id\":\"https:\\\/\\\/www.ffmc72.fr\\\/site\\\/#organization\"},\"alternateName\":\"FFMC 72\",\"potentialAction\":[{\"@type\":\"SearchAction\",\"target\":{\"@type\":\"EntryPoint\",\"urlTemplate\":\"https:\\\/\\\/www.ffmc72.fr\\\/site\\\/?s={search_term_string}\"},\"query-input\":{\"@type\":\"PropertyValueSpecification\",\"valueRequired\":true,\"valueName\":\"search_term_string\"}}],\"inLanguage\":\"fr-FR\"},{\"@type\":\"Organization\",\"@id\":\"https:\\\/\\\/www.ffmc72.fr\\\/site\\\/#organization\",\"name\":\"FFMC 72\",\"url\":\"https:\\\/\\\/www.ffmc72.fr\\\/site\\\/\",\"logo\":{\"@type\":\"ImageObject\",\"inLanguage\":\"fr-FR\",\"@id\":\"https:\\\/\\\/www.ffmc72.fr\\\/site\\\/#\\\/schema\\\/logo\\\/image\\\/\",\"url\":\"https:\\\/\\\/www.ffmc72.fr\\\/site\\\/wp-content\\\/uploads\\\/2020\\\/05\\\/sticker-partenaire.jpg\",\"contentUrl\":\"https:\\\/\\\/www.ffmc72.fr\\\/site\\\/wp-content\\\/uploads\\\/2020\\\/05\\\/sticker-partenaire.jpg\",\"width\":1024,\"height\":239,\"caption\":\"FFMC 72\"},\"image\":{\"@id\":\"https:\\\/\\\/www.ffmc72.fr\\\/site\\\/#\\\/schema\\\/logo\\\/image\\\/\"},\"sameAs\":[\"https:\\\/\\\/www.facebook.com\\\/ffmc72\"]},{\"@type\":\"Person\",\"@id\":\"https:\\\/\\\/www.ffmc72.fr\\\/site\\\/#\\\/schema\\\/person\\\/1d38cb19c128de2eb8c460e34e6bd842\",\"name\":\"FFMC72\",\"image\":{\"@type\":\"ImageObject\",\"inLanguage\":\"fr-FR\",\"@id\":\"https:\\\/\\\/secure.gravatar.com\\\/avatar\\\/ffe2b5245938875072ece2e5953c5bddc18ebd61b36f80745e44b39d49944dc3?s=96&d=mm&r=g\",\"url\":\"https:\\\/\\\/secure.gravatar.com\\\/avatar\\\/ffe2b5245938875072ece2e5953c5bddc18ebd61b36f80745e44b39d49944dc3?s=96&d=mm&r=g\",\"contentUrl\":\"https:\\\/\\\/secure.gravatar.com\\\/avatar\\\/ffe2b5245938875072ece2e5953c5bddc18ebd61b36f80745e44b39d49944dc3?s=96&d=mm&r=g\",\"caption\":\"FFMC72\"},\"url\":\"https:\\\/\\\/www.ffmc72.fr\\\/site\\\/author\\\/ffmc72\\\/\"}]}<\/script>\n<!-- \/ Yoast SEO plugin. -->","yoast_head_json":{"title":"FFMC 72 - D\u00e9fil\u00e9 toutes en moto 13\/03\/2022 - FFMC 72 - F\u00e9d\u00e9ration Fran\u00e7aise des motards en col\u00e8res de la Sarthe - boycott contr\u00f4le technique moto, contre les ZFE, Adherer, nid de poule, infrastructure, action gazoil, consignes casques, 24h du mans, non au CT2RM, FFMC Sarthe, FFMC 72, F.F.M.C, ERJ, Le Mans, FFMC Le Mans, Veille sur les contr\u00f4les syst\u00e9matiques","description":"FFMC 72 - D\u00e9fil\u00e9 toutes en moto 13\/03\/2022","robots":{"index":"index","follow":"follow","max-snippet":"max-snippet:-1","max-image-preview":"max-image-preview:large","max-video-preview":"max-video-preview:-1"},"canonical":"https:\/\/www.ffmc72.fr\/site\/defile-toutes-en-moto-13-03-2022\/","og_locale":"fr_FR","og_type":"article","og_title":"FFMC 72 - D\u00e9fil\u00e9 toutes en moto 13\/03\/2022 - FFMC 72 - F\u00e9d\u00e9ration Fran\u00e7aise des motards en col\u00e8res de la Sarthe - boycott contr\u00f4le technique moto, contre les ZFE, Adherer, nid de poule, infrastructure, action gazoil, consignes casques, 24h du mans, non au CT2RM, FFMC Sarthe, FFMC 72, F.F.M.C, ERJ, Le Mans, FFMC Le Mans, Veille sur les contr\u00f4les syst\u00e9matiques","og_description":"FFMC 72 - D\u00e9fil\u00e9 toutes en moto 13\/03\/2022","og_url":"https:\/\/www.ffmc72.fr\/site\/defile-toutes-en-moto-13-03-2022\/","og_site_name":"FFMC 72 - F\u00e9d\u00e9ration Fran\u00e7aise des motards en col\u00e8res de la Sarthe - boycott contr\u00f4le technique moto, contre les ZFE, Adherer, nid de poule, infrastructure, action gazoil, consignes casques, 24h du mans, non au CT2RM, FFMC Sarthe, FFMC 72, F.F.M.C, ERJ, Le Mans, FFMC Le Mans, Veille sur les contr\u00f4les syst\u00e9matiques","article_publisher":"https:\/\/www.facebook.com\/ffmc72","article_published_time":"2022-03-06T18:08:08+00:00","article_modified_time":"2022-03-06T18:08:09+00:00","og_image":[{"url":"https:\/\/www.ffmc72.fr\/site\/wp-content\/uploads\/2022\/03\/AFFICHE-LAVAL-2022-FCBK.jpg","type":"","width":"","height":""}],"author":"FFMC72","twitter_card":"summary_large_image","twitter_misc":{"\u00c9crit par":"FFMC72"},"schema":{"@context":"https:\/\/schema.org","@graph":[{"@type":"Article","@id":"https:\/\/www.ffmc72.fr\/site\/defile-toutes-en-moto-13-03-2022\/#article","isPartOf":{"@id":"https:\/\/www.ffmc72.fr\/site\/defile-toutes-en-moto-13-03-2022\/"},"author":{"name":"FFMC72","@id":"https:\/\/www.ffmc72.fr\/site\/#\/schema\/person\/1d38cb19c128de2eb8c460e34e6bd842"},"headline":"D\u00e9fil\u00e9 toutes en moto 13\/03\/2022","datePublished":"2022-03-06T18:08:08+00:00","dateModified":"2022-03-06T18:08:09+00:00","mainEntityOfPage":{"@id":"https:\/\/www.ffmc72.fr\/site\/defile-toutes-en-moto-13-03-2022\/"},"wordCount":62,"publisher":{"@id":"https:\/\/www.ffmc72.fr\/site\/#organization"},"image":{"@id":"https:\/\/www.ffmc72.fr\/site\/defile-toutes-en-moto-13-03-2022\/#primaryimage"},"thumbnailUrl":"https:\/\/www.ffmc72.fr\/site\/wp-content\/uploads\/2022\/03\/AFFICHE-LAVAL-2022-FCBK.jpg","articleSection":["Divers"],"inLanguage":"fr-FR"},{"@type":"WebPage","@id":"https:\/\/www.ffmc72.fr\/site\/defile-toutes-en-moto-13-03-2022\/","url":"https:\/\/www.ffmc72.fr\/site\/defile-toutes-en-moto-13-03-2022\/","name":"FFMC 72 - D\u00e9fil\u00e9 toutes en moto 13\/03\/2022 - FFMC 72 - F\u00e9d\u00e9ration Fran\u00e7aise des motards en col\u00e8res de la Sarthe - boycott contr\u00f4le technique moto, contre les ZFE, Adherer, nid de poule, infrastructure, action gazoil, consignes casques, 24h du mans, non au CT2RM, FFMC Sarthe, FFMC 72, F.F.M.C, ERJ, Le Mans, FFMC Le Mans, Veille sur les contr\u00f4les syst\u00e9matiques","isPartOf":{"@id":"https:\/\/www.ffmc72.fr\/site\/#website"},"primaryImageOfPage":{"@id":"https:\/\/www.ffmc72.fr\/site\/defile-toutes-en-moto-13-03-2022\/#primaryimage"},"image":{"@id":"https:\/\/www.ffmc72.fr\/site\/defile-toutes-en-moto-13-03-2022\/#primaryimage"},"thumbnailUrl":"https:\/\/www.ffmc72.fr\/site\/wp-content\/uploads\/2022\/03\/AFFICHE-LAVAL-2022-FCBK.jpg","datePublished":"2022-03-06T18:08:08+00:00","dateModified":"2022-03-06T18:08:09+00:00","description":"FFMC 72 - D\u00e9fil\u00e9 toutes en moto 13\/03\/2022","breadcrumb":{"@id":"https:\/\/www.ffmc72.fr\/site\/defile-toutes-en-moto-13-03-2022\/#breadcrumb"},"inLanguage":"fr-FR","potentialAction":[{"@type":"ReadAction","target":["https:\/\/www.ffmc72.fr\/site\/defile-toutes-en-moto-13-03-2022\/"]}]},{"@type":"ImageObject","inLanguage":"fr-FR","@id":"https:\/\/www.ffmc72.fr\/site\/defile-toutes-en-moto-13-03-2022\/#primaryimage","url":"https:\/\/www.ffmc72.fr\/site\/wp-content\/uploads\/2022\/03\/AFFICHE-LAVAL-2022-FCBK.jpg","contentUrl":"https:\/\/www.ffmc72.fr\/site\/wp-content\/uploads\/2022\/03\/AFFICHE-LAVAL-2022-FCBK.jpg","width":717,"height":987},{"@type":"BreadcrumbList","@id":"https:\/\/www.ffmc72.fr\/site\/defile-toutes-en-moto-13-03-2022\/#breadcrumb","itemListElement":[{"@type":"ListItem","position":1,"name":"Accueil","item":"https:\/\/www.ffmc72.fr\/site\/"},{"@type":"ListItem","position":2,"name":"D\u00e9fil\u00e9 toutes en moto 13\/03\/2022"}]},{"@type":"WebSite","@id":"https:\/\/www.ffmc72.fr\/site\/#website","url":"https:\/\/www.ffmc72.fr\/site\/","name":"FFMC 72 - F\u00e9d\u00e9ration Fran\u00e7aise des motards en col\u00e8res de la Sarthe - boycott contr\u00f4le technique moto, contre les ZFE, Adherer, nid de poule, infrastructure, action gazoil, consignes casques, 24h du mans, non au CT2RM, FFMC Sarthe, FFMC 72, F.F.M.C, ERJ, Le Mans, FFMC Le Mans, Veille sur les contr\u00f4les syst\u00e9matiques","description":"Plus nombreux, plus fort, rejoint la FFMC","publisher":{"@id":"https:\/\/www.ffmc72.fr\/site\/#organization"},"alternateName":"FFMC 72","potentialAction":[{"@type":"SearchAction","target":{"@type":"EntryPoint","urlTemplate":"https:\/\/www.ffmc72.fr\/site\/?s={search_term_string}"},"query-input":{"@type":"PropertyValueSpecification","valueRequired":true,"valueName":"search_term_string"}}],"inLanguage":"fr-FR"},{"@type":"Organization","@id":"https:\/\/www.ffmc72.fr\/site\/#organization","name":"FFMC 72","url":"https:\/\/www.ffmc72.fr\/site\/","logo":{"@type":"ImageObject","inLanguage":"fr-FR","@id":"https:\/\/www.ffmc72.fr\/site\/#\/schema\/logo\/image\/","url":"https:\/\/www.ffmc72.fr\/site\/wp-content\/uploads\/2020\/05\/sticker-partenaire.jpg","contentUrl":"https:\/\/www.ffmc72.fr\/site\/wp-content\/uploads\/2020\/05\/sticker-partenaire.jpg","width":1024,"height":239,"caption":"FFMC 72"},"image":{"@id":"https:\/\/www.ffmc72.fr\/site\/#\/schema\/logo\/image\/"},"sameAs":["https:\/\/www.facebook.com\/ffmc72"]},{"@type":"Person","@id":"https:\/\/www.ffmc72.fr\/site\/#\/schema\/person\/1d38cb19c128de2eb8c460e34e6bd842","name":"FFMC72","image":{"@type":"ImageObject","inLanguage":"fr-FR","@id":"https:\/\/secure.gravatar.com\/avatar\/ffe2b5245938875072ece2e5953c5bddc18ebd61b36f80745e44b39d49944dc3?s=96&d=mm&r=g","url":"https:\/\/secure.gravatar.com\/avatar\/ffe2b5245938875072ece2e5953c5bddc18ebd61b36f80745e44b39d49944dc3?s=96&d=mm&r=g","contentUrl":"https:\/\/secure.gravatar.com\/avatar\/ffe2b5245938875072ece2e5953c5bddc18ebd61b36f80745e44b39d49944dc3?s=96&d=mm&r=g","caption":"FFMC72"},"url":"https:\/\/www.ffmc72.fr\/site\/author\/ffmc72\/"}]}},"_links":{"self":[{"href":"https:\/\/www.ffmc72.fr\/site\/wp-json\/wp\/v2\/posts\/1959","targetHints":{"allow":["GET"]}}],"collection":[{"href":"https:\/\/www.ffmc72.fr\/site\/wp-json\/wp\/v2\/posts"}],"about":[{"href":"https:\/\/www.ffmc72.fr\/site\/wp-json\/wp\/v2\/types\/post"}],"author":[{"embeddable":true,"href":"https:\/\/www.ffmc72.fr\/site\/wp-json\/wp\/v2\/users\/1"}],"replies":[{"embeddable":true,"href":"https:\/\/www.ffmc72.fr\/site\/wp-json\/wp\/v2\/comments?post=1959"}],"version-history":[{"count":1,"href":"https:\/\/www.ffmc72.fr\/site\/wp-json\/wp\/v2\/posts\/1959\/revisions"}],"predecessor-version":[{"id":1961,"href":"https:\/\/www.ffmc72.fr\/site\/wp-json\/wp\/v2\/posts\/1959\/revisions\/1961"}],"wp:attachment":[{"href":"https:\/\/www.ffmc72.fr\/site\/wp-json\/wp\/v2\/media?parent=1959"}],"wp:term":[{"taxonomy":"category","embeddable":true,"href":"https:\/\/www.ffmc72.fr\/site\/wp-json\/wp\/v2\/categories?post=1959"},{"taxonomy":"post_tag","embeddable":true,"href":"https:\/\/www.ffmc72.fr\/site\/wp-json\/wp\/v2\/tags?post=1959"}],"curies":[{"name":"wp","href":"https:\/\/api.w.org\/{rel}","templated":true}]}}