{"id":183,"date":"2014-03-18T19:07:46","date_gmt":"2014-03-18T18:07:46","guid":{"rendered":"http:\/\/ffmc72.fr\/site\/?p=183"},"modified":"2014-03-18T19:12:35","modified_gmt":"2014-03-18T18:12:35","slug":"183","status":"publish","type":"post","link":"https:\/\/www.ffmc72.fr\/site\/183\/","title":{"rendered":"LA TRAJECTOIRE DE S\u00c9CURIT\u00c9 &#8211; 26 Avril"},"content":{"rendered":"<p>L&rsquo;Escadron D\u00e9partemental de S\u00e9curit\u00e9 Routi\u00e8re de la Gendarmerie organise dans le cadre du PDASR le 26 avril (d\u00e9tail dans l&rsquo;affiche)<\/p>\n<p style=\"text-align: center;\"><span style=\"color: #ff0000;\">R\u00e9servation obligatoire avant le 18\/04\/2014 au 02 43 78 55 64<\/span><\/p>\n<p style=\"text-align: center;\"><a href=\"https:\/\/www.ffmc72.fr\/site\/wp-content\/uploads\/2014\/03\/2014-03-18_190210.jpg\"><img loading=\"lazy\" decoding=\"async\" class=\"size-full wp-image-184 alignnone\" alt=\"2014-03-18_190210\" src=\"https:\/\/www.ffmc72.fr\/site\/wp-content\/uploads\/2014\/03\/2014-03-18_190210.jpg\" width=\"637\" height=\"928\" srcset=\"https:\/\/www.ffmc72.fr\/site\/wp-content\/uploads\/2014\/03\/2014-03-18_190210.jpg 637w, https:\/\/www.ffmc72.fr\/site\/wp-content\/uploads\/2014\/03\/2014-03-18_190210-205x300.jpg 205w, https:\/\/www.ffmc72.fr\/site\/wp-content\/uploads\/2014\/03\/2014-03-18_190210-250x364.jpg 250w\" sizes=\"auto, (max-width: 637px) 100vw, 637px\" \/><\/a><\/p>\n","protected":false},"excerpt":{"rendered":"<p>L&rsquo;Escadron D\u00e9partemental de S\u00e9curit\u00e9 Routi\u00e8re de la Gendarmerie organise dans le cadre du PDASR le 26 avril (d\u00e9tail dans l&rsquo;affiche) R\u00e9servation obligatoire avant le 18\/04\/2014 au 02 43 78 55 64<\/p>\n<p class=\"continue-reading-button\"> <a class=\"continue-reading-link\" href=\"https:\/\/www.ffmc72.fr\/site\/183\/\">Continuer \u00e0 lire<i class=\"crycon-right-dir\"><\/i><\/a><\/p>\n","protected":false},"author":2,"featured_media":0,"comment_status":"closed","ping_status":"closed","sticky":false,"template":"","format":"standard","meta":{"footnotes":""},"categories":[4],"tags":[],"class_list":["post-183","post","type-post","status-publish","format-standard","hentry","category-divers"],"yoast_head":"<!-- This site is optimized with the Yoast SEO plugin v27.5 - https:\/\/yoast.com\/product\/yoast-seo-wordpress\/ -->\n<title>FFMC 72 - LA TRAJECTOIRE DE S\u00c9CURIT\u00c9 - 26 Avril - FFMC 72 - F\u00e9d\u00e9ration Fran\u00e7aise des motards en col\u00e8res de la Sarthe - boycott contr\u00f4le technique moto, contre les ZFE, Adherer, nid de poule, infrastructure, action gazoil, consignes casques, 24h du mans, non au CT2RM, FFMC Sarthe, FFMC 72, F.F.M.C, ERJ, Le Mans, FFMC Le Mans, Veille sur les contr\u00f4les syst\u00e9matiques<\/title>\n<meta name=\"description\" content=\"FFMC 72 - LA TRAJECTOIRE DE S\u00c9CURIT\u00c9 - 26 Avril\" \/>\n<meta name=\"robots\" content=\"index, follow, max-snippet:-1, max-image-preview:large, max-video-preview:-1\" \/>\n<link rel=\"canonical\" href=\"https:\/\/www.ffmc72.fr\/site\/183\/\" \/>\n<meta property=\"og:locale\" content=\"fr_FR\" \/>\n<meta property=\"og:type\" content=\"article\" \/>\n<meta property=\"og:title\" content=\"FFMC 72 - LA TRAJECTOIRE DE S\u00c9CURIT\u00c9 - 26 Avril - FFMC 72 - F\u00e9d\u00e9ration Fran\u00e7aise des motards en col\u00e8res de la Sarthe - boycott contr\u00f4le technique moto, contre les ZFE, Adherer, nid de poule, infrastructure, action gazoil, consignes casques, 24h du mans, non au CT2RM, FFMC Sarthe, FFMC 72, F.F.M.C, ERJ, Le Mans, FFMC Le Mans, Veille sur les contr\u00f4les syst\u00e9matiques\" \/>\n<meta property=\"og:description\" content=\"FFMC 72 - LA TRAJECTOIRE DE S\u00c9CURIT\u00c9 - 26 Avril\" \/>\n<meta property=\"og:url\" content=\"https:\/\/www.ffmc72.fr\/site\/183\/\" \/>\n<meta property=\"og:site_name\" content=\"FFMC 72 - F\u00e9d\u00e9ration Fran\u00e7aise des motards en col\u00e8res de la Sarthe - boycott contr\u00f4le technique moto, contre les ZFE, Adherer, nid de poule, infrastructure, action gazoil, consignes casques, 24h du mans, non au CT2RM, FFMC Sarthe, FFMC 72, F.F.M.C, ERJ, Le Mans, FFMC Le Mans, Veille sur les contr\u00f4les syst\u00e9matiques\" \/>\n<meta property=\"article:publisher\" content=\"https:\/\/www.facebook.com\/ffmc72\" \/>\n<meta property=\"article:published_time\" content=\"2014-03-18T18:07:46+00:00\" \/>\n<meta property=\"article:modified_time\" content=\"2014-03-18T18:12:35+00:00\" \/>\n<meta property=\"og:image\" content=\"https:\/\/www.ffmc72.fr\/site\/wp-content\/uploads\/2014\/03\/2014-03-18_190210.jpg\" \/>\n<meta name=\"author\" content=\"FFMC72\" \/>\n<meta name=\"twitter:card\" content=\"summary_large_image\" \/>\n<meta name=\"twitter:label1\" content=\"\u00c9crit par\" \/>\n\t<meta name=\"twitter:data1\" content=\"FFMC72\" \/>\n<script type=\"application\/ld+json\" class=\"yoast-schema-graph\">{\"@context\":\"https:\\\/\\\/schema.org\",\"@graph\":[{\"@type\":\"Article\",\"@id\":\"https:\\\/\\\/www.ffmc72.fr\\\/site\\\/183\\\/#article\",\"isPartOf\":{\"@id\":\"https:\\\/\\\/www.ffmc72.fr\\\/site\\\/183\\\/\"},\"author\":{\"name\":\"FFMC72\",\"@id\":\"https:\\\/\\\/www.ffmc72.fr\\\/site\\\/#\\\/schema\\\/person\\\/312123de57325b0a0c24929135685d20\"},\"headline\":\"LA TRAJECTOIRE DE S\u00c9CURIT\u00c9 &#8211; 26 Avril\",\"datePublished\":\"2014-03-18T18:07:46+00:00\",\"dateModified\":\"2014-03-18T18:12:35+00:00\",\"mainEntityOfPage\":{\"@id\":\"https:\\\/\\\/www.ffmc72.fr\\\/site\\\/183\\\/\"},\"wordCount\":38,\"publisher\":{\"@id\":\"https:\\\/\\\/www.ffmc72.fr\\\/site\\\/#organization\"},\"image\":{\"@id\":\"https:\\\/\\\/www.ffmc72.fr\\\/site\\\/183\\\/#primaryimage\"},\"thumbnailUrl\":\"https:\\\/\\\/www.ffmc72.fr\\\/site\\\/wp-content\\\/uploads\\\/2014\\\/03\\\/2014-03-18_190210.jpg\",\"articleSection\":[\"Divers\"],\"inLanguage\":\"fr-FR\"},{\"@type\":\"WebPage\",\"@id\":\"https:\\\/\\\/www.ffmc72.fr\\\/site\\\/183\\\/\",\"url\":\"https:\\\/\\\/www.ffmc72.fr\\\/site\\\/183\\\/\",\"name\":\"FFMC 72 - LA TRAJECTOIRE DE S\u00c9CURIT\u00c9 - 26 Avril - FFMC 72 - F\u00e9d\u00e9ration Fran\u00e7aise des motards en col\u00e8res de la Sarthe - boycott contr\u00f4le technique moto, contre les ZFE, Adherer, nid de poule, infrastructure, action gazoil, consignes casques, 24h du mans, non au CT2RM, FFMC Sarthe, FFMC 72, F.F.M.C, ERJ, Le Mans, FFMC Le Mans, Veille sur les contr\u00f4les syst\u00e9matiques\",\"isPartOf\":{\"@id\":\"https:\\\/\\\/www.ffmc72.fr\\\/site\\\/#website\"},\"primaryImageOfPage\":{\"@id\":\"https:\\\/\\\/www.ffmc72.fr\\\/site\\\/183\\\/#primaryimage\"},\"image\":{\"@id\":\"https:\\\/\\\/www.ffmc72.fr\\\/site\\\/183\\\/#primaryimage\"},\"thumbnailUrl\":\"https:\\\/\\\/www.ffmc72.fr\\\/site\\\/wp-content\\\/uploads\\\/2014\\\/03\\\/2014-03-18_190210.jpg\",\"datePublished\":\"2014-03-18T18:07:46+00:00\",\"dateModified\":\"2014-03-18T18:12:35+00:00\",\"description\":\"FFMC 72 - LA TRAJECTOIRE DE S\u00c9CURIT\u00c9 - 26 Avril\",\"breadcrumb\":{\"@id\":\"https:\\\/\\\/www.ffmc72.fr\\\/site\\\/183\\\/#breadcrumb\"},\"inLanguage\":\"fr-FR\",\"potentialAction\":[{\"@type\":\"ReadAction\",\"target\":[\"https:\\\/\\\/www.ffmc72.fr\\\/site\\\/183\\\/\"]}]},{\"@type\":\"ImageObject\",\"inLanguage\":\"fr-FR\",\"@id\":\"https:\\\/\\\/www.ffmc72.fr\\\/site\\\/183\\\/#primaryimage\",\"url\":\"https:\\\/\\\/www.ffmc72.fr\\\/site\\\/wp-content\\\/uploads\\\/2014\\\/03\\\/2014-03-18_190210.jpg\",\"contentUrl\":\"https:\\\/\\\/www.ffmc72.fr\\\/site\\\/wp-content\\\/uploads\\\/2014\\\/03\\\/2014-03-18_190210.jpg\",\"width\":637,\"height\":928},{\"@type\":\"BreadcrumbList\",\"@id\":\"https:\\\/\\\/www.ffmc72.fr\\\/site\\\/183\\\/#breadcrumb\",\"itemListElement\":[{\"@type\":\"ListItem\",\"position\":1,\"name\":\"Accueil\",\"item\":\"https:\\\/\\\/www.ffmc72.fr\\\/site\\\/\"},{\"@type\":\"ListItem\",\"position\":2,\"name\":\"LA TRAJECTOIRE DE S\u00c9CURIT\u00c9 &#8211; 26 Avril\"}]},{\"@type\":\"WebSite\",\"@id\":\"https:\\\/\\\/www.ffmc72.fr\\\/site\\\/#website\",\"url\":\"https:\\\/\\\/www.ffmc72.fr\\\/site\\\/\",\"name\":\"FFMC 72 - F\u00e9d\u00e9ration Fran\u00e7aise des motards en col\u00e8res de la Sarthe - boycott contr\u00f4le technique moto, contre les ZFE, Adherer, nid de poule, infrastructure, action gazoil, consignes casques, 24h du mans, non au CT2RM, FFMC Sarthe, FFMC 72, F.F.M.C, ERJ, Le Mans, FFMC Le Mans, Veille sur les contr\u00f4les syst\u00e9matiques\",\"description\":\"Plus nombreux, plus fort, rejoint la FFMC\",\"publisher\":{\"@id\":\"https:\\\/\\\/www.ffmc72.fr\\\/site\\\/#organization\"},\"alternateName\":\"FFMC 72\",\"potentialAction\":[{\"@type\":\"SearchAction\",\"target\":{\"@type\":\"EntryPoint\",\"urlTemplate\":\"https:\\\/\\\/www.ffmc72.fr\\\/site\\\/?s={search_term_string}\"},\"query-input\":{\"@type\":\"PropertyValueSpecification\",\"valueRequired\":true,\"valueName\":\"search_term_string\"}}],\"inLanguage\":\"fr-FR\"},{\"@type\":\"Organization\",\"@id\":\"https:\\\/\\\/www.ffmc72.fr\\\/site\\\/#organization\",\"name\":\"FFMC 72\",\"url\":\"https:\\\/\\\/www.ffmc72.fr\\\/site\\\/\",\"logo\":{\"@type\":\"ImageObject\",\"inLanguage\":\"fr-FR\",\"@id\":\"https:\\\/\\\/www.ffmc72.fr\\\/site\\\/#\\\/schema\\\/logo\\\/image\\\/\",\"url\":\"https:\\\/\\\/www.ffmc72.fr\\\/site\\\/wp-content\\\/uploads\\\/2020\\\/05\\\/sticker-partenaire.jpg\",\"contentUrl\":\"https:\\\/\\\/www.ffmc72.fr\\\/site\\\/wp-content\\\/uploads\\\/2020\\\/05\\\/sticker-partenaire.jpg\",\"width\":1024,\"height\":239,\"caption\":\"FFMC 72\"},\"image\":{\"@id\":\"https:\\\/\\\/www.ffmc72.fr\\\/site\\\/#\\\/schema\\\/logo\\\/image\\\/\"},\"sameAs\":[\"https:\\\/\\\/www.facebook.com\\\/ffmc72\"]},{\"@type\":\"Person\",\"@id\":\"https:\\\/\\\/www.ffmc72.fr\\\/site\\\/#\\\/schema\\\/person\\\/312123de57325b0a0c24929135685d20\",\"name\":\"FFMC72\",\"image\":{\"@type\":\"ImageObject\",\"inLanguage\":\"fr-FR\",\"@id\":\"https:\\\/\\\/secure.gravatar.com\\\/avatar\\\/85265c52bbc2ebf87f37b156ecaea0bd9ca08c53073ae34d353a5c3e75ffdbae?s=96&d=mm&r=g\",\"url\":\"https:\\\/\\\/secure.gravatar.com\\\/avatar\\\/85265c52bbc2ebf87f37b156ecaea0bd9ca08c53073ae34d353a5c3e75ffdbae?s=96&d=mm&r=g\",\"contentUrl\":\"https:\\\/\\\/secure.gravatar.com\\\/avatar\\\/85265c52bbc2ebf87f37b156ecaea0bd9ca08c53073ae34d353a5c3e75ffdbae?s=96&d=mm&r=g\",\"caption\":\"FFMC72\"},\"url\":\"https:\\\/\\\/www.ffmc72.fr\\\/site\\\/author\\\/pobien\\\/\"}]}<\/script>\n<!-- \/ Yoast SEO plugin. -->","yoast_head_json":{"title":"FFMC 72 - LA TRAJECTOIRE DE S\u00c9CURIT\u00c9 - 26 Avril - FFMC 72 - F\u00e9d\u00e9ration Fran\u00e7aise des motards en col\u00e8res de la Sarthe - boycott contr\u00f4le technique moto, contre les ZFE, Adherer, nid de poule, infrastructure, action gazoil, consignes casques, 24h du mans, non au CT2RM, FFMC Sarthe, FFMC 72, F.F.M.C, ERJ, Le Mans, FFMC Le Mans, Veille sur les contr\u00f4les syst\u00e9matiques","description":"FFMC 72 - LA TRAJECTOIRE DE S\u00c9CURIT\u00c9 - 26 Avril","robots":{"index":"index","follow":"follow","max-snippet":"max-snippet:-1","max-image-preview":"max-image-preview:large","max-video-preview":"max-video-preview:-1"},"canonical":"https:\/\/www.ffmc72.fr\/site\/183\/","og_locale":"fr_FR","og_type":"article","og_title":"FFMC 72 - LA TRAJECTOIRE DE S\u00c9CURIT\u00c9 - 26 Avril - FFMC 72 - F\u00e9d\u00e9ration Fran\u00e7aise des motards en col\u00e8res de la Sarthe - boycott contr\u00f4le technique moto, contre les ZFE, Adherer, nid de poule, infrastructure, action gazoil, consignes casques, 24h du mans, non au CT2RM, FFMC Sarthe, FFMC 72, F.F.M.C, ERJ, Le Mans, FFMC Le Mans, Veille sur les contr\u00f4les syst\u00e9matiques","og_description":"FFMC 72 - LA TRAJECTOIRE DE S\u00c9CURIT\u00c9 - 26 Avril","og_url":"https:\/\/www.ffmc72.fr\/site\/183\/","og_site_name":"FFMC 72 - F\u00e9d\u00e9ration Fran\u00e7aise des motards en col\u00e8res de la Sarthe - boycott contr\u00f4le technique moto, contre les ZFE, Adherer, nid de poule, infrastructure, action gazoil, consignes casques, 24h du mans, non au CT2RM, FFMC Sarthe, FFMC 72, F.F.M.C, ERJ, Le Mans, FFMC Le Mans, Veille sur les contr\u00f4les syst\u00e9matiques","article_publisher":"https:\/\/www.facebook.com\/ffmc72","article_published_time":"2014-03-18T18:07:46+00:00","article_modified_time":"2014-03-18T18:12:35+00:00","og_image":[{"url":"https:\/\/www.ffmc72.fr\/site\/wp-content\/uploads\/2014\/03\/2014-03-18_190210.jpg","type":"","width":"","height":""}],"author":"FFMC72","twitter_card":"summary_large_image","twitter_misc":{"\u00c9crit par":"FFMC72"},"schema":{"@context":"https:\/\/schema.org","@graph":[{"@type":"Article","@id":"https:\/\/www.ffmc72.fr\/site\/183\/#article","isPartOf":{"@id":"https:\/\/www.ffmc72.fr\/site\/183\/"},"author":{"name":"FFMC72","@id":"https:\/\/www.ffmc72.fr\/site\/#\/schema\/person\/312123de57325b0a0c24929135685d20"},"headline":"LA TRAJECTOIRE DE S\u00c9CURIT\u00c9 &#8211; 26 Avril","datePublished":"2014-03-18T18:07:46+00:00","dateModified":"2014-03-18T18:12:35+00:00","mainEntityOfPage":{"@id":"https:\/\/www.ffmc72.fr\/site\/183\/"},"wordCount":38,"publisher":{"@id":"https:\/\/www.ffmc72.fr\/site\/#organization"},"image":{"@id":"https:\/\/www.ffmc72.fr\/site\/183\/#primaryimage"},"thumbnailUrl":"https:\/\/www.ffmc72.fr\/site\/wp-content\/uploads\/2014\/03\/2014-03-18_190210.jpg","articleSection":["Divers"],"inLanguage":"fr-FR"},{"@type":"WebPage","@id":"https:\/\/www.ffmc72.fr\/site\/183\/","url":"https:\/\/www.ffmc72.fr\/site\/183\/","name":"FFMC 72 - LA TRAJECTOIRE DE S\u00c9CURIT\u00c9 - 26 Avril - FFMC 72 - F\u00e9d\u00e9ration Fran\u00e7aise des motards en col\u00e8res de la Sarthe - boycott contr\u00f4le technique moto, contre les ZFE, Adherer, nid de poule, infrastructure, action gazoil, consignes casques, 24h du mans, non au CT2RM, FFMC Sarthe, FFMC 72, F.F.M.C, ERJ, Le Mans, FFMC Le Mans, Veille sur les contr\u00f4les syst\u00e9matiques","isPartOf":{"@id":"https:\/\/www.ffmc72.fr\/site\/#website"},"primaryImageOfPage":{"@id":"https:\/\/www.ffmc72.fr\/site\/183\/#primaryimage"},"image":{"@id":"https:\/\/www.ffmc72.fr\/site\/183\/#primaryimage"},"thumbnailUrl":"https:\/\/www.ffmc72.fr\/site\/wp-content\/uploads\/2014\/03\/2014-03-18_190210.jpg","datePublished":"2014-03-18T18:07:46+00:00","dateModified":"2014-03-18T18:12:35+00:00","description":"FFMC 72 - LA TRAJECTOIRE DE S\u00c9CURIT\u00c9 - 26 Avril","breadcrumb":{"@id":"https:\/\/www.ffmc72.fr\/site\/183\/#breadcrumb"},"inLanguage":"fr-FR","potentialAction":[{"@type":"ReadAction","target":["https:\/\/www.ffmc72.fr\/site\/183\/"]}]},{"@type":"ImageObject","inLanguage":"fr-FR","@id":"https:\/\/www.ffmc72.fr\/site\/183\/#primaryimage","url":"https:\/\/www.ffmc72.fr\/site\/wp-content\/uploads\/2014\/03\/2014-03-18_190210.jpg","contentUrl":"https:\/\/www.ffmc72.fr\/site\/wp-content\/uploads\/2014\/03\/2014-03-18_190210.jpg","width":637,"height":928},{"@type":"BreadcrumbList","@id":"https:\/\/www.ffmc72.fr\/site\/183\/#breadcrumb","itemListElement":[{"@type":"ListItem","position":1,"name":"Accueil","item":"https:\/\/www.ffmc72.fr\/site\/"},{"@type":"ListItem","position":2,"name":"LA TRAJECTOIRE DE S\u00c9CURIT\u00c9 &#8211; 26 Avril"}]},{"@type":"WebSite","@id":"https:\/\/www.ffmc72.fr\/site\/#website","url":"https:\/\/www.ffmc72.fr\/site\/","name":"FFMC 72 - F\u00e9d\u00e9ration Fran\u00e7aise des motards en col\u00e8res de la Sarthe - boycott contr\u00f4le technique moto, contre les ZFE, Adherer, nid de poule, infrastructure, action gazoil, consignes casques, 24h du mans, non au CT2RM, FFMC Sarthe, FFMC 72, F.F.M.C, ERJ, Le Mans, FFMC Le Mans, Veille sur les contr\u00f4les syst\u00e9matiques","description":"Plus nombreux, plus fort, rejoint la FFMC","publisher":{"@id":"https:\/\/www.ffmc72.fr\/site\/#organization"},"alternateName":"FFMC 72","potentialAction":[{"@type":"SearchAction","target":{"@type":"EntryPoint","urlTemplate":"https:\/\/www.ffmc72.fr\/site\/?s={search_term_string}"},"query-input":{"@type":"PropertyValueSpecification","valueRequired":true,"valueName":"search_term_string"}}],"inLanguage":"fr-FR"},{"@type":"Organization","@id":"https:\/\/www.ffmc72.fr\/site\/#organization","name":"FFMC 72","url":"https:\/\/www.ffmc72.fr\/site\/","logo":{"@type":"ImageObject","inLanguage":"fr-FR","@id":"https:\/\/www.ffmc72.fr\/site\/#\/schema\/logo\/image\/","url":"https:\/\/www.ffmc72.fr\/site\/wp-content\/uploads\/2020\/05\/sticker-partenaire.jpg","contentUrl":"https:\/\/www.ffmc72.fr\/site\/wp-content\/uploads\/2020\/05\/sticker-partenaire.jpg","width":1024,"height":239,"caption":"FFMC 72"},"image":{"@id":"https:\/\/www.ffmc72.fr\/site\/#\/schema\/logo\/image\/"},"sameAs":["https:\/\/www.facebook.com\/ffmc72"]},{"@type":"Person","@id":"https:\/\/www.ffmc72.fr\/site\/#\/schema\/person\/312123de57325b0a0c24929135685d20","name":"FFMC72","image":{"@type":"ImageObject","inLanguage":"fr-FR","@id":"https:\/\/secure.gravatar.com\/avatar\/85265c52bbc2ebf87f37b156ecaea0bd9ca08c53073ae34d353a5c3e75ffdbae?s=96&d=mm&r=g","url":"https:\/\/secure.gravatar.com\/avatar\/85265c52bbc2ebf87f37b156ecaea0bd9ca08c53073ae34d353a5c3e75ffdbae?s=96&d=mm&r=g","contentUrl":"https:\/\/secure.gravatar.com\/avatar\/85265c52bbc2ebf87f37b156ecaea0bd9ca08c53073ae34d353a5c3e75ffdbae?s=96&d=mm&r=g","caption":"FFMC72"},"url":"https:\/\/www.ffmc72.fr\/site\/author\/pobien\/"}]}},"_links":{"self":[{"href":"https:\/\/www.ffmc72.fr\/site\/wp-json\/wp\/v2\/posts\/183","targetHints":{"allow":["GET"]}}],"collection":[{"href":"https:\/\/www.ffmc72.fr\/site\/wp-json\/wp\/v2\/posts"}],"about":[{"href":"https:\/\/www.ffmc72.fr\/site\/wp-json\/wp\/v2\/types\/post"}],"author":[{"embeddable":true,"href":"https:\/\/www.ffmc72.fr\/site\/wp-json\/wp\/v2\/users\/2"}],"replies":[{"embeddable":true,"href":"https:\/\/www.ffmc72.fr\/site\/wp-json\/wp\/v2\/comments?post=183"}],"version-history":[{"count":3,"href":"https:\/\/www.ffmc72.fr\/site\/wp-json\/wp\/v2\/posts\/183\/revisions"}],"predecessor-version":[{"id":187,"href":"https:\/\/www.ffmc72.fr\/site\/wp-json\/wp\/v2\/posts\/183\/revisions\/187"}],"wp:attachment":[{"href":"https:\/\/www.ffmc72.fr\/site\/wp-json\/wp\/v2\/media?parent=183"}],"wp:term":[{"taxonomy":"category","embeddable":true,"href":"https:\/\/www.ffmc72.fr\/site\/wp-json\/wp\/v2\/categories?post=183"},{"taxonomy":"post_tag","embeddable":true,"href":"https:\/\/www.ffmc72.fr\/site\/wp-json\/wp\/v2\/tags?post=183"}],"curies":[{"name":"wp","href":"https:\/\/api.w.org\/{rel}","templated":true}]}}