{"id":1690,"date":"2020-10-08T18:05:45","date_gmt":"2020-10-08T16:05:45","guid":{"rendered":"https:\/\/www.ffmc72.fr\/site\/?p=1690"},"modified":"2020-10-15T19:46:35","modified_gmt":"2020-10-15T17:46:35","slug":"samedi-17-10-2020-journee-prevention-sur-les-risques-routiers-suivie-dune-balade","status":"publish","type":"post","link":"https:\/\/www.ffmc72.fr\/site\/samedi-17-10-2020-journee-prevention-sur-les-risques-routiers-suivie-dune-balade\/","title":{"rendered":"Samedi 17\/10\/2020 : Journ\u00e9e pr\u00e9vention sur les risques routiers suivie d&rsquo;une balade"},"content":{"rendered":"\n<p>Le samedi 17 octobre 2020, la FFMC72 organise une journ\u00e9e de pr\u00e9vention sur les risques routiers suivie d&rsquo;une balade solidaire \u00e0 destination des Pupilles et Orphelins des Sapeurs-Pompiers de France.<\/p>\n\n\n\n<figure class=\"wp-block-image size-large\"><img loading=\"lazy\" decoding=\"async\" width=\"1024\" height=\"724\" src=\"https:\/\/www.ffmc72.fr\/site\/wp-content\/uploads\/2020\/10\/Balade-20201017-1024x724.png\" alt=\"\" class=\"wp-image-1691\" srcset=\"https:\/\/www.ffmc72.fr\/site\/wp-content\/uploads\/2020\/10\/Balade-20201017-1024x724.png 1024w, https:\/\/www.ffmc72.fr\/site\/wp-content\/uploads\/2020\/10\/Balade-20201017-300x212.png 300w, https:\/\/www.ffmc72.fr\/site\/wp-content\/uploads\/2020\/10\/Balade-20201017-768x543.png 768w, https:\/\/www.ffmc72.fr\/site\/wp-content\/uploads\/2020\/10\/Balade-20201017-450x318.png 450w, https:\/\/www.ffmc72.fr\/site\/wp-content\/uploads\/2020\/10\/Balade-20201017-150x106.png 150w, https:\/\/www.ffmc72.fr\/site\/wp-content\/uploads\/2020\/10\/Balade-20201017.png 1052w\" sizes=\"auto, (max-width: 1024px) 100vw, 1024px\" \/><\/figure>\n\n\n\n<p>Au programme :<\/p>\n\n\n\n<ul class=\"wp-block-list\"><li>d\u00e9monstration d&rsquo;airbag moto<\/li><li>restauration sur place<\/li><li>balade, heure de d\u00e9part 14h30 (4\u20ac\u00a0par casques), merci de venir avec le plein.<\/li><\/ul>\n\n\n\n<p>En raison du contexte sanitaire ces ateliers ne pourront avoir lieu :<\/p>\n\n\n\n<ul class=\"wp-block-list\"><li>man\u0153uvres de Sapeurs Pompiers <\/li><li>atelier angles mots poids lourds<\/li><\/ul>\n\n\n\n<p>Sur le parking le port du masque est obligatoire. Merci de respecter les consignes de s\u00e9curit\u00e9 et les gestes barri\u00e8re. <\/p>\n","protected":false},"excerpt":{"rendered":"<p>Le samedi 17 octobre 2020, la FFMC72 organise une journ\u00e9e de pr\u00e9vention sur les risques routiers suivie d&rsquo;une balade solidaire \u00e0 destination des Pupilles et Orphelins des Sapeurs-Pompiers de France. Au programme : d\u00e9monstration d&rsquo;airbag moto restauration sur place balade, heure de d\u00e9part 14h30 (4\u20ac\u00a0par casques), merci de venir avec le plein. En raison du contexte sanitaire ces ateliers ne pourront avoir lieu : man\u0153uvres de Sapeurs Pompiers atelier angles mots poids lourds Sur le parking le port du masque est obligatoire. Merci de respecter les consignes de s\u00e9curit\u00e9 et les gestes barri\u00e8re.<\/p>\n<p class=\"continue-reading-button\"> <a class=\"continue-reading-link\" href=\"https:\/\/www.ffmc72.fr\/site\/samedi-17-10-2020-journee-prevention-sur-les-risques-routiers-suivie-dune-balade\/\">Continuer \u00e0 lire<i class=\"crycon-right-dir\"><\/i><\/a><\/p>\n","protected":false},"author":6,"featured_media":0,"comment_status":"closed","ping_status":"closed","sticky":false,"template":"","format":"standard","meta":{"footnotes":""},"categories":[4],"tags":[],"class_list":["post-1690","post","type-post","status-publish","format-standard","hentry","category-divers"],"yoast_head":"<!-- This site is optimized with the Yoast SEO plugin v27.4 - https:\/\/yoast.com\/product\/yoast-seo-wordpress\/ -->\n<title>FFMC 72 - Samedi 17\/10\/2020 : Journ\u00e9e pr\u00e9vention sur les risques routiers suivie d&#039;une balade - FFMC 72 - F\u00e9d\u00e9ration Fran\u00e7aise des motards en col\u00e8res de la Sarthe - boycott contr\u00f4le technique moto, contre les ZFE, Adherer, nid de poule, infrastructure, action gazoil, consignes casques, 24h du mans, non au CT2RM, FFMC Sarthe, FFMC 72, F.F.M.C, ERJ, Le Mans, FFMC Le Mans, Veille sur les contr\u00f4les syst\u00e9matiques<\/title>\n<meta name=\"description\" content=\"FFMC 72 - Samedi 17\/10\/2020 : Journ\u00e9e pr\u00e9vention sur les risques routiers suivie d&#039;une balade\" \/>\n<meta name=\"robots\" content=\"index, follow, max-snippet:-1, max-image-preview:large, max-video-preview:-1\" \/>\n<link rel=\"canonical\" href=\"https:\/\/www.ffmc72.fr\/site\/samedi-17-10-2020-journee-prevention-sur-les-risques-routiers-suivie-dune-balade\/\" \/>\n<meta property=\"og:locale\" content=\"fr_FR\" \/>\n<meta property=\"og:type\" content=\"article\" \/>\n<meta property=\"og:title\" content=\"FFMC 72 - Samedi 17\/10\/2020 : Journ\u00e9e pr\u00e9vention sur les risques routiers suivie d&#039;une balade - FFMC 72 - F\u00e9d\u00e9ration Fran\u00e7aise des motards en col\u00e8res de la Sarthe - boycott contr\u00f4le technique moto, contre les ZFE, Adherer, nid de poule, infrastructure, action gazoil, consignes casques, 24h du mans, non au CT2RM, FFMC Sarthe, FFMC 72, F.F.M.C, ERJ, Le Mans, FFMC Le Mans, Veille sur les contr\u00f4les syst\u00e9matiques\" \/>\n<meta property=\"og:description\" content=\"FFMC 72 - Samedi 17\/10\/2020 : Journ\u00e9e pr\u00e9vention sur les risques routiers suivie d&#039;une balade\" \/>\n<meta property=\"og:url\" content=\"https:\/\/www.ffmc72.fr\/site\/samedi-17-10-2020-journee-prevention-sur-les-risques-routiers-suivie-dune-balade\/\" \/>\n<meta property=\"og:site_name\" content=\"FFMC 72 - F\u00e9d\u00e9ration Fran\u00e7aise des motards en col\u00e8res de la Sarthe - boycott contr\u00f4le technique moto, contre les ZFE, Adherer, nid de poule, infrastructure, action gazoil, consignes casques, 24h du mans, non au CT2RM, FFMC Sarthe, FFMC 72, F.F.M.C, ERJ, Le Mans, FFMC Le Mans, Veille sur les contr\u00f4les syst\u00e9matiques\" \/>\n<meta property=\"article:publisher\" content=\"https:\/\/www.facebook.com\/ffmc72\" \/>\n<meta property=\"article:published_time\" content=\"2020-10-08T16:05:45+00:00\" \/>\n<meta property=\"article:modified_time\" content=\"2020-10-15T17:46:35+00:00\" \/>\n<meta property=\"og:image\" content=\"https:\/\/www.ffmc72.fr\/site\/wp-content\/uploads\/2020\/10\/Balade-20201017-1024x724.png\" \/>\n<meta name=\"author\" content=\"Benoit HEDERER\" \/>\n<meta name=\"twitter:card\" content=\"summary_large_image\" \/>\n<meta name=\"twitter:label1\" content=\"\u00c9crit par\" \/>\n\t<meta name=\"twitter:data1\" content=\"Benoit HEDERER\" \/>\n<script type=\"application\/ld+json\" class=\"yoast-schema-graph\">{\"@context\":\"https:\\\/\\\/schema.org\",\"@graph\":[{\"@type\":\"Article\",\"@id\":\"https:\\\/\\\/www.ffmc72.fr\\\/site\\\/samedi-17-10-2020-journee-prevention-sur-les-risques-routiers-suivie-dune-balade\\\/#article\",\"isPartOf\":{\"@id\":\"https:\\\/\\\/www.ffmc72.fr\\\/site\\\/samedi-17-10-2020-journee-prevention-sur-les-risques-routiers-suivie-dune-balade\\\/\"},\"author\":{\"name\":\"Benoit HEDERER\",\"@id\":\"https:\\\/\\\/www.ffmc72.fr\\\/site\\\/#\\\/schema\\\/person\\\/574bc7717ea51ee14f8b025d08d71f08\"},\"headline\":\"Samedi 17\\\/10\\\/2020 : Journ\u00e9e pr\u00e9vention sur les risques routiers suivie d&rsquo;une balade\",\"datePublished\":\"2020-10-08T16:05:45+00:00\",\"dateModified\":\"2020-10-15T17:46:35+00:00\",\"mainEntityOfPage\":{\"@id\":\"https:\\\/\\\/www.ffmc72.fr\\\/site\\\/samedi-17-10-2020-journee-prevention-sur-les-risques-routiers-suivie-dune-balade\\\/\"},\"wordCount\":110,\"publisher\":{\"@id\":\"https:\\\/\\\/www.ffmc72.fr\\\/site\\\/#organization\"},\"image\":{\"@id\":\"https:\\\/\\\/www.ffmc72.fr\\\/site\\\/samedi-17-10-2020-journee-prevention-sur-les-risques-routiers-suivie-dune-balade\\\/#primaryimage\"},\"thumbnailUrl\":\"https:\\\/\\\/www.ffmc72.fr\\\/site\\\/wp-content\\\/uploads\\\/2020\\\/10\\\/Balade-20201017-1024x724.png\",\"articleSection\":[\"Divers\"],\"inLanguage\":\"fr-FR\"},{\"@type\":\"WebPage\",\"@id\":\"https:\\\/\\\/www.ffmc72.fr\\\/site\\\/samedi-17-10-2020-journee-prevention-sur-les-risques-routiers-suivie-dune-balade\\\/\",\"url\":\"https:\\\/\\\/www.ffmc72.fr\\\/site\\\/samedi-17-10-2020-journee-prevention-sur-les-risques-routiers-suivie-dune-balade\\\/\",\"name\":\"FFMC 72 - Samedi 17\\\/10\\\/2020 : Journ\u00e9e pr\u00e9vention sur les risques routiers suivie d'une balade - FFMC 72 - F\u00e9d\u00e9ration Fran\u00e7aise des motards en col\u00e8res de la Sarthe - boycott contr\u00f4le technique moto, contre les ZFE, Adherer, nid de poule, infrastructure, action gazoil, consignes casques, 24h du mans, non au CT2RM, FFMC Sarthe, FFMC 72, F.F.M.C, ERJ, Le Mans, FFMC Le Mans, Veille sur les contr\u00f4les syst\u00e9matiques\",\"isPartOf\":{\"@id\":\"https:\\\/\\\/www.ffmc72.fr\\\/site\\\/#website\"},\"primaryImageOfPage\":{\"@id\":\"https:\\\/\\\/www.ffmc72.fr\\\/site\\\/samedi-17-10-2020-journee-prevention-sur-les-risques-routiers-suivie-dune-balade\\\/#primaryimage\"},\"image\":{\"@id\":\"https:\\\/\\\/www.ffmc72.fr\\\/site\\\/samedi-17-10-2020-journee-prevention-sur-les-risques-routiers-suivie-dune-balade\\\/#primaryimage\"},\"thumbnailUrl\":\"https:\\\/\\\/www.ffmc72.fr\\\/site\\\/wp-content\\\/uploads\\\/2020\\\/10\\\/Balade-20201017-1024x724.png\",\"datePublished\":\"2020-10-08T16:05:45+00:00\",\"dateModified\":\"2020-10-15T17:46:35+00:00\",\"description\":\"FFMC 72 - Samedi 17\\\/10\\\/2020 : Journ\u00e9e pr\u00e9vention sur les risques routiers suivie d'une balade\",\"breadcrumb\":{\"@id\":\"https:\\\/\\\/www.ffmc72.fr\\\/site\\\/samedi-17-10-2020-journee-prevention-sur-les-risques-routiers-suivie-dune-balade\\\/#breadcrumb\"},\"inLanguage\":\"fr-FR\",\"potentialAction\":[{\"@type\":\"ReadAction\",\"target\":[\"https:\\\/\\\/www.ffmc72.fr\\\/site\\\/samedi-17-10-2020-journee-prevention-sur-les-risques-routiers-suivie-dune-balade\\\/\"]}]},{\"@type\":\"ImageObject\",\"inLanguage\":\"fr-FR\",\"@id\":\"https:\\\/\\\/www.ffmc72.fr\\\/site\\\/samedi-17-10-2020-journee-prevention-sur-les-risques-routiers-suivie-dune-balade\\\/#primaryimage\",\"url\":\"https:\\\/\\\/www.ffmc72.fr\\\/site\\\/wp-content\\\/uploads\\\/2020\\\/10\\\/Balade-20201017.png\",\"contentUrl\":\"https:\\\/\\\/www.ffmc72.fr\\\/site\\\/wp-content\\\/uploads\\\/2020\\\/10\\\/Balade-20201017.png\",\"width\":1052,\"height\":744},{\"@type\":\"BreadcrumbList\",\"@id\":\"https:\\\/\\\/www.ffmc72.fr\\\/site\\\/samedi-17-10-2020-journee-prevention-sur-les-risques-routiers-suivie-dune-balade\\\/#breadcrumb\",\"itemListElement\":[{\"@type\":\"ListItem\",\"position\":1,\"name\":\"Accueil\",\"item\":\"https:\\\/\\\/www.ffmc72.fr\\\/site\\\/\"},{\"@type\":\"ListItem\",\"position\":2,\"name\":\"Samedi 17\\\/10\\\/2020 : Journ\u00e9e pr\u00e9vention sur les risques routiers suivie d&rsquo;une balade\"}]},{\"@type\":\"WebSite\",\"@id\":\"https:\\\/\\\/www.ffmc72.fr\\\/site\\\/#website\",\"url\":\"https:\\\/\\\/www.ffmc72.fr\\\/site\\\/\",\"name\":\"FFMC 72 - F\u00e9d\u00e9ration Fran\u00e7aise des motards en col\u00e8res de la Sarthe - boycott contr\u00f4le technique moto, contre les ZFE, Adherer, nid de poule, infrastructure, action gazoil, consignes casques, 24h du mans, non au CT2RM, FFMC Sarthe, FFMC 72, F.F.M.C, ERJ, Le Mans, FFMC Le Mans, Veille sur les contr\u00f4les syst\u00e9matiques\",\"description\":\"Plus nombreux, plus fort, rejoint la FFMC\",\"publisher\":{\"@id\":\"https:\\\/\\\/www.ffmc72.fr\\\/site\\\/#organization\"},\"alternateName\":\"FFMC 72\",\"potentialAction\":[{\"@type\":\"SearchAction\",\"target\":{\"@type\":\"EntryPoint\",\"urlTemplate\":\"https:\\\/\\\/www.ffmc72.fr\\\/site\\\/?s={search_term_string}\"},\"query-input\":{\"@type\":\"PropertyValueSpecification\",\"valueRequired\":true,\"valueName\":\"search_term_string\"}}],\"inLanguage\":\"fr-FR\"},{\"@type\":\"Organization\",\"@id\":\"https:\\\/\\\/www.ffmc72.fr\\\/site\\\/#organization\",\"name\":\"FFMC 72\",\"url\":\"https:\\\/\\\/www.ffmc72.fr\\\/site\\\/\",\"logo\":{\"@type\":\"ImageObject\",\"inLanguage\":\"fr-FR\",\"@id\":\"https:\\\/\\\/www.ffmc72.fr\\\/site\\\/#\\\/schema\\\/logo\\\/image\\\/\",\"url\":\"https:\\\/\\\/www.ffmc72.fr\\\/site\\\/wp-content\\\/uploads\\\/2020\\\/05\\\/sticker-partenaire.jpg\",\"contentUrl\":\"https:\\\/\\\/www.ffmc72.fr\\\/site\\\/wp-content\\\/uploads\\\/2020\\\/05\\\/sticker-partenaire.jpg\",\"width\":1024,\"height\":239,\"caption\":\"FFMC 72\"},\"image\":{\"@id\":\"https:\\\/\\\/www.ffmc72.fr\\\/site\\\/#\\\/schema\\\/logo\\\/image\\\/\"},\"sameAs\":[\"https:\\\/\\\/www.facebook.com\\\/ffmc72\"]},{\"@type\":\"Person\",\"@id\":\"https:\\\/\\\/www.ffmc72.fr\\\/site\\\/#\\\/schema\\\/person\\\/574bc7717ea51ee14f8b025d08d71f08\",\"name\":\"Benoit HEDERER\",\"image\":{\"@type\":\"ImageObject\",\"inLanguage\":\"fr-FR\",\"@id\":\"https:\\\/\\\/secure.gravatar.com\\\/avatar\\\/b4e52518e795ce8b131f4aedc263ee278fc0bb5fd38a30d55b45b5412184d486?s=96&d=mm&r=g\",\"url\":\"https:\\\/\\\/secure.gravatar.com\\\/avatar\\\/b4e52518e795ce8b131f4aedc263ee278fc0bb5fd38a30d55b45b5412184d486?s=96&d=mm&r=g\",\"contentUrl\":\"https:\\\/\\\/secure.gravatar.com\\\/avatar\\\/b4e52518e795ce8b131f4aedc263ee278fc0bb5fd38a30d55b45b5412184d486?s=96&d=mm&r=g\",\"caption\":\"Benoit HEDERER\"},\"url\":\"https:\\\/\\\/www.ffmc72.fr\\\/site\\\/author\\\/b-hederer\\\/\"}]}<\/script>\n<!-- \/ Yoast SEO plugin. -->","yoast_head_json":{"title":"FFMC 72 - Samedi 17\/10\/2020 : Journ\u00e9e pr\u00e9vention sur les risques routiers suivie d'une balade - FFMC 72 - F\u00e9d\u00e9ration Fran\u00e7aise des motards en col\u00e8res de la Sarthe - boycott contr\u00f4le technique moto, contre les ZFE, Adherer, nid de poule, infrastructure, action gazoil, consignes casques, 24h du mans, non au CT2RM, FFMC Sarthe, FFMC 72, F.F.M.C, ERJ, Le Mans, FFMC Le Mans, Veille sur les contr\u00f4les syst\u00e9matiques","description":"FFMC 72 - Samedi 17\/10\/2020 : Journ\u00e9e pr\u00e9vention sur les risques routiers suivie d'une balade","robots":{"index":"index","follow":"follow","max-snippet":"max-snippet:-1","max-image-preview":"max-image-preview:large","max-video-preview":"max-video-preview:-1"},"canonical":"https:\/\/www.ffmc72.fr\/site\/samedi-17-10-2020-journee-prevention-sur-les-risques-routiers-suivie-dune-balade\/","og_locale":"fr_FR","og_type":"article","og_title":"FFMC 72 - Samedi 17\/10\/2020 : Journ\u00e9e pr\u00e9vention sur les risques routiers suivie d'une balade - FFMC 72 - F\u00e9d\u00e9ration Fran\u00e7aise des motards en col\u00e8res de la Sarthe - boycott contr\u00f4le technique moto, contre les ZFE, Adherer, nid de poule, infrastructure, action gazoil, consignes casques, 24h du mans, non au CT2RM, FFMC Sarthe, FFMC 72, F.F.M.C, ERJ, Le Mans, FFMC Le Mans, Veille sur les contr\u00f4les syst\u00e9matiques","og_description":"FFMC 72 - Samedi 17\/10\/2020 : Journ\u00e9e pr\u00e9vention sur les risques routiers suivie d'une balade","og_url":"https:\/\/www.ffmc72.fr\/site\/samedi-17-10-2020-journee-prevention-sur-les-risques-routiers-suivie-dune-balade\/","og_site_name":"FFMC 72 - F\u00e9d\u00e9ration Fran\u00e7aise des motards en col\u00e8res de la Sarthe - boycott contr\u00f4le technique moto, contre les ZFE, Adherer, nid de poule, infrastructure, action gazoil, consignes casques, 24h du mans, non au CT2RM, FFMC Sarthe, FFMC 72, F.F.M.C, ERJ, Le Mans, FFMC Le Mans, Veille sur les contr\u00f4les syst\u00e9matiques","article_publisher":"https:\/\/www.facebook.com\/ffmc72","article_published_time":"2020-10-08T16:05:45+00:00","article_modified_time":"2020-10-15T17:46:35+00:00","og_image":[{"url":"https:\/\/www.ffmc72.fr\/site\/wp-content\/uploads\/2020\/10\/Balade-20201017-1024x724.png","type":"","width":"","height":""}],"author":"Benoit HEDERER","twitter_card":"summary_large_image","twitter_misc":{"\u00c9crit par":"Benoit HEDERER"},"schema":{"@context":"https:\/\/schema.org","@graph":[{"@type":"Article","@id":"https:\/\/www.ffmc72.fr\/site\/samedi-17-10-2020-journee-prevention-sur-les-risques-routiers-suivie-dune-balade\/#article","isPartOf":{"@id":"https:\/\/www.ffmc72.fr\/site\/samedi-17-10-2020-journee-prevention-sur-les-risques-routiers-suivie-dune-balade\/"},"author":{"name":"Benoit HEDERER","@id":"https:\/\/www.ffmc72.fr\/site\/#\/schema\/person\/574bc7717ea51ee14f8b025d08d71f08"},"headline":"Samedi 17\/10\/2020 : Journ\u00e9e pr\u00e9vention sur les risques routiers suivie d&rsquo;une balade","datePublished":"2020-10-08T16:05:45+00:00","dateModified":"2020-10-15T17:46:35+00:00","mainEntityOfPage":{"@id":"https:\/\/www.ffmc72.fr\/site\/samedi-17-10-2020-journee-prevention-sur-les-risques-routiers-suivie-dune-balade\/"},"wordCount":110,"publisher":{"@id":"https:\/\/www.ffmc72.fr\/site\/#organization"},"image":{"@id":"https:\/\/www.ffmc72.fr\/site\/samedi-17-10-2020-journee-prevention-sur-les-risques-routiers-suivie-dune-balade\/#primaryimage"},"thumbnailUrl":"https:\/\/www.ffmc72.fr\/site\/wp-content\/uploads\/2020\/10\/Balade-20201017-1024x724.png","articleSection":["Divers"],"inLanguage":"fr-FR"},{"@type":"WebPage","@id":"https:\/\/www.ffmc72.fr\/site\/samedi-17-10-2020-journee-prevention-sur-les-risques-routiers-suivie-dune-balade\/","url":"https:\/\/www.ffmc72.fr\/site\/samedi-17-10-2020-journee-prevention-sur-les-risques-routiers-suivie-dune-balade\/","name":"FFMC 72 - Samedi 17\/10\/2020 : Journ\u00e9e pr\u00e9vention sur les risques routiers suivie d'une balade - FFMC 72 - F\u00e9d\u00e9ration Fran\u00e7aise des motards en col\u00e8res de la Sarthe - boycott contr\u00f4le technique moto, contre les ZFE, Adherer, nid de poule, infrastructure, action gazoil, consignes casques, 24h du mans, non au CT2RM, FFMC Sarthe, FFMC 72, F.F.M.C, ERJ, Le Mans, FFMC Le Mans, Veille sur les contr\u00f4les syst\u00e9matiques","isPartOf":{"@id":"https:\/\/www.ffmc72.fr\/site\/#website"},"primaryImageOfPage":{"@id":"https:\/\/www.ffmc72.fr\/site\/samedi-17-10-2020-journee-prevention-sur-les-risques-routiers-suivie-dune-balade\/#primaryimage"},"image":{"@id":"https:\/\/www.ffmc72.fr\/site\/samedi-17-10-2020-journee-prevention-sur-les-risques-routiers-suivie-dune-balade\/#primaryimage"},"thumbnailUrl":"https:\/\/www.ffmc72.fr\/site\/wp-content\/uploads\/2020\/10\/Balade-20201017-1024x724.png","datePublished":"2020-10-08T16:05:45+00:00","dateModified":"2020-10-15T17:46:35+00:00","description":"FFMC 72 - Samedi 17\/10\/2020 : Journ\u00e9e pr\u00e9vention sur les risques routiers suivie d'une balade","breadcrumb":{"@id":"https:\/\/www.ffmc72.fr\/site\/samedi-17-10-2020-journee-prevention-sur-les-risques-routiers-suivie-dune-balade\/#breadcrumb"},"inLanguage":"fr-FR","potentialAction":[{"@type":"ReadAction","target":["https:\/\/www.ffmc72.fr\/site\/samedi-17-10-2020-journee-prevention-sur-les-risques-routiers-suivie-dune-balade\/"]}]},{"@type":"ImageObject","inLanguage":"fr-FR","@id":"https:\/\/www.ffmc72.fr\/site\/samedi-17-10-2020-journee-prevention-sur-les-risques-routiers-suivie-dune-balade\/#primaryimage","url":"https:\/\/www.ffmc72.fr\/site\/wp-content\/uploads\/2020\/10\/Balade-20201017.png","contentUrl":"https:\/\/www.ffmc72.fr\/site\/wp-content\/uploads\/2020\/10\/Balade-20201017.png","width":1052,"height":744},{"@type":"BreadcrumbList","@id":"https:\/\/www.ffmc72.fr\/site\/samedi-17-10-2020-journee-prevention-sur-les-risques-routiers-suivie-dune-balade\/#breadcrumb","itemListElement":[{"@type":"ListItem","position":1,"name":"Accueil","item":"https:\/\/www.ffmc72.fr\/site\/"},{"@type":"ListItem","position":2,"name":"Samedi 17\/10\/2020 : Journ\u00e9e pr\u00e9vention sur les risques routiers suivie d&rsquo;une balade"}]},{"@type":"WebSite","@id":"https:\/\/www.ffmc72.fr\/site\/#website","url":"https:\/\/www.ffmc72.fr\/site\/","name":"FFMC 72 - F\u00e9d\u00e9ration Fran\u00e7aise des motards en col\u00e8res de la Sarthe - boycott contr\u00f4le technique moto, contre les ZFE, Adherer, nid de poule, infrastructure, action gazoil, consignes casques, 24h du mans, non au CT2RM, FFMC Sarthe, FFMC 72, F.F.M.C, ERJ, Le Mans, FFMC Le Mans, Veille sur les contr\u00f4les syst\u00e9matiques","description":"Plus nombreux, plus fort, rejoint la FFMC","publisher":{"@id":"https:\/\/www.ffmc72.fr\/site\/#organization"},"alternateName":"FFMC 72","potentialAction":[{"@type":"SearchAction","target":{"@type":"EntryPoint","urlTemplate":"https:\/\/www.ffmc72.fr\/site\/?s={search_term_string}"},"query-input":{"@type":"PropertyValueSpecification","valueRequired":true,"valueName":"search_term_string"}}],"inLanguage":"fr-FR"},{"@type":"Organization","@id":"https:\/\/www.ffmc72.fr\/site\/#organization","name":"FFMC 72","url":"https:\/\/www.ffmc72.fr\/site\/","logo":{"@type":"ImageObject","inLanguage":"fr-FR","@id":"https:\/\/www.ffmc72.fr\/site\/#\/schema\/logo\/image\/","url":"https:\/\/www.ffmc72.fr\/site\/wp-content\/uploads\/2020\/05\/sticker-partenaire.jpg","contentUrl":"https:\/\/www.ffmc72.fr\/site\/wp-content\/uploads\/2020\/05\/sticker-partenaire.jpg","width":1024,"height":239,"caption":"FFMC 72"},"image":{"@id":"https:\/\/www.ffmc72.fr\/site\/#\/schema\/logo\/image\/"},"sameAs":["https:\/\/www.facebook.com\/ffmc72"]},{"@type":"Person","@id":"https:\/\/www.ffmc72.fr\/site\/#\/schema\/person\/574bc7717ea51ee14f8b025d08d71f08","name":"Benoit HEDERER","image":{"@type":"ImageObject","inLanguage":"fr-FR","@id":"https:\/\/secure.gravatar.com\/avatar\/b4e52518e795ce8b131f4aedc263ee278fc0bb5fd38a30d55b45b5412184d486?s=96&d=mm&r=g","url":"https:\/\/secure.gravatar.com\/avatar\/b4e52518e795ce8b131f4aedc263ee278fc0bb5fd38a30d55b45b5412184d486?s=96&d=mm&r=g","contentUrl":"https:\/\/secure.gravatar.com\/avatar\/b4e52518e795ce8b131f4aedc263ee278fc0bb5fd38a30d55b45b5412184d486?s=96&d=mm&r=g","caption":"Benoit HEDERER"},"url":"https:\/\/www.ffmc72.fr\/site\/author\/b-hederer\/"}]}},"_links":{"self":[{"href":"https:\/\/www.ffmc72.fr\/site\/wp-json\/wp\/v2\/posts\/1690","targetHints":{"allow":["GET"]}}],"collection":[{"href":"https:\/\/www.ffmc72.fr\/site\/wp-json\/wp\/v2\/posts"}],"about":[{"href":"https:\/\/www.ffmc72.fr\/site\/wp-json\/wp\/v2\/types\/post"}],"author":[{"embeddable":true,"href":"https:\/\/www.ffmc72.fr\/site\/wp-json\/wp\/v2\/users\/6"}],"replies":[{"embeddable":true,"href":"https:\/\/www.ffmc72.fr\/site\/wp-json\/wp\/v2\/comments?post=1690"}],"version-history":[{"count":2,"href":"https:\/\/www.ffmc72.fr\/site\/wp-json\/wp\/v2\/posts\/1690\/revisions"}],"predecessor-version":[{"id":1693,"href":"https:\/\/www.ffmc72.fr\/site\/wp-json\/wp\/v2\/posts\/1690\/revisions\/1693"}],"wp:attachment":[{"href":"https:\/\/www.ffmc72.fr\/site\/wp-json\/wp\/v2\/media?parent=1690"}],"wp:term":[{"taxonomy":"category","embeddable":true,"href":"https:\/\/www.ffmc72.fr\/site\/wp-json\/wp\/v2\/categories?post=1690"},{"taxonomy":"post_tag","embeddable":true,"href":"https:\/\/www.ffmc72.fr\/site\/wp-json\/wp\/v2\/tags?post=1690"}],"curies":[{"name":"wp","href":"https:\/\/api.w.org\/{rel}","templated":true}]}}