{"id":1646,"date":"2020-07-15T09:03:48","date_gmt":"2020-07-15T07:03:48","guid":{"rendered":"https:\/\/www.ffmc72.fr\/site\/?p=1646"},"modified":"2020-07-15T19:37:20","modified_gmt":"2020-07-15T17:37:20","slug":"operation-gas-oil-samedi-18-07-a-partir-de-9h","status":"publish","type":"post","link":"https:\/\/www.ffmc72.fr\/site\/operation-gas-oil-samedi-18-07-a-partir-de-9h\/","title":{"rendered":"Op\u00e9ration Gas-oil samedi 18\/07 \u00e0 partir de 9h"},"content":{"rendered":"\n<div class=\"wp-block-image\"><figure class=\"aligncenter size-medium is-resized\"><img loading=\"lazy\" decoding=\"async\" src=\"https:\/\/www.ffmc72.fr\/site\/wp-content\/uploads\/2020\/07\/107995739_286684429313277_8254972632415990466_n-212x300.png\" alt=\"\" class=\"wp-image-1647\" width=\"364\" height=\"515\" srcset=\"https:\/\/www.ffmc72.fr\/site\/wp-content\/uploads\/2020\/07\/107995739_286684429313277_8254972632415990466_n-212x300.png 212w, https:\/\/www.ffmc72.fr\/site\/wp-content\/uploads\/2020\/07\/107995739_286684429313277_8254972632415990466_n-724x1024.png 724w, https:\/\/www.ffmc72.fr\/site\/wp-content\/uploads\/2020\/07\/107995739_286684429313277_8254972632415990466_n-768x1086.png 768w, https:\/\/www.ffmc72.fr\/site\/wp-content\/uploads\/2020\/07\/107995739_286684429313277_8254972632415990466_n-1087x1536.png 1087w, https:\/\/www.ffmc72.fr\/site\/wp-content\/uploads\/2020\/07\/107995739_286684429313277_8254972632415990466_n-318x450.png 318w, https:\/\/www.ffmc72.fr\/site\/wp-content\/uploads\/2020\/07\/107995739_286684429313277_8254972632415990466_n-106x150.png 106w, https:\/\/www.ffmc72.fr\/site\/wp-content\/uploads\/2020\/07\/107995739_286684429313277_8254972632415990466_n.png 1415w\" sizes=\"auto, (max-width: 364px) 100vw, 364px\" \/><\/figure><\/div>\n\n\n\n<p class=\"has-text-align-left\">Nous organisons samedi 18 juillet \u00e0 partir de 9h au Super U de  Sainte-Jamme-Sur-Sarthe une op\u00e9ration de sensibilisation sur le risque  gas oil pour les 2RM.<br \/>L&rsquo;id\u00e9e est d&rsquo;aller au  contact des usagers des stations services pour leur expliquer pourquoi  il est inutile (\u00e9conomiquement et \u00e9cologiquement) et surtout pourquoi il  est dangereux, pour les 2RM, de faire un plein \u00e0 ras-bord.<br \/>L&rsquo;action sera faite dans plusieurs stations services selon la quantit\u00e9 de personne pr\u00e9sente.<br \/>Pour l&rsquo;instant est pr\u00e9vu :<\/p>\n\n\n\n<ul class=\"wp-block-list\"><li>Super U de St Jamme sur Sarthe<\/li><li>Super U de la Bazoge<\/li><li>Super U de Beaumont sur Sarthe<\/li><\/ul>\n\n\n\n<p class=\"has-text-align-left\">Rendez-vous au Super U de St Jamme \u00e0 9H00 pour les volontaires.<br \/><strong>Merci de confirmer votre pr\u00e9sence sur cet \u00e9v\u00e9nement afin que l&rsquo;on puisse s&rsquo;organiser par mail ou sur l&rsquo;\u00e9v\u00e8nement Facebook<\/strong><\/p>\n\n\n\n<p class=\"has-text-align-left\">Cet  \u00e9v\u00e9nement est susceptible de ne pas se tenir si nous n&rsquo;avons pas assez  de volontaire, ou si le temps ne le permet pas, merci de votre  participation et de votre implication <br \/>L&rsquo;Equipe de la FFMC72<br \/><\/p>\n\n\n\n<p><\/p>\n","protected":false},"excerpt":{"rendered":"<p>Nous organisons samedi 18 juillet \u00e0 partir de 9h au Super U de Sainte-Jamme-Sur-Sarthe une op\u00e9ration de sensibilisation sur le risque gas oil pour les 2RM.L&rsquo;id\u00e9e est d&rsquo;aller au contact des usagers des stations services pour leur expliquer pourquoi il est inutile (\u00e9conomiquement et \u00e9cologiquement) et surtout pourquoi il est dangereux, pour les 2RM, de faire un plein \u00e0 ras-bord.L&rsquo;action sera faite dans plusieurs stations services selon la quantit\u00e9 de personne pr\u00e9sente.Pour l&rsquo;instant est pr\u00e9vu : Super U de St Jamme sur Sarthe Super U de la Bazoge Super U de Beaumont sur Sarthe Rendez-vous au Super U de St&#8230;<\/p>\n<p class=\"continue-reading-button\"> <a class=\"continue-reading-link\" href=\"https:\/\/www.ffmc72.fr\/site\/operation-gas-oil-samedi-18-07-a-partir-de-9h\/\">Continuer \u00e0 lire<i class=\"crycon-right-dir\"><\/i><\/a><\/p>\n","protected":false},"author":6,"featured_media":0,"comment_status":"closed","ping_status":"closed","sticky":false,"template":"","format":"standard","meta":{"footnotes":""},"categories":[4],"tags":[],"class_list":["post-1646","post","type-post","status-publish","format-standard","hentry","category-divers"],"yoast_head":"<!-- This site is optimized with the Yoast SEO plugin v27.5 - https:\/\/yoast.com\/product\/yoast-seo-wordpress\/ -->\n<title>FFMC 72 - Op\u00e9ration Gas-oil samedi 18\/07 \u00e0 partir de 9h - FFMC 72 - F\u00e9d\u00e9ration Fran\u00e7aise des motards en col\u00e8res de la Sarthe - boycott contr\u00f4le technique moto, contre les ZFE, Adherer, nid de poule, infrastructure, action gazoil, consignes casques, 24h du mans, non au CT2RM, FFMC Sarthe, FFMC 72, F.F.M.C, ERJ, Le Mans, FFMC Le Mans, Veille sur les contr\u00f4les syst\u00e9matiques<\/title>\n<meta name=\"description\" content=\"FFMC 72 - Op\u00e9ration Gas-oil samedi 18\/07 \u00e0 partir de 9h\" \/>\n<meta name=\"robots\" content=\"index, follow, max-snippet:-1, max-image-preview:large, max-video-preview:-1\" \/>\n<link rel=\"canonical\" href=\"https:\/\/www.ffmc72.fr\/site\/operation-gas-oil-samedi-18-07-a-partir-de-9h\/\" \/>\n<meta property=\"og:locale\" content=\"fr_FR\" \/>\n<meta property=\"og:type\" content=\"article\" \/>\n<meta property=\"og:title\" content=\"FFMC 72 - Op\u00e9ration Gas-oil samedi 18\/07 \u00e0 partir de 9h - FFMC 72 - F\u00e9d\u00e9ration Fran\u00e7aise des motards en col\u00e8res de la Sarthe - boycott contr\u00f4le technique moto, contre les ZFE, Adherer, nid de poule, infrastructure, action gazoil, consignes casques, 24h du mans, non au CT2RM, FFMC Sarthe, FFMC 72, F.F.M.C, ERJ, Le Mans, FFMC Le Mans, Veille sur les contr\u00f4les syst\u00e9matiques\" \/>\n<meta property=\"og:description\" content=\"FFMC 72 - Op\u00e9ration Gas-oil samedi 18\/07 \u00e0 partir de 9h\" \/>\n<meta property=\"og:url\" content=\"https:\/\/www.ffmc72.fr\/site\/operation-gas-oil-samedi-18-07-a-partir-de-9h\/\" \/>\n<meta property=\"og:site_name\" content=\"FFMC 72 - F\u00e9d\u00e9ration Fran\u00e7aise des motards en col\u00e8res de la Sarthe - boycott contr\u00f4le technique moto, contre les ZFE, Adherer, nid de poule, infrastructure, action gazoil, consignes casques, 24h du mans, non au CT2RM, FFMC Sarthe, FFMC 72, F.F.M.C, ERJ, Le Mans, FFMC Le Mans, Veille sur les contr\u00f4les syst\u00e9matiques\" \/>\n<meta property=\"article:publisher\" content=\"https:\/\/www.facebook.com\/ffmc72\" \/>\n<meta property=\"article:published_time\" content=\"2020-07-15T07:03:48+00:00\" \/>\n<meta property=\"article:modified_time\" content=\"2020-07-15T17:37:20+00:00\" \/>\n<meta property=\"og:image\" content=\"https:\/\/www.ffmc72.fr\/site\/wp-content\/uploads\/2020\/07\/107995739_286684429313277_8254972632415990466_n-212x300.png\" \/>\n<meta name=\"author\" content=\"Benoit HEDERER\" \/>\n<meta name=\"twitter:card\" content=\"summary_large_image\" \/>\n<meta name=\"twitter:label1\" content=\"\u00c9crit par\" \/>\n\t<meta name=\"twitter:data1\" content=\"Benoit HEDERER\" \/>\n\t<meta name=\"twitter:label2\" content=\"Dur\u00e9e de lecture estim\u00e9e\" \/>\n\t<meta name=\"twitter:data2\" content=\"1 minute\" \/>\n<script type=\"application\/ld+json\" class=\"yoast-schema-graph\">{\"@context\":\"https:\\\/\\\/schema.org\",\"@graph\":[{\"@type\":\"Article\",\"@id\":\"https:\\\/\\\/www.ffmc72.fr\\\/site\\\/operation-gas-oil-samedi-18-07-a-partir-de-9h\\\/#article\",\"isPartOf\":{\"@id\":\"https:\\\/\\\/www.ffmc72.fr\\\/site\\\/operation-gas-oil-samedi-18-07-a-partir-de-9h\\\/\"},\"author\":{\"name\":\"Benoit HEDERER\",\"@id\":\"https:\\\/\\\/www.ffmc72.fr\\\/site\\\/#\\\/schema\\\/person\\\/574bc7717ea51ee14f8b025d08d71f08\"},\"headline\":\"Op\u00e9ration Gas-oil samedi 18\\\/07 \u00e0 partir de 9h\",\"datePublished\":\"2020-07-15T07:03:48+00:00\",\"dateModified\":\"2020-07-15T17:37:20+00:00\",\"mainEntityOfPage\":{\"@id\":\"https:\\\/\\\/www.ffmc72.fr\\\/site\\\/operation-gas-oil-samedi-18-07-a-partir-de-9h\\\/\"},\"wordCount\":183,\"publisher\":{\"@id\":\"https:\\\/\\\/www.ffmc72.fr\\\/site\\\/#organization\"},\"image\":{\"@id\":\"https:\\\/\\\/www.ffmc72.fr\\\/site\\\/operation-gas-oil-samedi-18-07-a-partir-de-9h\\\/#primaryimage\"},\"thumbnailUrl\":\"https:\\\/\\\/www.ffmc72.fr\\\/site\\\/wp-content\\\/uploads\\\/2020\\\/07\\\/107995739_286684429313277_8254972632415990466_n-212x300.png\",\"articleSection\":[\"Divers\"],\"inLanguage\":\"fr-FR\"},{\"@type\":\"WebPage\",\"@id\":\"https:\\\/\\\/www.ffmc72.fr\\\/site\\\/operation-gas-oil-samedi-18-07-a-partir-de-9h\\\/\",\"url\":\"https:\\\/\\\/www.ffmc72.fr\\\/site\\\/operation-gas-oil-samedi-18-07-a-partir-de-9h\\\/\",\"name\":\"FFMC 72 - Op\u00e9ration Gas-oil samedi 18\\\/07 \u00e0 partir de 9h - FFMC 72 - F\u00e9d\u00e9ration Fran\u00e7aise des motards en col\u00e8res de la Sarthe - boycott contr\u00f4le technique moto, contre les ZFE, Adherer, nid de poule, infrastructure, action gazoil, consignes casques, 24h du mans, non au CT2RM, FFMC Sarthe, FFMC 72, F.F.M.C, ERJ, Le Mans, FFMC Le Mans, Veille sur les contr\u00f4les syst\u00e9matiques\",\"isPartOf\":{\"@id\":\"https:\\\/\\\/www.ffmc72.fr\\\/site\\\/#website\"},\"primaryImageOfPage\":{\"@id\":\"https:\\\/\\\/www.ffmc72.fr\\\/site\\\/operation-gas-oil-samedi-18-07-a-partir-de-9h\\\/#primaryimage\"},\"image\":{\"@id\":\"https:\\\/\\\/www.ffmc72.fr\\\/site\\\/operation-gas-oil-samedi-18-07-a-partir-de-9h\\\/#primaryimage\"},\"thumbnailUrl\":\"https:\\\/\\\/www.ffmc72.fr\\\/site\\\/wp-content\\\/uploads\\\/2020\\\/07\\\/107995739_286684429313277_8254972632415990466_n-212x300.png\",\"datePublished\":\"2020-07-15T07:03:48+00:00\",\"dateModified\":\"2020-07-15T17:37:20+00:00\",\"description\":\"FFMC 72 - Op\u00e9ration Gas-oil samedi 18\\\/07 \u00e0 partir de 9h\",\"breadcrumb\":{\"@id\":\"https:\\\/\\\/www.ffmc72.fr\\\/site\\\/operation-gas-oil-samedi-18-07-a-partir-de-9h\\\/#breadcrumb\"},\"inLanguage\":\"fr-FR\",\"potentialAction\":[{\"@type\":\"ReadAction\",\"target\":[\"https:\\\/\\\/www.ffmc72.fr\\\/site\\\/operation-gas-oil-samedi-18-07-a-partir-de-9h\\\/\"]}]},{\"@type\":\"ImageObject\",\"inLanguage\":\"fr-FR\",\"@id\":\"https:\\\/\\\/www.ffmc72.fr\\\/site\\\/operation-gas-oil-samedi-18-07-a-partir-de-9h\\\/#primaryimage\",\"url\":\"https:\\\/\\\/www.ffmc72.fr\\\/site\\\/wp-content\\\/uploads\\\/2020\\\/07\\\/107995739_286684429313277_8254972632415990466_n.png\",\"contentUrl\":\"https:\\\/\\\/www.ffmc72.fr\\\/site\\\/wp-content\\\/uploads\\\/2020\\\/07\\\/107995739_286684429313277_8254972632415990466_n.png\",\"width\":1415,\"height\":2000},{\"@type\":\"BreadcrumbList\",\"@id\":\"https:\\\/\\\/www.ffmc72.fr\\\/site\\\/operation-gas-oil-samedi-18-07-a-partir-de-9h\\\/#breadcrumb\",\"itemListElement\":[{\"@type\":\"ListItem\",\"position\":1,\"name\":\"Accueil\",\"item\":\"https:\\\/\\\/www.ffmc72.fr\\\/site\\\/\"},{\"@type\":\"ListItem\",\"position\":2,\"name\":\"Op\u00e9ration Gas-oil samedi 18\\\/07 \u00e0 partir de 9h\"}]},{\"@type\":\"WebSite\",\"@id\":\"https:\\\/\\\/www.ffmc72.fr\\\/site\\\/#website\",\"url\":\"https:\\\/\\\/www.ffmc72.fr\\\/site\\\/\",\"name\":\"FFMC 72 - F\u00e9d\u00e9ration Fran\u00e7aise des motards en col\u00e8res de la Sarthe - boycott contr\u00f4le technique moto, contre les ZFE, Adherer, nid de poule, infrastructure, action gazoil, consignes casques, 24h du mans, non au CT2RM, FFMC Sarthe, FFMC 72, F.F.M.C, ERJ, Le Mans, FFMC Le Mans, Veille sur les contr\u00f4les syst\u00e9matiques\",\"description\":\"Plus nombreux, plus fort, rejoint la FFMC\",\"publisher\":{\"@id\":\"https:\\\/\\\/www.ffmc72.fr\\\/site\\\/#organization\"},\"alternateName\":\"FFMC 72\",\"potentialAction\":[{\"@type\":\"SearchAction\",\"target\":{\"@type\":\"EntryPoint\",\"urlTemplate\":\"https:\\\/\\\/www.ffmc72.fr\\\/site\\\/?s={search_term_string}\"},\"query-input\":{\"@type\":\"PropertyValueSpecification\",\"valueRequired\":true,\"valueName\":\"search_term_string\"}}],\"inLanguage\":\"fr-FR\"},{\"@type\":\"Organization\",\"@id\":\"https:\\\/\\\/www.ffmc72.fr\\\/site\\\/#organization\",\"name\":\"FFMC 72\",\"url\":\"https:\\\/\\\/www.ffmc72.fr\\\/site\\\/\",\"logo\":{\"@type\":\"ImageObject\",\"inLanguage\":\"fr-FR\",\"@id\":\"https:\\\/\\\/www.ffmc72.fr\\\/site\\\/#\\\/schema\\\/logo\\\/image\\\/\",\"url\":\"https:\\\/\\\/www.ffmc72.fr\\\/site\\\/wp-content\\\/uploads\\\/2020\\\/05\\\/sticker-partenaire.jpg\",\"contentUrl\":\"https:\\\/\\\/www.ffmc72.fr\\\/site\\\/wp-content\\\/uploads\\\/2020\\\/05\\\/sticker-partenaire.jpg\",\"width\":1024,\"height\":239,\"caption\":\"FFMC 72\"},\"image\":{\"@id\":\"https:\\\/\\\/www.ffmc72.fr\\\/site\\\/#\\\/schema\\\/logo\\\/image\\\/\"},\"sameAs\":[\"https:\\\/\\\/www.facebook.com\\\/ffmc72\"]},{\"@type\":\"Person\",\"@id\":\"https:\\\/\\\/www.ffmc72.fr\\\/site\\\/#\\\/schema\\\/person\\\/574bc7717ea51ee14f8b025d08d71f08\",\"name\":\"Benoit HEDERER\",\"image\":{\"@type\":\"ImageObject\",\"inLanguage\":\"fr-FR\",\"@id\":\"https:\\\/\\\/secure.gravatar.com\\\/avatar\\\/b4e52518e795ce8b131f4aedc263ee278fc0bb5fd38a30d55b45b5412184d486?s=96&d=mm&r=g\",\"url\":\"https:\\\/\\\/secure.gravatar.com\\\/avatar\\\/b4e52518e795ce8b131f4aedc263ee278fc0bb5fd38a30d55b45b5412184d486?s=96&d=mm&r=g\",\"contentUrl\":\"https:\\\/\\\/secure.gravatar.com\\\/avatar\\\/b4e52518e795ce8b131f4aedc263ee278fc0bb5fd38a30d55b45b5412184d486?s=96&d=mm&r=g\",\"caption\":\"Benoit HEDERER\"},\"url\":\"https:\\\/\\\/www.ffmc72.fr\\\/site\\\/author\\\/b-hederer\\\/\"}]}<\/script>\n<!-- \/ Yoast SEO plugin. -->","yoast_head_json":{"title":"FFMC 72 - Op\u00e9ration Gas-oil samedi 18\/07 \u00e0 partir de 9h - FFMC 72 - F\u00e9d\u00e9ration Fran\u00e7aise des motards en col\u00e8res de la Sarthe - boycott contr\u00f4le technique moto, contre les ZFE, Adherer, nid de poule, infrastructure, action gazoil, consignes casques, 24h du mans, non au CT2RM, FFMC Sarthe, FFMC 72, F.F.M.C, ERJ, Le Mans, FFMC Le Mans, Veille sur les contr\u00f4les syst\u00e9matiques","description":"FFMC 72 - Op\u00e9ration Gas-oil samedi 18\/07 \u00e0 partir de 9h","robots":{"index":"index","follow":"follow","max-snippet":"max-snippet:-1","max-image-preview":"max-image-preview:large","max-video-preview":"max-video-preview:-1"},"canonical":"https:\/\/www.ffmc72.fr\/site\/operation-gas-oil-samedi-18-07-a-partir-de-9h\/","og_locale":"fr_FR","og_type":"article","og_title":"FFMC 72 - Op\u00e9ration Gas-oil samedi 18\/07 \u00e0 partir de 9h - FFMC 72 - F\u00e9d\u00e9ration Fran\u00e7aise des motards en col\u00e8res de la Sarthe - boycott contr\u00f4le technique moto, contre les ZFE, Adherer, nid de poule, infrastructure, action gazoil, consignes casques, 24h du mans, non au CT2RM, FFMC Sarthe, FFMC 72, F.F.M.C, ERJ, Le Mans, FFMC Le Mans, Veille sur les contr\u00f4les syst\u00e9matiques","og_description":"FFMC 72 - Op\u00e9ration Gas-oil samedi 18\/07 \u00e0 partir de 9h","og_url":"https:\/\/www.ffmc72.fr\/site\/operation-gas-oil-samedi-18-07-a-partir-de-9h\/","og_site_name":"FFMC 72 - F\u00e9d\u00e9ration Fran\u00e7aise des motards en col\u00e8res de la Sarthe - boycott contr\u00f4le technique moto, contre les ZFE, Adherer, nid de poule, infrastructure, action gazoil, consignes casques, 24h du mans, non au CT2RM, FFMC Sarthe, FFMC 72, F.F.M.C, ERJ, Le Mans, FFMC Le Mans, Veille sur les contr\u00f4les syst\u00e9matiques","article_publisher":"https:\/\/www.facebook.com\/ffmc72","article_published_time":"2020-07-15T07:03:48+00:00","article_modified_time":"2020-07-15T17:37:20+00:00","og_image":[{"url":"https:\/\/www.ffmc72.fr\/site\/wp-content\/uploads\/2020\/07\/107995739_286684429313277_8254972632415990466_n-212x300.png","type":"","width":"","height":""}],"author":"Benoit HEDERER","twitter_card":"summary_large_image","twitter_misc":{"\u00c9crit par":"Benoit HEDERER","Dur\u00e9e de lecture estim\u00e9e":"1 minute"},"schema":{"@context":"https:\/\/schema.org","@graph":[{"@type":"Article","@id":"https:\/\/www.ffmc72.fr\/site\/operation-gas-oil-samedi-18-07-a-partir-de-9h\/#article","isPartOf":{"@id":"https:\/\/www.ffmc72.fr\/site\/operation-gas-oil-samedi-18-07-a-partir-de-9h\/"},"author":{"name":"Benoit HEDERER","@id":"https:\/\/www.ffmc72.fr\/site\/#\/schema\/person\/574bc7717ea51ee14f8b025d08d71f08"},"headline":"Op\u00e9ration Gas-oil samedi 18\/07 \u00e0 partir de 9h","datePublished":"2020-07-15T07:03:48+00:00","dateModified":"2020-07-15T17:37:20+00:00","mainEntityOfPage":{"@id":"https:\/\/www.ffmc72.fr\/site\/operation-gas-oil-samedi-18-07-a-partir-de-9h\/"},"wordCount":183,"publisher":{"@id":"https:\/\/www.ffmc72.fr\/site\/#organization"},"image":{"@id":"https:\/\/www.ffmc72.fr\/site\/operation-gas-oil-samedi-18-07-a-partir-de-9h\/#primaryimage"},"thumbnailUrl":"https:\/\/www.ffmc72.fr\/site\/wp-content\/uploads\/2020\/07\/107995739_286684429313277_8254972632415990466_n-212x300.png","articleSection":["Divers"],"inLanguage":"fr-FR"},{"@type":"WebPage","@id":"https:\/\/www.ffmc72.fr\/site\/operation-gas-oil-samedi-18-07-a-partir-de-9h\/","url":"https:\/\/www.ffmc72.fr\/site\/operation-gas-oil-samedi-18-07-a-partir-de-9h\/","name":"FFMC 72 - Op\u00e9ration Gas-oil samedi 18\/07 \u00e0 partir de 9h - FFMC 72 - F\u00e9d\u00e9ration Fran\u00e7aise des motards en col\u00e8res de la Sarthe - boycott contr\u00f4le technique moto, contre les ZFE, Adherer, nid de poule, infrastructure, action gazoil, consignes casques, 24h du mans, non au CT2RM, FFMC Sarthe, FFMC 72, F.F.M.C, ERJ, Le Mans, FFMC Le Mans, Veille sur les contr\u00f4les syst\u00e9matiques","isPartOf":{"@id":"https:\/\/www.ffmc72.fr\/site\/#website"},"primaryImageOfPage":{"@id":"https:\/\/www.ffmc72.fr\/site\/operation-gas-oil-samedi-18-07-a-partir-de-9h\/#primaryimage"},"image":{"@id":"https:\/\/www.ffmc72.fr\/site\/operation-gas-oil-samedi-18-07-a-partir-de-9h\/#primaryimage"},"thumbnailUrl":"https:\/\/www.ffmc72.fr\/site\/wp-content\/uploads\/2020\/07\/107995739_286684429313277_8254972632415990466_n-212x300.png","datePublished":"2020-07-15T07:03:48+00:00","dateModified":"2020-07-15T17:37:20+00:00","description":"FFMC 72 - Op\u00e9ration Gas-oil samedi 18\/07 \u00e0 partir de 9h","breadcrumb":{"@id":"https:\/\/www.ffmc72.fr\/site\/operation-gas-oil-samedi-18-07-a-partir-de-9h\/#breadcrumb"},"inLanguage":"fr-FR","potentialAction":[{"@type":"ReadAction","target":["https:\/\/www.ffmc72.fr\/site\/operation-gas-oil-samedi-18-07-a-partir-de-9h\/"]}]},{"@type":"ImageObject","inLanguage":"fr-FR","@id":"https:\/\/www.ffmc72.fr\/site\/operation-gas-oil-samedi-18-07-a-partir-de-9h\/#primaryimage","url":"https:\/\/www.ffmc72.fr\/site\/wp-content\/uploads\/2020\/07\/107995739_286684429313277_8254972632415990466_n.png","contentUrl":"https:\/\/www.ffmc72.fr\/site\/wp-content\/uploads\/2020\/07\/107995739_286684429313277_8254972632415990466_n.png","width":1415,"height":2000},{"@type":"BreadcrumbList","@id":"https:\/\/www.ffmc72.fr\/site\/operation-gas-oil-samedi-18-07-a-partir-de-9h\/#breadcrumb","itemListElement":[{"@type":"ListItem","position":1,"name":"Accueil","item":"https:\/\/www.ffmc72.fr\/site\/"},{"@type":"ListItem","position":2,"name":"Op\u00e9ration Gas-oil samedi 18\/07 \u00e0 partir de 9h"}]},{"@type":"WebSite","@id":"https:\/\/www.ffmc72.fr\/site\/#website","url":"https:\/\/www.ffmc72.fr\/site\/","name":"FFMC 72 - F\u00e9d\u00e9ration Fran\u00e7aise des motards en col\u00e8res de la Sarthe - boycott contr\u00f4le technique moto, contre les ZFE, Adherer, nid de poule, infrastructure, action gazoil, consignes casques, 24h du mans, non au CT2RM, FFMC Sarthe, FFMC 72, F.F.M.C, ERJ, Le Mans, FFMC Le Mans, Veille sur les contr\u00f4les syst\u00e9matiques","description":"Plus nombreux, plus fort, rejoint la FFMC","publisher":{"@id":"https:\/\/www.ffmc72.fr\/site\/#organization"},"alternateName":"FFMC 72","potentialAction":[{"@type":"SearchAction","target":{"@type":"EntryPoint","urlTemplate":"https:\/\/www.ffmc72.fr\/site\/?s={search_term_string}"},"query-input":{"@type":"PropertyValueSpecification","valueRequired":true,"valueName":"search_term_string"}}],"inLanguage":"fr-FR"},{"@type":"Organization","@id":"https:\/\/www.ffmc72.fr\/site\/#organization","name":"FFMC 72","url":"https:\/\/www.ffmc72.fr\/site\/","logo":{"@type":"ImageObject","inLanguage":"fr-FR","@id":"https:\/\/www.ffmc72.fr\/site\/#\/schema\/logo\/image\/","url":"https:\/\/www.ffmc72.fr\/site\/wp-content\/uploads\/2020\/05\/sticker-partenaire.jpg","contentUrl":"https:\/\/www.ffmc72.fr\/site\/wp-content\/uploads\/2020\/05\/sticker-partenaire.jpg","width":1024,"height":239,"caption":"FFMC 72"},"image":{"@id":"https:\/\/www.ffmc72.fr\/site\/#\/schema\/logo\/image\/"},"sameAs":["https:\/\/www.facebook.com\/ffmc72"]},{"@type":"Person","@id":"https:\/\/www.ffmc72.fr\/site\/#\/schema\/person\/574bc7717ea51ee14f8b025d08d71f08","name":"Benoit HEDERER","image":{"@type":"ImageObject","inLanguage":"fr-FR","@id":"https:\/\/secure.gravatar.com\/avatar\/b4e52518e795ce8b131f4aedc263ee278fc0bb5fd38a30d55b45b5412184d486?s=96&d=mm&r=g","url":"https:\/\/secure.gravatar.com\/avatar\/b4e52518e795ce8b131f4aedc263ee278fc0bb5fd38a30d55b45b5412184d486?s=96&d=mm&r=g","contentUrl":"https:\/\/secure.gravatar.com\/avatar\/b4e52518e795ce8b131f4aedc263ee278fc0bb5fd38a30d55b45b5412184d486?s=96&d=mm&r=g","caption":"Benoit HEDERER"},"url":"https:\/\/www.ffmc72.fr\/site\/author\/b-hederer\/"}]}},"_links":{"self":[{"href":"https:\/\/www.ffmc72.fr\/site\/wp-json\/wp\/v2\/posts\/1646","targetHints":{"allow":["GET"]}}],"collection":[{"href":"https:\/\/www.ffmc72.fr\/site\/wp-json\/wp\/v2\/posts"}],"about":[{"href":"https:\/\/www.ffmc72.fr\/site\/wp-json\/wp\/v2\/types\/post"}],"author":[{"embeddable":true,"href":"https:\/\/www.ffmc72.fr\/site\/wp-json\/wp\/v2\/users\/6"}],"replies":[{"embeddable":true,"href":"https:\/\/www.ffmc72.fr\/site\/wp-json\/wp\/v2\/comments?post=1646"}],"version-history":[{"count":3,"href":"https:\/\/www.ffmc72.fr\/site\/wp-json\/wp\/v2\/posts\/1646\/revisions"}],"predecessor-version":[{"id":1650,"href":"https:\/\/www.ffmc72.fr\/site\/wp-json\/wp\/v2\/posts\/1646\/revisions\/1650"}],"wp:attachment":[{"href":"https:\/\/www.ffmc72.fr\/site\/wp-json\/wp\/v2\/media?parent=1646"}],"wp:term":[{"taxonomy":"category","embeddable":true,"href":"https:\/\/www.ffmc72.fr\/site\/wp-json\/wp\/v2\/categories?post=1646"},{"taxonomy":"post_tag","embeddable":true,"href":"https:\/\/www.ffmc72.fr\/site\/wp-json\/wp\/v2\/tags?post=1646"}],"curies":[{"name":"wp","href":"https:\/\/api.w.org\/{rel}","templated":true}]}}