{"id":157,"date":"2014-02-27T12:29:39","date_gmt":"2014-02-27T11:29:39","guid":{"rendered":"http:\/\/ffmc72.fr\/site\/?p=157"},"modified":"2014-02-27T18:15:12","modified_gmt":"2014-02-27T17:15:12","slug":"verbalisation-stationnement-moto-a-la-gare-sud","status":"publish","type":"post","link":"https:\/\/www.ffmc72.fr\/site\/verbalisation-stationnement-moto-a-la-gare-sud\/","title":{"rendered":"Verbalisation stationnement Moto \u00e0 la Gare sud"},"content":{"rendered":"<p><b>A <span style=\"color: #ff0000;\">compter du 5 mars<\/span> il sera <\/b><strong><span style=\"color: #ff0000;\">interdit de stationner les motos devant la gare Sud du Mans<\/span><\/strong>&#8230;. la verbalisation sera faite.<\/p>\n<p>A l&rsquo;heure actuelle un panneau informe les motards de la mise \u00e0 disposition d&rsquo;un parking d\u00e9di\u00e9 \u00e0 50m, infrastructure est bien faite et gratuite.<\/p>\n<div id=\"attachment_158\" style=\"width: 310px\" class=\"wp-caption aligncenter\"><a href=\"https:\/\/www.ffmc72.fr\/site\/wp-content\/uploads\/2014\/02\/2014-02-27_122206.jpg\"><img loading=\"lazy\" decoding=\"async\" aria-describedby=\"caption-attachment-158\" class=\"size-medium wp-image-158\" alt=\"Emplacement parking 2 roues Gare sud du mans\" src=\"https:\/\/www.ffmc72.fr\/site\/wp-content\/uploads\/2014\/02\/2014-02-27_122206-300x167.jpg\" width=\"300\" height=\"167\" srcset=\"https:\/\/www.ffmc72.fr\/site\/wp-content\/uploads\/2014\/02\/2014-02-27_122206-300x167.jpg 300w, https:\/\/www.ffmc72.fr\/site\/wp-content\/uploads\/2014\/02\/2014-02-27_122206-1024x571.jpg 1024w, https:\/\/www.ffmc72.fr\/site\/wp-content\/uploads\/2014\/02\/2014-02-27_122206-250x139.jpg 250w, https:\/\/www.ffmc72.fr\/site\/wp-content\/uploads\/2014\/02\/2014-02-27_122206-700x393.jpg 700w, https:\/\/www.ffmc72.fr\/site\/wp-content\/uploads\/2014\/02\/2014-02-27_122206.jpg 1215w\" sizes=\"auto, (max-width: 300px) 100vw, 300px\" \/><\/a><p id=\"caption-attachment-158\" class=\"wp-caption-text\">Emplacement parking 2 roues Gare sud du mans<\/p><\/div>\n<div id=\"attachment_162\" style=\"width: 233px\" class=\"wp-caption aligncenter\"><a href=\"https:\/\/www.ffmc72.fr\/site\/wp-content\/uploads\/2014\/02\/Infra-Gare-sud.jpg\"><img loading=\"lazy\" decoding=\"async\" aria-describedby=\"caption-attachment-162\" class=\"size-medium wp-image-162\" alt=\"Nouveau parking 2 roues Gratuit \u00e0 la gare sud\" src=\"https:\/\/www.ffmc72.fr\/site\/wp-content\/uploads\/2014\/02\/Infra-Gare-sud-223x300.jpg\" width=\"223\" height=\"300\" srcset=\"https:\/\/www.ffmc72.fr\/site\/wp-content\/uploads\/2014\/02\/Infra-Gare-sud-223x300.jpg 223w, https:\/\/www.ffmc72.fr\/site\/wp-content\/uploads\/2014\/02\/Infra-Gare-sud-250x335.jpg 250w, https:\/\/www.ffmc72.fr\/site\/wp-content\/uploads\/2014\/02\/Infra-Gare-sud-700x938.jpg 700w, https:\/\/www.ffmc72.fr\/site\/wp-content\/uploads\/2014\/02\/Infra-Gare-sud.jpg 716w\" sizes=\"auto, (max-width: 223px) 100vw, 223px\" \/><\/a><p id=\"caption-attachment-162\" class=\"wp-caption-text\">Nouveau parking 2 roues Gratuit \u00e0 la gare sud<\/p><\/div>\n<p><a title=\"Google map\" href=\"http:\/\/goo.gl\/maps\/TP1cw\" target=\"_blank\">Google maps<\/a><\/p>\n<p>Bonne route \u00e0 tous<\/p>\n","protected":false},"excerpt":{"rendered":"<p>A compter du 5 mars il sera interdit de stationner les motos devant la gare Sud du Mans&#8230;. la verbalisation sera faite. A l&rsquo;heure actuelle un panneau informe les motards de la mise \u00e0 disposition d&rsquo;un parking d\u00e9di\u00e9 \u00e0 50m, infrastructure est bien faite et gratuite. Google maps Bonne route \u00e0 tous<\/p>\n<p class=\"continue-reading-button\"> <a class=\"continue-reading-link\" href=\"https:\/\/www.ffmc72.fr\/site\/verbalisation-stationnement-moto-a-la-gare-sud\/\">Continuer \u00e0 lire<i class=\"crycon-right-dir\"><\/i><\/a><\/p>\n","protected":false},"author":2,"featured_media":0,"comment_status":"closed","ping_status":"closed","sticky":false,"template":"","format":"standard","meta":{"footnotes":""},"categories":[4],"tags":[],"class_list":["post-157","post","type-post","status-publish","format-standard","hentry","category-divers"],"yoast_head":"<!-- This site is optimized with the Yoast SEO plugin v27.5 - https:\/\/yoast.com\/product\/yoast-seo-wordpress\/ -->\n<title>FFMC 72 - Verbalisation stationnement Moto \u00e0 la Gare sud - FFMC 72 - F\u00e9d\u00e9ration Fran\u00e7aise des motards en col\u00e8res de la Sarthe - boycott contr\u00f4le technique moto, contre les ZFE, Adherer, nid de poule, infrastructure, action gazoil, consignes casques, 24h du mans, non au CT2RM, FFMC Sarthe, FFMC 72, F.F.M.C, ERJ, Le Mans, FFMC Le Mans, Veille sur les contr\u00f4les syst\u00e9matiques<\/title>\n<meta name=\"description\" content=\"FFMC 72 - Verbalisation stationnement Moto \u00e0 la Gare sud\" \/>\n<meta name=\"robots\" content=\"index, follow, max-snippet:-1, max-image-preview:large, max-video-preview:-1\" \/>\n<link rel=\"canonical\" href=\"https:\/\/www.ffmc72.fr\/site\/verbalisation-stationnement-moto-a-la-gare-sud\/\" \/>\n<meta property=\"og:locale\" content=\"fr_FR\" \/>\n<meta property=\"og:type\" content=\"article\" \/>\n<meta property=\"og:title\" content=\"FFMC 72 - Verbalisation stationnement Moto \u00e0 la Gare sud - FFMC 72 - F\u00e9d\u00e9ration Fran\u00e7aise des motards en col\u00e8res de la Sarthe - boycott contr\u00f4le technique moto, contre les ZFE, Adherer, nid de poule, infrastructure, action gazoil, consignes casques, 24h du mans, non au CT2RM, FFMC Sarthe, FFMC 72, F.F.M.C, ERJ, Le Mans, FFMC Le Mans, Veille sur les contr\u00f4les syst\u00e9matiques\" \/>\n<meta property=\"og:description\" content=\"FFMC 72 - Verbalisation stationnement Moto \u00e0 la Gare sud\" \/>\n<meta property=\"og:url\" content=\"https:\/\/www.ffmc72.fr\/site\/verbalisation-stationnement-moto-a-la-gare-sud\/\" \/>\n<meta property=\"og:site_name\" content=\"FFMC 72 - F\u00e9d\u00e9ration Fran\u00e7aise des motards en col\u00e8res de la Sarthe - boycott contr\u00f4le technique moto, contre les ZFE, Adherer, nid de poule, infrastructure, action gazoil, consignes casques, 24h du mans, non au CT2RM, FFMC Sarthe, FFMC 72, F.F.M.C, ERJ, Le Mans, FFMC Le Mans, Veille sur les contr\u00f4les syst\u00e9matiques\" \/>\n<meta property=\"article:publisher\" content=\"https:\/\/www.facebook.com\/ffmc72\" \/>\n<meta property=\"article:published_time\" content=\"2014-02-27T11:29:39+00:00\" \/>\n<meta property=\"article:modified_time\" content=\"2014-02-27T17:15:12+00:00\" \/>\n<meta property=\"og:image\" content=\"https:\/\/www.ffmc72.fr\/site\/wp-content\/uploads\/2014\/02\/2014-02-27_122206-300x167.jpg\" \/>\n<meta name=\"author\" content=\"FFMC72\" \/>\n<meta name=\"twitter:card\" content=\"summary_large_image\" \/>\n<meta name=\"twitter:label1\" content=\"\u00c9crit par\" \/>\n\t<meta name=\"twitter:data1\" content=\"FFMC72\" \/>\n<script type=\"application\/ld+json\" class=\"yoast-schema-graph\">{\"@context\":\"https:\\\/\\\/schema.org\",\"@graph\":[{\"@type\":\"Article\",\"@id\":\"https:\\\/\\\/www.ffmc72.fr\\\/site\\\/verbalisation-stationnement-moto-a-la-gare-sud\\\/#article\",\"isPartOf\":{\"@id\":\"https:\\\/\\\/www.ffmc72.fr\\\/site\\\/verbalisation-stationnement-moto-a-la-gare-sud\\\/\"},\"author\":{\"name\":\"FFMC72\",\"@id\":\"https:\\\/\\\/www.ffmc72.fr\\\/site\\\/#\\\/schema\\\/person\\\/312123de57325b0a0c24929135685d20\"},\"headline\":\"Verbalisation stationnement Moto \u00e0 la Gare sud\",\"datePublished\":\"2014-02-27T11:29:39+00:00\",\"dateModified\":\"2014-02-27T17:15:12+00:00\",\"mainEntityOfPage\":{\"@id\":\"https:\\\/\\\/www.ffmc72.fr\\\/site\\\/verbalisation-stationnement-moto-a-la-gare-sud\\\/\"},\"wordCount\":85,\"publisher\":{\"@id\":\"https:\\\/\\\/www.ffmc72.fr\\\/site\\\/#organization\"},\"image\":{\"@id\":\"https:\\\/\\\/www.ffmc72.fr\\\/site\\\/verbalisation-stationnement-moto-a-la-gare-sud\\\/#primaryimage\"},\"thumbnailUrl\":\"https:\\\/\\\/www.ffmc72.fr\\\/site\\\/wp-content\\\/uploads\\\/2014\\\/02\\\/2014-02-27_122206-300x167.jpg\",\"articleSection\":[\"Divers\"],\"inLanguage\":\"fr-FR\"},{\"@type\":\"WebPage\",\"@id\":\"https:\\\/\\\/www.ffmc72.fr\\\/site\\\/verbalisation-stationnement-moto-a-la-gare-sud\\\/\",\"url\":\"https:\\\/\\\/www.ffmc72.fr\\\/site\\\/verbalisation-stationnement-moto-a-la-gare-sud\\\/\",\"name\":\"FFMC 72 - Verbalisation stationnement Moto \u00e0 la Gare sud - FFMC 72 - F\u00e9d\u00e9ration Fran\u00e7aise des motards en col\u00e8res de la Sarthe - boycott contr\u00f4le technique moto, contre les ZFE, Adherer, nid de poule, infrastructure, action gazoil, consignes casques, 24h du mans, non au CT2RM, FFMC Sarthe, FFMC 72, F.F.M.C, ERJ, Le Mans, FFMC Le Mans, Veille sur les contr\u00f4les syst\u00e9matiques\",\"isPartOf\":{\"@id\":\"https:\\\/\\\/www.ffmc72.fr\\\/site\\\/#website\"},\"primaryImageOfPage\":{\"@id\":\"https:\\\/\\\/www.ffmc72.fr\\\/site\\\/verbalisation-stationnement-moto-a-la-gare-sud\\\/#primaryimage\"},\"image\":{\"@id\":\"https:\\\/\\\/www.ffmc72.fr\\\/site\\\/verbalisation-stationnement-moto-a-la-gare-sud\\\/#primaryimage\"},\"thumbnailUrl\":\"https:\\\/\\\/www.ffmc72.fr\\\/site\\\/wp-content\\\/uploads\\\/2014\\\/02\\\/2014-02-27_122206-300x167.jpg\",\"datePublished\":\"2014-02-27T11:29:39+00:00\",\"dateModified\":\"2014-02-27T17:15:12+00:00\",\"description\":\"FFMC 72 - Verbalisation stationnement Moto \u00e0 la Gare sud\",\"breadcrumb\":{\"@id\":\"https:\\\/\\\/www.ffmc72.fr\\\/site\\\/verbalisation-stationnement-moto-a-la-gare-sud\\\/#breadcrumb\"},\"inLanguage\":\"fr-FR\",\"potentialAction\":[{\"@type\":\"ReadAction\",\"target\":[\"https:\\\/\\\/www.ffmc72.fr\\\/site\\\/verbalisation-stationnement-moto-a-la-gare-sud\\\/\"]}]},{\"@type\":\"ImageObject\",\"inLanguage\":\"fr-FR\",\"@id\":\"https:\\\/\\\/www.ffmc72.fr\\\/site\\\/verbalisation-stationnement-moto-a-la-gare-sud\\\/#primaryimage\",\"url\":\"https:\\\/\\\/www.ffmc72.fr\\\/site\\\/wp-content\\\/uploads\\\/2014\\\/02\\\/2014-02-27_122206.jpg\",\"contentUrl\":\"https:\\\/\\\/www.ffmc72.fr\\\/site\\\/wp-content\\\/uploads\\\/2014\\\/02\\\/2014-02-27_122206.jpg\",\"width\":1215,\"height\":678,\"caption\":\"Emplacement parking 2 roues Gare sud du mans\"},{\"@type\":\"BreadcrumbList\",\"@id\":\"https:\\\/\\\/www.ffmc72.fr\\\/site\\\/verbalisation-stationnement-moto-a-la-gare-sud\\\/#breadcrumb\",\"itemListElement\":[{\"@type\":\"ListItem\",\"position\":1,\"name\":\"Accueil\",\"item\":\"https:\\\/\\\/www.ffmc72.fr\\\/site\\\/\"},{\"@type\":\"ListItem\",\"position\":2,\"name\":\"Verbalisation stationnement Moto \u00e0 la Gare sud\"}]},{\"@type\":\"WebSite\",\"@id\":\"https:\\\/\\\/www.ffmc72.fr\\\/site\\\/#website\",\"url\":\"https:\\\/\\\/www.ffmc72.fr\\\/site\\\/\",\"name\":\"FFMC 72 - F\u00e9d\u00e9ration Fran\u00e7aise des motards en col\u00e8res de la Sarthe - boycott contr\u00f4le technique moto, contre les ZFE, Adherer, nid de poule, infrastructure, action gazoil, consignes casques, 24h du mans, non au CT2RM, FFMC Sarthe, FFMC 72, F.F.M.C, ERJ, Le Mans, FFMC Le Mans, Veille sur les contr\u00f4les syst\u00e9matiques\",\"description\":\"Plus nombreux, plus fort, rejoint la FFMC\",\"publisher\":{\"@id\":\"https:\\\/\\\/www.ffmc72.fr\\\/site\\\/#organization\"},\"alternateName\":\"FFMC 72\",\"potentialAction\":[{\"@type\":\"SearchAction\",\"target\":{\"@type\":\"EntryPoint\",\"urlTemplate\":\"https:\\\/\\\/www.ffmc72.fr\\\/site\\\/?s={search_term_string}\"},\"query-input\":{\"@type\":\"PropertyValueSpecification\",\"valueRequired\":true,\"valueName\":\"search_term_string\"}}],\"inLanguage\":\"fr-FR\"},{\"@type\":\"Organization\",\"@id\":\"https:\\\/\\\/www.ffmc72.fr\\\/site\\\/#organization\",\"name\":\"FFMC 72\",\"url\":\"https:\\\/\\\/www.ffmc72.fr\\\/site\\\/\",\"logo\":{\"@type\":\"ImageObject\",\"inLanguage\":\"fr-FR\",\"@id\":\"https:\\\/\\\/www.ffmc72.fr\\\/site\\\/#\\\/schema\\\/logo\\\/image\\\/\",\"url\":\"https:\\\/\\\/www.ffmc72.fr\\\/site\\\/wp-content\\\/uploads\\\/2020\\\/05\\\/sticker-partenaire.jpg\",\"contentUrl\":\"https:\\\/\\\/www.ffmc72.fr\\\/site\\\/wp-content\\\/uploads\\\/2020\\\/05\\\/sticker-partenaire.jpg\",\"width\":1024,\"height\":239,\"caption\":\"FFMC 72\"},\"image\":{\"@id\":\"https:\\\/\\\/www.ffmc72.fr\\\/site\\\/#\\\/schema\\\/logo\\\/image\\\/\"},\"sameAs\":[\"https:\\\/\\\/www.facebook.com\\\/ffmc72\"]},{\"@type\":\"Person\",\"@id\":\"https:\\\/\\\/www.ffmc72.fr\\\/site\\\/#\\\/schema\\\/person\\\/312123de57325b0a0c24929135685d20\",\"name\":\"FFMC72\",\"image\":{\"@type\":\"ImageObject\",\"inLanguage\":\"fr-FR\",\"@id\":\"https:\\\/\\\/secure.gravatar.com\\\/avatar\\\/85265c52bbc2ebf87f37b156ecaea0bd9ca08c53073ae34d353a5c3e75ffdbae?s=96&d=mm&r=g\",\"url\":\"https:\\\/\\\/secure.gravatar.com\\\/avatar\\\/85265c52bbc2ebf87f37b156ecaea0bd9ca08c53073ae34d353a5c3e75ffdbae?s=96&d=mm&r=g\",\"contentUrl\":\"https:\\\/\\\/secure.gravatar.com\\\/avatar\\\/85265c52bbc2ebf87f37b156ecaea0bd9ca08c53073ae34d353a5c3e75ffdbae?s=96&d=mm&r=g\",\"caption\":\"FFMC72\"},\"url\":\"https:\\\/\\\/www.ffmc72.fr\\\/site\\\/author\\\/pobien\\\/\"}]}<\/script>\n<!-- \/ Yoast SEO plugin. -->","yoast_head_json":{"title":"FFMC 72 - Verbalisation stationnement Moto \u00e0 la Gare sud - FFMC 72 - F\u00e9d\u00e9ration Fran\u00e7aise des motards en col\u00e8res de la Sarthe - boycott contr\u00f4le technique moto, contre les ZFE, Adherer, nid de poule, infrastructure, action gazoil, consignes casques, 24h du mans, non au CT2RM, FFMC Sarthe, FFMC 72, F.F.M.C, ERJ, Le Mans, FFMC Le Mans, Veille sur les contr\u00f4les syst\u00e9matiques","description":"FFMC 72 - Verbalisation stationnement Moto \u00e0 la Gare sud","robots":{"index":"index","follow":"follow","max-snippet":"max-snippet:-1","max-image-preview":"max-image-preview:large","max-video-preview":"max-video-preview:-1"},"canonical":"https:\/\/www.ffmc72.fr\/site\/verbalisation-stationnement-moto-a-la-gare-sud\/","og_locale":"fr_FR","og_type":"article","og_title":"FFMC 72 - Verbalisation stationnement Moto \u00e0 la Gare sud - FFMC 72 - F\u00e9d\u00e9ration Fran\u00e7aise des motards en col\u00e8res de la Sarthe - boycott contr\u00f4le technique moto, contre les ZFE, Adherer, nid de poule, infrastructure, action gazoil, consignes casques, 24h du mans, non au CT2RM, FFMC Sarthe, FFMC 72, F.F.M.C, ERJ, Le Mans, FFMC Le Mans, Veille sur les contr\u00f4les syst\u00e9matiques","og_description":"FFMC 72 - Verbalisation stationnement Moto \u00e0 la Gare sud","og_url":"https:\/\/www.ffmc72.fr\/site\/verbalisation-stationnement-moto-a-la-gare-sud\/","og_site_name":"FFMC 72 - F\u00e9d\u00e9ration Fran\u00e7aise des motards en col\u00e8res de la Sarthe - boycott contr\u00f4le technique moto, contre les ZFE, Adherer, nid de poule, infrastructure, action gazoil, consignes casques, 24h du mans, non au CT2RM, FFMC Sarthe, FFMC 72, F.F.M.C, ERJ, Le Mans, FFMC Le Mans, Veille sur les contr\u00f4les syst\u00e9matiques","article_publisher":"https:\/\/www.facebook.com\/ffmc72","article_published_time":"2014-02-27T11:29:39+00:00","article_modified_time":"2014-02-27T17:15:12+00:00","og_image":[{"url":"https:\/\/www.ffmc72.fr\/site\/wp-content\/uploads\/2014\/02\/2014-02-27_122206-300x167.jpg","type":"","width":"","height":""}],"author":"FFMC72","twitter_card":"summary_large_image","twitter_misc":{"\u00c9crit par":"FFMC72"},"schema":{"@context":"https:\/\/schema.org","@graph":[{"@type":"Article","@id":"https:\/\/www.ffmc72.fr\/site\/verbalisation-stationnement-moto-a-la-gare-sud\/#article","isPartOf":{"@id":"https:\/\/www.ffmc72.fr\/site\/verbalisation-stationnement-moto-a-la-gare-sud\/"},"author":{"name":"FFMC72","@id":"https:\/\/www.ffmc72.fr\/site\/#\/schema\/person\/312123de57325b0a0c24929135685d20"},"headline":"Verbalisation stationnement Moto \u00e0 la Gare sud","datePublished":"2014-02-27T11:29:39+00:00","dateModified":"2014-02-27T17:15:12+00:00","mainEntityOfPage":{"@id":"https:\/\/www.ffmc72.fr\/site\/verbalisation-stationnement-moto-a-la-gare-sud\/"},"wordCount":85,"publisher":{"@id":"https:\/\/www.ffmc72.fr\/site\/#organization"},"image":{"@id":"https:\/\/www.ffmc72.fr\/site\/verbalisation-stationnement-moto-a-la-gare-sud\/#primaryimage"},"thumbnailUrl":"https:\/\/www.ffmc72.fr\/site\/wp-content\/uploads\/2014\/02\/2014-02-27_122206-300x167.jpg","articleSection":["Divers"],"inLanguage":"fr-FR"},{"@type":"WebPage","@id":"https:\/\/www.ffmc72.fr\/site\/verbalisation-stationnement-moto-a-la-gare-sud\/","url":"https:\/\/www.ffmc72.fr\/site\/verbalisation-stationnement-moto-a-la-gare-sud\/","name":"FFMC 72 - Verbalisation stationnement Moto \u00e0 la Gare sud - FFMC 72 - F\u00e9d\u00e9ration Fran\u00e7aise des motards en col\u00e8res de la Sarthe - boycott contr\u00f4le technique moto, contre les ZFE, Adherer, nid de poule, infrastructure, action gazoil, consignes casques, 24h du mans, non au CT2RM, FFMC Sarthe, FFMC 72, F.F.M.C, ERJ, Le Mans, FFMC Le Mans, Veille sur les contr\u00f4les syst\u00e9matiques","isPartOf":{"@id":"https:\/\/www.ffmc72.fr\/site\/#website"},"primaryImageOfPage":{"@id":"https:\/\/www.ffmc72.fr\/site\/verbalisation-stationnement-moto-a-la-gare-sud\/#primaryimage"},"image":{"@id":"https:\/\/www.ffmc72.fr\/site\/verbalisation-stationnement-moto-a-la-gare-sud\/#primaryimage"},"thumbnailUrl":"https:\/\/www.ffmc72.fr\/site\/wp-content\/uploads\/2014\/02\/2014-02-27_122206-300x167.jpg","datePublished":"2014-02-27T11:29:39+00:00","dateModified":"2014-02-27T17:15:12+00:00","description":"FFMC 72 - Verbalisation stationnement Moto \u00e0 la Gare sud","breadcrumb":{"@id":"https:\/\/www.ffmc72.fr\/site\/verbalisation-stationnement-moto-a-la-gare-sud\/#breadcrumb"},"inLanguage":"fr-FR","potentialAction":[{"@type":"ReadAction","target":["https:\/\/www.ffmc72.fr\/site\/verbalisation-stationnement-moto-a-la-gare-sud\/"]}]},{"@type":"ImageObject","inLanguage":"fr-FR","@id":"https:\/\/www.ffmc72.fr\/site\/verbalisation-stationnement-moto-a-la-gare-sud\/#primaryimage","url":"https:\/\/www.ffmc72.fr\/site\/wp-content\/uploads\/2014\/02\/2014-02-27_122206.jpg","contentUrl":"https:\/\/www.ffmc72.fr\/site\/wp-content\/uploads\/2014\/02\/2014-02-27_122206.jpg","width":1215,"height":678,"caption":"Emplacement parking 2 roues Gare sud du mans"},{"@type":"BreadcrumbList","@id":"https:\/\/www.ffmc72.fr\/site\/verbalisation-stationnement-moto-a-la-gare-sud\/#breadcrumb","itemListElement":[{"@type":"ListItem","position":1,"name":"Accueil","item":"https:\/\/www.ffmc72.fr\/site\/"},{"@type":"ListItem","position":2,"name":"Verbalisation stationnement Moto \u00e0 la Gare sud"}]},{"@type":"WebSite","@id":"https:\/\/www.ffmc72.fr\/site\/#website","url":"https:\/\/www.ffmc72.fr\/site\/","name":"FFMC 72 - F\u00e9d\u00e9ration Fran\u00e7aise des motards en col\u00e8res de la Sarthe - boycott contr\u00f4le technique moto, contre les ZFE, Adherer, nid de poule, infrastructure, action gazoil, consignes casques, 24h du mans, non au CT2RM, FFMC Sarthe, FFMC 72, F.F.M.C, ERJ, Le Mans, FFMC Le Mans, Veille sur les contr\u00f4les syst\u00e9matiques","description":"Plus nombreux, plus fort, rejoint la FFMC","publisher":{"@id":"https:\/\/www.ffmc72.fr\/site\/#organization"},"alternateName":"FFMC 72","potentialAction":[{"@type":"SearchAction","target":{"@type":"EntryPoint","urlTemplate":"https:\/\/www.ffmc72.fr\/site\/?s={search_term_string}"},"query-input":{"@type":"PropertyValueSpecification","valueRequired":true,"valueName":"search_term_string"}}],"inLanguage":"fr-FR"},{"@type":"Organization","@id":"https:\/\/www.ffmc72.fr\/site\/#organization","name":"FFMC 72","url":"https:\/\/www.ffmc72.fr\/site\/","logo":{"@type":"ImageObject","inLanguage":"fr-FR","@id":"https:\/\/www.ffmc72.fr\/site\/#\/schema\/logo\/image\/","url":"https:\/\/www.ffmc72.fr\/site\/wp-content\/uploads\/2020\/05\/sticker-partenaire.jpg","contentUrl":"https:\/\/www.ffmc72.fr\/site\/wp-content\/uploads\/2020\/05\/sticker-partenaire.jpg","width":1024,"height":239,"caption":"FFMC 72"},"image":{"@id":"https:\/\/www.ffmc72.fr\/site\/#\/schema\/logo\/image\/"},"sameAs":["https:\/\/www.facebook.com\/ffmc72"]},{"@type":"Person","@id":"https:\/\/www.ffmc72.fr\/site\/#\/schema\/person\/312123de57325b0a0c24929135685d20","name":"FFMC72","image":{"@type":"ImageObject","inLanguage":"fr-FR","@id":"https:\/\/secure.gravatar.com\/avatar\/85265c52bbc2ebf87f37b156ecaea0bd9ca08c53073ae34d353a5c3e75ffdbae?s=96&d=mm&r=g","url":"https:\/\/secure.gravatar.com\/avatar\/85265c52bbc2ebf87f37b156ecaea0bd9ca08c53073ae34d353a5c3e75ffdbae?s=96&d=mm&r=g","contentUrl":"https:\/\/secure.gravatar.com\/avatar\/85265c52bbc2ebf87f37b156ecaea0bd9ca08c53073ae34d353a5c3e75ffdbae?s=96&d=mm&r=g","caption":"FFMC72"},"url":"https:\/\/www.ffmc72.fr\/site\/author\/pobien\/"}]}},"_links":{"self":[{"href":"https:\/\/www.ffmc72.fr\/site\/wp-json\/wp\/v2\/posts\/157","targetHints":{"allow":["GET"]}}],"collection":[{"href":"https:\/\/www.ffmc72.fr\/site\/wp-json\/wp\/v2\/posts"}],"about":[{"href":"https:\/\/www.ffmc72.fr\/site\/wp-json\/wp\/v2\/types\/post"}],"author":[{"embeddable":true,"href":"https:\/\/www.ffmc72.fr\/site\/wp-json\/wp\/v2\/users\/2"}],"replies":[{"embeddable":true,"href":"https:\/\/www.ffmc72.fr\/site\/wp-json\/wp\/v2\/comments?post=157"}],"version-history":[{"count":5,"href":"https:\/\/www.ffmc72.fr\/site\/wp-json\/wp\/v2\/posts\/157\/revisions"}],"predecessor-version":[{"id":164,"href":"https:\/\/www.ffmc72.fr\/site\/wp-json\/wp\/v2\/posts\/157\/revisions\/164"}],"wp:attachment":[{"href":"https:\/\/www.ffmc72.fr\/site\/wp-json\/wp\/v2\/media?parent=157"}],"wp:term":[{"taxonomy":"category","embeddable":true,"href":"https:\/\/www.ffmc72.fr\/site\/wp-json\/wp\/v2\/categories?post=157"},{"taxonomy":"post_tag","embeddable":true,"href":"https:\/\/www.ffmc72.fr\/site\/wp-json\/wp\/v2\/tags?post=157"}],"curies":[{"name":"wp","href":"https:\/\/api.w.org\/{rel}","templated":true}]}}