{"id":1221,"date":"2018-06-28T17:44:27","date_gmt":"2018-06-28T16:44:27","guid":{"rendered":"http:\/\/ffmc72.fr\/site\/?p=1221"},"modified":"2018-06-28T17:46:04","modified_gmt":"2018-06-28T16:46:04","slug":"manifestation-du-30-juin-point-de-rdv-dans-le-departement","status":"publish","type":"post","link":"https:\/\/www.ffmc72.fr\/site\/manifestation-du-30-juin-point-de-rdv-dans-le-departement\/","title":{"rendered":"Manifestation du 30 juin &#8211; point de rdv dans le d\u00e9partement"},"content":{"rendered":"<div data-block=\"true\" data-editor=\"b1p07\" data-offset-key=\"e4qhh-0-0\">\n<h2 data-offset-key=\"e4qhh-0-0\">la manifestation aura lieu le samedi 30 juin<a href=\"https:\/\/www.ffmc72.fr\/site\/wp-content\/uploads\/2018\/06\/30-06-2018_FFMC_Manif-80km_V1.jpg\"><img loading=\"lazy\" decoding=\"async\" class=\"aligncenter size-full wp-image-1217\" alt=\"30-06-2018_FFMC_Manif-80km_V1\" src=\"https:\/\/www.ffmc72.fr\/site\/wp-content\/uploads\/2018\/06\/30-06-2018_FFMC_Manif-80km_V1.jpg\" width=\"622\" height=\"880\" srcset=\"https:\/\/www.ffmc72.fr\/site\/wp-content\/uploads\/2018\/06\/30-06-2018_FFMC_Manif-80km_V1.jpg 622w, https:\/\/www.ffmc72.fr\/site\/wp-content\/uploads\/2018\/06\/30-06-2018_FFMC_Manif-80km_V1-212x300.jpg 212w, https:\/\/www.ffmc72.fr\/site\/wp-content\/uploads\/2018\/06\/30-06-2018_FFMC_Manif-80km_V1-250x353.jpg 250w\" sizes=\"auto, (max-width: 622px) 100vw, 622px\" \/><\/a><\/h2>\n<div data-offset-key=\"e4qhh-0-0\"><\/div>\n<h2 data-offset-key=\"e4qhh-0-0\">Des membres de la FFMC72 seront positionn\u00e9 dans le d\u00e9partement pour permettre de faire converger les ffmc limitrophes.<\/h2>\n<\/div>\n<div data-block=\"true\" data-editor=\"b1p07\" data-offset-key=\"c0udf-0-0\">\n<h2 data-offset-key=\"c0udf-0-0\">N&rsquo;h\u00e9sitez pas \u00e0 les rejoindre pour venir TOUS ensemble au mans quelque soit votre v\u00e9hicule<\/h2>\n<\/div>\n<div data-block=\"true\" data-editor=\"b1p07\" data-offset-key=\"b9v0c-0-0\"><\/div>\n<div data-block=\"true\" data-editor=\"b1p07\" data-offset-key=\"4lc1s-0-0\">\n<div data-offset-key=\"4lc1s-0-0\">RDV g\u00e9n\u00e9ral en centre ville du mans<\/div>\n<\/div>\n<div data-block=\"true\" data-editor=\"b1p07\" data-offset-key=\"ali0n-0-0\"><\/div>\n<div data-block=\"true\" data-editor=\"b1p07\" data-offset-key=\"bptk9-0-0\">\n<div data-offset-key=\"bptk9-0-0\">\n<div data-block=\"true\" data-editor=\"b1p07\" data-offset-key=\"bptk9-0-0\">\n<div data-offset-key=\"bptk9-0-0\">\n<div data-block=\"true\" data-editor=\"b1p07\" data-offset-key=\"5utsc-0-0\">\n<div style=\"padding-left: 30px;\" data-offset-key=\"5utsc-0-0\"><strong>Rdv de la 72 et la 37<\/strong> d\u00e8s 11h<\/div>\n<\/div>\n<div style=\"padding-left: 30px;\" data-block=\"true\" data-editor=\"b1p07\" data-offset-key=\"1soei-0-0\">\n<div style=\"padding-left: 30px;\" data-offset-key=\"1soei-0-0\">72230 Arnage<\/div>\n<\/div>\n<div style=\"padding-left: 30px;\" data-block=\"true\" data-editor=\"b1p07\" data-offset-key=\"4rbdp-0-0\">\n<div style=\"padding-left: 30px;\" data-offset-key=\"4rbdp-0-0\">Chez honda<\/div>\n<\/div>\n<div style=\"padding-left: 30px;\" data-block=\"true\" data-editor=\"b1p07\" data-offset-key=\"60e6o-0-0\">\n<div style=\"padding-left: 30px;\" data-offset-key=\"60e6o-0-0\">Route du ch\u00e8ne<\/div>\n<\/div>\n<\/div>\n<\/div>\n<\/div>\n<div style=\"padding-left: 30px;\" data-offset-key=\"bptk9-0-0\"><\/div>\n<div data-offset-key=\"bptk9-0-0\"><\/div>\n<div style=\"text-align: left; padding-left: 30px;\" data-offset-key=\"bptk9-0-0\"><strong>Rdv de la 53 \u00e0 13h30<\/strong><\/div>\n<\/div>\n<div style=\"text-align: left; padding-left: 30px;\" data-block=\"true\" data-editor=\"b1p07\" data-offset-key=\"86r2l-0-0\">\n<div style=\"padding-left: 30px;\" data-offset-key=\"86r2l-0-0\">72540 Chassill\u00e9<\/div>\n<\/div>\n<div style=\"padding-left: 30px;\" data-block=\"true\" data-editor=\"b1p07\" data-offset-key=\"ec4il-0-0\">\n<div style=\"text-align: left; padding-left: 30px;\" data-offset-key=\"ec4il-0-0\">Gd parking \u00e0 gauche sur la Rte du Mans<\/div>\n<\/div>\n<div data-block=\"true\" data-editor=\"b1p07\" data-offset-key=\"6di27-0-0\"><\/div>\n<div data-block=\"true\" data-editor=\"b1p07\" data-offset-key=\"6di27-0-0\"><\/div>\n<div data-block=\"true\" data-editor=\"b1p07\" data-offset-key=\"1rarg-0-0\">\n<div style=\"padding-left: 30px;\" data-offset-key=\"1rarg-0-0\"><strong>Rdv de la 61 \u00e0 13h30<\/strong><\/div>\n<\/div>\n<div style=\"padding-left: 30px;\" data-block=\"true\" data-editor=\"b1p07\" data-offset-key=\"dkvg9-0-0\">\n<div style=\"padding-left: 30px;\" data-offset-key=\"dkvg9-0-0\">72170 Beaumont-sur-Sarthe<\/div>\n<\/div>\n<div style=\"padding-left: 30px;\" data-block=\"true\" data-editor=\"b1p07\" data-offset-key=\"7ttnc-0-0\">\n<div style=\"padding-left: 30px;\" data-offset-key=\"7ttnc-0-0\">Super U<\/div>\n<\/div>\n<div style=\"padding-left: 30px;\" data-block=\"true\" data-editor=\"b1p07\" data-offset-key=\"f6s4n-0-0\">\n<div style=\"padding-left: 30px;\" data-offset-key=\"f6s4n-0-0\">Rue Henri de Navarre<\/div>\n<\/div>\n<div data-block=\"true\" data-editor=\"b1p07\" data-offset-key=\"ckftu-0-0\"><\/div>\n<div data-block=\"true\" data-editor=\"b1p07\" data-offset-key=\"ckftu-0-0\"><\/div>\n<div data-block=\"true\" data-editor=\"b1p07\" data-offset-key=\"9b3da-0-0\">\n<div style=\"padding-left: 30px;\" data-offset-key=\"9b3da-0-0\"><strong>Rdv de la 28 \u00e0 13h00<\/strong><\/div>\n<\/div>\n<div style=\"padding-left: 30px;\" data-block=\"true\" data-editor=\"b1p07\" data-offset-key=\"5bkiq-0-0\">\n<div style=\"padding-left: 30px;\" data-offset-key=\"5bkiq-0-0\">Drive Leclerc<\/div>\n<\/div>\n<div style=\"padding-left: 30px;\" data-block=\"true\" data-editor=\"b1p07\" data-offset-key=\"58fho-0-0\">\n<div style=\"padding-left: 30px;\" data-offset-key=\"58fho-0-0\">Avenue du G\u00e9n\u00e9ral de Gaulle<\/div>\n<\/div>\n<div style=\"padding-left: 30px;\" data-block=\"true\" data-editor=\"b1p07\" data-offset-key=\"3vo2a-0-0\">\n<div style=\"padding-left: 30px;\" data-offset-key=\"3vo2a-0-0\">72400 La Fert\u00e9-Bernard<\/div>\n<\/div>\n<div data-block=\"true\" data-editor=\"b1p07\" data-offset-key=\"qcq9-0-0\"><\/div>\n<div data-block=\"true\" data-editor=\"b1p07\" data-offset-key=\"qcq9-0-0\"><\/div>\n<div data-block=\"true\" data-editor=\"b1p07\" data-offset-key=\"vjug-0-0\">\n<div style=\"padding-left: 30px;\" data-offset-key=\"vjug-0-0\"><strong>Rdv de la 49 \u00e0 13h30<\/strong><\/div>\n<\/div>\n<div style=\"padding-left: 30px;\" data-block=\"true\" data-editor=\"b1p07\" data-offset-key=\"fbbt3-0-0\">\n<div style=\"padding-left: 30px;\" data-offset-key=\"fbbt3-0-0\">Super U<\/div>\n<\/div>\n<div style=\"padding-left: 30px;\" data-block=\"true\" data-editor=\"b1p07\" data-offset-key=\"e54l3-0-0\">\n<div style=\"padding-left: 30px;\" data-offset-key=\"e54l3-0-0\">Z.A. Les Truneti\u00e8res<\/div>\n<\/div>\n<div style=\"padding-left: 30px;\" data-block=\"true\" data-editor=\"b1p07\" data-offset-key=\"aam2m-0-0\">\n<div style=\"padding-left: 30px;\" data-offset-key=\"aam2m-0-0\">72210 La Suze-sur-Sarthe<\/div>\n<\/div>\n","protected":false},"excerpt":{"rendered":"<p>la manifestation aura lieu le samedi 30 juin Des membres de la FFMC72 seront positionn\u00e9 dans le d\u00e9partement pour permettre de faire converger les ffmc limitrophes. N&rsquo;h\u00e9sitez pas \u00e0 les rejoindre pour venir TOUS ensemble au mans quelque soit votre v\u00e9hicule RDV g\u00e9n\u00e9ral en centre ville du mans Rdv de la 72 et la 37 d\u00e8s 11h 72230 Arnage Chez honda Route du ch\u00e8ne Rdv de la 53 \u00e0 13h30 72540 Chassill\u00e9 Gd parking \u00e0 gauche sur la Rte du Mans Rdv de la 61 \u00e0 13h30 72170 Beaumont-sur-Sarthe Super U Rue Henri de Navarre Rdv de la 28 \u00e0&#8230;<\/p>\n<p class=\"continue-reading-button\"> <a class=\"continue-reading-link\" href=\"https:\/\/www.ffmc72.fr\/site\/manifestation-du-30-juin-point-de-rdv-dans-le-departement\/\">Continuer \u00e0 lire<i class=\"crycon-right-dir\"><\/i><\/a><\/p>\n","protected":false},"author":2,"featured_media":0,"comment_status":"closed","ping_status":"closed","sticky":false,"template":"","format":"standard","meta":{"footnotes":""},"categories":[6,17],"tags":[],"class_list":["post-1221","post","type-post","status-publish","format-standard","hentry","category-actions","category-manifestation"],"yoast_head":"<!-- This site is optimized with the Yoast SEO plugin v27.5 - https:\/\/yoast.com\/product\/yoast-seo-wordpress\/ -->\n<title>FFMC 72 - Manifestation du 30 juin - point de rdv dans le d\u00e9partement - FFMC 72 - F\u00e9d\u00e9ration Fran\u00e7aise des motards en col\u00e8res de la Sarthe - boycott contr\u00f4le technique moto, contre les ZFE, Adherer, nid de poule, infrastructure, action gazoil, consignes casques, 24h du mans, non au CT2RM, FFMC Sarthe, FFMC 72, F.F.M.C, ERJ, Le Mans, FFMC Le Mans, Veille sur les contr\u00f4les syst\u00e9matiques<\/title>\n<meta name=\"description\" content=\"FFMC 72 - Manifestation du 30 juin - point de rdv dans le d\u00e9partement\" \/>\n<meta name=\"robots\" content=\"index, follow, max-snippet:-1, max-image-preview:large, max-video-preview:-1\" \/>\n<link rel=\"canonical\" href=\"https:\/\/www.ffmc72.fr\/site\/manifestation-du-30-juin-point-de-rdv-dans-le-departement\/\" \/>\n<meta property=\"og:locale\" content=\"fr_FR\" \/>\n<meta property=\"og:type\" content=\"article\" \/>\n<meta property=\"og:title\" content=\"FFMC 72 - Manifestation du 30 juin - point de rdv dans le d\u00e9partement - FFMC 72 - F\u00e9d\u00e9ration Fran\u00e7aise des motards en col\u00e8res de la Sarthe - boycott contr\u00f4le technique moto, contre les ZFE, Adherer, nid de poule, infrastructure, action gazoil, consignes casques, 24h du mans, non au CT2RM, FFMC Sarthe, FFMC 72, F.F.M.C, ERJ, Le Mans, FFMC Le Mans, Veille sur les contr\u00f4les syst\u00e9matiques\" \/>\n<meta property=\"og:description\" content=\"FFMC 72 - Manifestation du 30 juin - point de rdv dans le d\u00e9partement\" \/>\n<meta property=\"og:url\" content=\"https:\/\/www.ffmc72.fr\/site\/manifestation-du-30-juin-point-de-rdv-dans-le-departement\/\" \/>\n<meta property=\"og:site_name\" content=\"FFMC 72 - F\u00e9d\u00e9ration Fran\u00e7aise des motards en col\u00e8res de la Sarthe - boycott contr\u00f4le technique moto, contre les ZFE, Adherer, nid de poule, infrastructure, action gazoil, consignes casques, 24h du mans, non au CT2RM, FFMC Sarthe, FFMC 72, F.F.M.C, ERJ, Le Mans, FFMC Le Mans, Veille sur les contr\u00f4les syst\u00e9matiques\" \/>\n<meta property=\"article:publisher\" content=\"https:\/\/www.facebook.com\/ffmc72\" \/>\n<meta property=\"article:published_time\" content=\"2018-06-28T16:44:27+00:00\" \/>\n<meta property=\"article:modified_time\" content=\"2018-06-28T16:46:04+00:00\" \/>\n<meta property=\"og:image\" content=\"https:\/\/www.ffmc72.fr\/site\/wp-content\/uploads\/2018\/06\/30-06-2018_FFMC_Manif-80km_V1.jpg\" \/>\n<meta name=\"author\" content=\"FFMC72\" \/>\n<meta name=\"twitter:card\" content=\"summary_large_image\" \/>\n<meta name=\"twitter:label1\" content=\"\u00c9crit par\" \/>\n\t<meta name=\"twitter:data1\" content=\"FFMC72\" \/>\n\t<meta name=\"twitter:label2\" content=\"Dur\u00e9e de lecture estim\u00e9e\" \/>\n\t<meta name=\"twitter:data2\" content=\"1 minute\" \/>\n<script type=\"application\/ld+json\" class=\"yoast-schema-graph\">{\"@context\":\"https:\\\/\\\/schema.org\",\"@graph\":[{\"@type\":\"Article\",\"@id\":\"https:\\\/\\\/www.ffmc72.fr\\\/site\\\/manifestation-du-30-juin-point-de-rdv-dans-le-departement\\\/#article\",\"isPartOf\":{\"@id\":\"https:\\\/\\\/www.ffmc72.fr\\\/site\\\/manifestation-du-30-juin-point-de-rdv-dans-le-departement\\\/\"},\"author\":{\"name\":\"FFMC72\",\"@id\":\"https:\\\/\\\/www.ffmc72.fr\\\/site\\\/#\\\/schema\\\/person\\\/312123de57325b0a0c24929135685d20\"},\"headline\":\"Manifestation du 30 juin &#8211; point de rdv dans le d\u00e9partement\",\"datePublished\":\"2018-06-28T16:44:27+00:00\",\"dateModified\":\"2018-06-28T16:46:04+00:00\",\"mainEntityOfPage\":{\"@id\":\"https:\\\/\\\/www.ffmc72.fr\\\/site\\\/manifestation-du-30-juin-point-de-rdv-dans-le-departement\\\/\"},\"wordCount\":131,\"publisher\":{\"@id\":\"https:\\\/\\\/www.ffmc72.fr\\\/site\\\/#organization\"},\"image\":{\"@id\":\"https:\\\/\\\/www.ffmc72.fr\\\/site\\\/manifestation-du-30-juin-point-de-rdv-dans-le-departement\\\/#primaryimage\"},\"thumbnailUrl\":\"https:\\\/\\\/www.ffmc72.fr\\\/site\\\/wp-content\\\/uploads\\\/2018\\\/06\\\/30-06-2018_FFMC_Manif-80km_V1.jpg\",\"articleSection\":[\"Actions\",\"Manifestation\"],\"inLanguage\":\"fr-FR\"},{\"@type\":\"WebPage\",\"@id\":\"https:\\\/\\\/www.ffmc72.fr\\\/site\\\/manifestation-du-30-juin-point-de-rdv-dans-le-departement\\\/\",\"url\":\"https:\\\/\\\/www.ffmc72.fr\\\/site\\\/manifestation-du-30-juin-point-de-rdv-dans-le-departement\\\/\",\"name\":\"FFMC 72 - Manifestation du 30 juin - point de rdv dans le d\u00e9partement - FFMC 72 - F\u00e9d\u00e9ration Fran\u00e7aise des motards en col\u00e8res de la Sarthe - boycott contr\u00f4le technique moto, contre les ZFE, Adherer, nid de poule, infrastructure, action gazoil, consignes casques, 24h du mans, non au CT2RM, FFMC Sarthe, FFMC 72, F.F.M.C, ERJ, Le Mans, FFMC Le Mans, Veille sur les contr\u00f4les syst\u00e9matiques\",\"isPartOf\":{\"@id\":\"https:\\\/\\\/www.ffmc72.fr\\\/site\\\/#website\"},\"primaryImageOfPage\":{\"@id\":\"https:\\\/\\\/www.ffmc72.fr\\\/site\\\/manifestation-du-30-juin-point-de-rdv-dans-le-departement\\\/#primaryimage\"},\"image\":{\"@id\":\"https:\\\/\\\/www.ffmc72.fr\\\/site\\\/manifestation-du-30-juin-point-de-rdv-dans-le-departement\\\/#primaryimage\"},\"thumbnailUrl\":\"https:\\\/\\\/www.ffmc72.fr\\\/site\\\/wp-content\\\/uploads\\\/2018\\\/06\\\/30-06-2018_FFMC_Manif-80km_V1.jpg\",\"datePublished\":\"2018-06-28T16:44:27+00:00\",\"dateModified\":\"2018-06-28T16:46:04+00:00\",\"description\":\"FFMC 72 - Manifestation du 30 juin - point de rdv dans le d\u00e9partement\",\"breadcrumb\":{\"@id\":\"https:\\\/\\\/www.ffmc72.fr\\\/site\\\/manifestation-du-30-juin-point-de-rdv-dans-le-departement\\\/#breadcrumb\"},\"inLanguage\":\"fr-FR\",\"potentialAction\":[{\"@type\":\"ReadAction\",\"target\":[\"https:\\\/\\\/www.ffmc72.fr\\\/site\\\/manifestation-du-30-juin-point-de-rdv-dans-le-departement\\\/\"]}]},{\"@type\":\"ImageObject\",\"inLanguage\":\"fr-FR\",\"@id\":\"https:\\\/\\\/www.ffmc72.fr\\\/site\\\/manifestation-du-30-juin-point-de-rdv-dans-le-departement\\\/#primaryimage\",\"url\":\"https:\\\/\\\/www.ffmc72.fr\\\/site\\\/wp-content\\\/uploads\\\/2018\\\/06\\\/30-06-2018_FFMC_Manif-80km_V1.jpg\",\"contentUrl\":\"https:\\\/\\\/www.ffmc72.fr\\\/site\\\/wp-content\\\/uploads\\\/2018\\\/06\\\/30-06-2018_FFMC_Manif-80km_V1.jpg\",\"width\":622,\"height\":880},{\"@type\":\"BreadcrumbList\",\"@id\":\"https:\\\/\\\/www.ffmc72.fr\\\/site\\\/manifestation-du-30-juin-point-de-rdv-dans-le-departement\\\/#breadcrumb\",\"itemListElement\":[{\"@type\":\"ListItem\",\"position\":1,\"name\":\"Accueil\",\"item\":\"https:\\\/\\\/www.ffmc72.fr\\\/site\\\/\"},{\"@type\":\"ListItem\",\"position\":2,\"name\":\"Manifestation du 30 juin &#8211; point de rdv dans le d\u00e9partement\"}]},{\"@type\":\"WebSite\",\"@id\":\"https:\\\/\\\/www.ffmc72.fr\\\/site\\\/#website\",\"url\":\"https:\\\/\\\/www.ffmc72.fr\\\/site\\\/\",\"name\":\"FFMC 72 - F\u00e9d\u00e9ration Fran\u00e7aise des motards en col\u00e8res de la Sarthe - boycott contr\u00f4le technique moto, contre les ZFE, Adherer, nid de poule, infrastructure, action gazoil, consignes casques, 24h du mans, non au CT2RM, FFMC Sarthe, FFMC 72, F.F.M.C, ERJ, Le Mans, FFMC Le Mans, Veille sur les contr\u00f4les syst\u00e9matiques\",\"description\":\"Plus nombreux, plus fort, rejoint la FFMC\",\"publisher\":{\"@id\":\"https:\\\/\\\/www.ffmc72.fr\\\/site\\\/#organization\"},\"alternateName\":\"FFMC 72\",\"potentialAction\":[{\"@type\":\"SearchAction\",\"target\":{\"@type\":\"EntryPoint\",\"urlTemplate\":\"https:\\\/\\\/www.ffmc72.fr\\\/site\\\/?s={search_term_string}\"},\"query-input\":{\"@type\":\"PropertyValueSpecification\",\"valueRequired\":true,\"valueName\":\"search_term_string\"}}],\"inLanguage\":\"fr-FR\"},{\"@type\":\"Organization\",\"@id\":\"https:\\\/\\\/www.ffmc72.fr\\\/site\\\/#organization\",\"name\":\"FFMC 72\",\"url\":\"https:\\\/\\\/www.ffmc72.fr\\\/site\\\/\",\"logo\":{\"@type\":\"ImageObject\",\"inLanguage\":\"fr-FR\",\"@id\":\"https:\\\/\\\/www.ffmc72.fr\\\/site\\\/#\\\/schema\\\/logo\\\/image\\\/\",\"url\":\"https:\\\/\\\/www.ffmc72.fr\\\/site\\\/wp-content\\\/uploads\\\/2020\\\/05\\\/sticker-partenaire.jpg\",\"contentUrl\":\"https:\\\/\\\/www.ffmc72.fr\\\/site\\\/wp-content\\\/uploads\\\/2020\\\/05\\\/sticker-partenaire.jpg\",\"width\":1024,\"height\":239,\"caption\":\"FFMC 72\"},\"image\":{\"@id\":\"https:\\\/\\\/www.ffmc72.fr\\\/site\\\/#\\\/schema\\\/logo\\\/image\\\/\"},\"sameAs\":[\"https:\\\/\\\/www.facebook.com\\\/ffmc72\"]},{\"@type\":\"Person\",\"@id\":\"https:\\\/\\\/www.ffmc72.fr\\\/site\\\/#\\\/schema\\\/person\\\/312123de57325b0a0c24929135685d20\",\"name\":\"FFMC72\",\"image\":{\"@type\":\"ImageObject\",\"inLanguage\":\"fr-FR\",\"@id\":\"https:\\\/\\\/secure.gravatar.com\\\/avatar\\\/85265c52bbc2ebf87f37b156ecaea0bd9ca08c53073ae34d353a5c3e75ffdbae?s=96&d=mm&r=g\",\"url\":\"https:\\\/\\\/secure.gravatar.com\\\/avatar\\\/85265c52bbc2ebf87f37b156ecaea0bd9ca08c53073ae34d353a5c3e75ffdbae?s=96&d=mm&r=g\",\"contentUrl\":\"https:\\\/\\\/secure.gravatar.com\\\/avatar\\\/85265c52bbc2ebf87f37b156ecaea0bd9ca08c53073ae34d353a5c3e75ffdbae?s=96&d=mm&r=g\",\"caption\":\"FFMC72\"},\"url\":\"https:\\\/\\\/www.ffmc72.fr\\\/site\\\/author\\\/pobien\\\/\"}]}<\/script>\n<!-- \/ Yoast SEO plugin. -->","yoast_head_json":{"title":"FFMC 72 - Manifestation du 30 juin - point de rdv dans le d\u00e9partement - FFMC 72 - F\u00e9d\u00e9ration Fran\u00e7aise des motards en col\u00e8res de la Sarthe - boycott contr\u00f4le technique moto, contre les ZFE, Adherer, nid de poule, infrastructure, action gazoil, consignes casques, 24h du mans, non au CT2RM, FFMC Sarthe, FFMC 72, F.F.M.C, ERJ, Le Mans, FFMC Le Mans, Veille sur les contr\u00f4les syst\u00e9matiques","description":"FFMC 72 - Manifestation du 30 juin - point de rdv dans le d\u00e9partement","robots":{"index":"index","follow":"follow","max-snippet":"max-snippet:-1","max-image-preview":"max-image-preview:large","max-video-preview":"max-video-preview:-1"},"canonical":"https:\/\/www.ffmc72.fr\/site\/manifestation-du-30-juin-point-de-rdv-dans-le-departement\/","og_locale":"fr_FR","og_type":"article","og_title":"FFMC 72 - Manifestation du 30 juin - point de rdv dans le d\u00e9partement - FFMC 72 - F\u00e9d\u00e9ration Fran\u00e7aise des motards en col\u00e8res de la Sarthe - boycott contr\u00f4le technique moto, contre les ZFE, Adherer, nid de poule, infrastructure, action gazoil, consignes casques, 24h du mans, non au CT2RM, FFMC Sarthe, FFMC 72, F.F.M.C, ERJ, Le Mans, FFMC Le Mans, Veille sur les contr\u00f4les syst\u00e9matiques","og_description":"FFMC 72 - Manifestation du 30 juin - point de rdv dans le d\u00e9partement","og_url":"https:\/\/www.ffmc72.fr\/site\/manifestation-du-30-juin-point-de-rdv-dans-le-departement\/","og_site_name":"FFMC 72 - F\u00e9d\u00e9ration Fran\u00e7aise des motards en col\u00e8res de la Sarthe - boycott contr\u00f4le technique moto, contre les ZFE, Adherer, nid de poule, infrastructure, action gazoil, consignes casques, 24h du mans, non au CT2RM, FFMC Sarthe, FFMC 72, F.F.M.C, ERJ, Le Mans, FFMC Le Mans, Veille sur les contr\u00f4les syst\u00e9matiques","article_publisher":"https:\/\/www.facebook.com\/ffmc72","article_published_time":"2018-06-28T16:44:27+00:00","article_modified_time":"2018-06-28T16:46:04+00:00","og_image":[{"url":"https:\/\/www.ffmc72.fr\/site\/wp-content\/uploads\/2018\/06\/30-06-2018_FFMC_Manif-80km_V1.jpg","type":"","width":"","height":""}],"author":"FFMC72","twitter_card":"summary_large_image","twitter_misc":{"\u00c9crit par":"FFMC72","Dur\u00e9e de lecture estim\u00e9e":"1 minute"},"schema":{"@context":"https:\/\/schema.org","@graph":[{"@type":"Article","@id":"https:\/\/www.ffmc72.fr\/site\/manifestation-du-30-juin-point-de-rdv-dans-le-departement\/#article","isPartOf":{"@id":"https:\/\/www.ffmc72.fr\/site\/manifestation-du-30-juin-point-de-rdv-dans-le-departement\/"},"author":{"name":"FFMC72","@id":"https:\/\/www.ffmc72.fr\/site\/#\/schema\/person\/312123de57325b0a0c24929135685d20"},"headline":"Manifestation du 30 juin &#8211; point de rdv dans le d\u00e9partement","datePublished":"2018-06-28T16:44:27+00:00","dateModified":"2018-06-28T16:46:04+00:00","mainEntityOfPage":{"@id":"https:\/\/www.ffmc72.fr\/site\/manifestation-du-30-juin-point-de-rdv-dans-le-departement\/"},"wordCount":131,"publisher":{"@id":"https:\/\/www.ffmc72.fr\/site\/#organization"},"image":{"@id":"https:\/\/www.ffmc72.fr\/site\/manifestation-du-30-juin-point-de-rdv-dans-le-departement\/#primaryimage"},"thumbnailUrl":"https:\/\/www.ffmc72.fr\/site\/wp-content\/uploads\/2018\/06\/30-06-2018_FFMC_Manif-80km_V1.jpg","articleSection":["Actions","Manifestation"],"inLanguage":"fr-FR"},{"@type":"WebPage","@id":"https:\/\/www.ffmc72.fr\/site\/manifestation-du-30-juin-point-de-rdv-dans-le-departement\/","url":"https:\/\/www.ffmc72.fr\/site\/manifestation-du-30-juin-point-de-rdv-dans-le-departement\/","name":"FFMC 72 - Manifestation du 30 juin - point de rdv dans le d\u00e9partement - FFMC 72 - F\u00e9d\u00e9ration Fran\u00e7aise des motards en col\u00e8res de la Sarthe - boycott contr\u00f4le technique moto, contre les ZFE, Adherer, nid de poule, infrastructure, action gazoil, consignes casques, 24h du mans, non au CT2RM, FFMC Sarthe, FFMC 72, F.F.M.C, ERJ, Le Mans, FFMC Le Mans, Veille sur les contr\u00f4les syst\u00e9matiques","isPartOf":{"@id":"https:\/\/www.ffmc72.fr\/site\/#website"},"primaryImageOfPage":{"@id":"https:\/\/www.ffmc72.fr\/site\/manifestation-du-30-juin-point-de-rdv-dans-le-departement\/#primaryimage"},"image":{"@id":"https:\/\/www.ffmc72.fr\/site\/manifestation-du-30-juin-point-de-rdv-dans-le-departement\/#primaryimage"},"thumbnailUrl":"https:\/\/www.ffmc72.fr\/site\/wp-content\/uploads\/2018\/06\/30-06-2018_FFMC_Manif-80km_V1.jpg","datePublished":"2018-06-28T16:44:27+00:00","dateModified":"2018-06-28T16:46:04+00:00","description":"FFMC 72 - Manifestation du 30 juin - point de rdv dans le d\u00e9partement","breadcrumb":{"@id":"https:\/\/www.ffmc72.fr\/site\/manifestation-du-30-juin-point-de-rdv-dans-le-departement\/#breadcrumb"},"inLanguage":"fr-FR","potentialAction":[{"@type":"ReadAction","target":["https:\/\/www.ffmc72.fr\/site\/manifestation-du-30-juin-point-de-rdv-dans-le-departement\/"]}]},{"@type":"ImageObject","inLanguage":"fr-FR","@id":"https:\/\/www.ffmc72.fr\/site\/manifestation-du-30-juin-point-de-rdv-dans-le-departement\/#primaryimage","url":"https:\/\/www.ffmc72.fr\/site\/wp-content\/uploads\/2018\/06\/30-06-2018_FFMC_Manif-80km_V1.jpg","contentUrl":"https:\/\/www.ffmc72.fr\/site\/wp-content\/uploads\/2018\/06\/30-06-2018_FFMC_Manif-80km_V1.jpg","width":622,"height":880},{"@type":"BreadcrumbList","@id":"https:\/\/www.ffmc72.fr\/site\/manifestation-du-30-juin-point-de-rdv-dans-le-departement\/#breadcrumb","itemListElement":[{"@type":"ListItem","position":1,"name":"Accueil","item":"https:\/\/www.ffmc72.fr\/site\/"},{"@type":"ListItem","position":2,"name":"Manifestation du 30 juin &#8211; point de rdv dans le d\u00e9partement"}]},{"@type":"WebSite","@id":"https:\/\/www.ffmc72.fr\/site\/#website","url":"https:\/\/www.ffmc72.fr\/site\/","name":"FFMC 72 - F\u00e9d\u00e9ration Fran\u00e7aise des motards en col\u00e8res de la Sarthe - boycott contr\u00f4le technique moto, contre les ZFE, Adherer, nid de poule, infrastructure, action gazoil, consignes casques, 24h du mans, non au CT2RM, FFMC Sarthe, FFMC 72, F.F.M.C, ERJ, Le Mans, FFMC Le Mans, Veille sur les contr\u00f4les syst\u00e9matiques","description":"Plus nombreux, plus fort, rejoint la FFMC","publisher":{"@id":"https:\/\/www.ffmc72.fr\/site\/#organization"},"alternateName":"FFMC 72","potentialAction":[{"@type":"SearchAction","target":{"@type":"EntryPoint","urlTemplate":"https:\/\/www.ffmc72.fr\/site\/?s={search_term_string}"},"query-input":{"@type":"PropertyValueSpecification","valueRequired":true,"valueName":"search_term_string"}}],"inLanguage":"fr-FR"},{"@type":"Organization","@id":"https:\/\/www.ffmc72.fr\/site\/#organization","name":"FFMC 72","url":"https:\/\/www.ffmc72.fr\/site\/","logo":{"@type":"ImageObject","inLanguage":"fr-FR","@id":"https:\/\/www.ffmc72.fr\/site\/#\/schema\/logo\/image\/","url":"https:\/\/www.ffmc72.fr\/site\/wp-content\/uploads\/2020\/05\/sticker-partenaire.jpg","contentUrl":"https:\/\/www.ffmc72.fr\/site\/wp-content\/uploads\/2020\/05\/sticker-partenaire.jpg","width":1024,"height":239,"caption":"FFMC 72"},"image":{"@id":"https:\/\/www.ffmc72.fr\/site\/#\/schema\/logo\/image\/"},"sameAs":["https:\/\/www.facebook.com\/ffmc72"]},{"@type":"Person","@id":"https:\/\/www.ffmc72.fr\/site\/#\/schema\/person\/312123de57325b0a0c24929135685d20","name":"FFMC72","image":{"@type":"ImageObject","inLanguage":"fr-FR","@id":"https:\/\/secure.gravatar.com\/avatar\/85265c52bbc2ebf87f37b156ecaea0bd9ca08c53073ae34d353a5c3e75ffdbae?s=96&d=mm&r=g","url":"https:\/\/secure.gravatar.com\/avatar\/85265c52bbc2ebf87f37b156ecaea0bd9ca08c53073ae34d353a5c3e75ffdbae?s=96&d=mm&r=g","contentUrl":"https:\/\/secure.gravatar.com\/avatar\/85265c52bbc2ebf87f37b156ecaea0bd9ca08c53073ae34d353a5c3e75ffdbae?s=96&d=mm&r=g","caption":"FFMC72"},"url":"https:\/\/www.ffmc72.fr\/site\/author\/pobien\/"}]}},"_links":{"self":[{"href":"https:\/\/www.ffmc72.fr\/site\/wp-json\/wp\/v2\/posts\/1221","targetHints":{"allow":["GET"]}}],"collection":[{"href":"https:\/\/www.ffmc72.fr\/site\/wp-json\/wp\/v2\/posts"}],"about":[{"href":"https:\/\/www.ffmc72.fr\/site\/wp-json\/wp\/v2\/types\/post"}],"author":[{"embeddable":true,"href":"https:\/\/www.ffmc72.fr\/site\/wp-json\/wp\/v2\/users\/2"}],"replies":[{"embeddable":true,"href":"https:\/\/www.ffmc72.fr\/site\/wp-json\/wp\/v2\/comments?post=1221"}],"version-history":[{"count":4,"href":"https:\/\/www.ffmc72.fr\/site\/wp-json\/wp\/v2\/posts\/1221\/revisions"}],"predecessor-version":[{"id":1225,"href":"https:\/\/www.ffmc72.fr\/site\/wp-json\/wp\/v2\/posts\/1221\/revisions\/1225"}],"wp:attachment":[{"href":"https:\/\/www.ffmc72.fr\/site\/wp-json\/wp\/v2\/media?parent=1221"}],"wp:term":[{"taxonomy":"category","embeddable":true,"href":"https:\/\/www.ffmc72.fr\/site\/wp-json\/wp\/v2\/categories?post=1221"},{"taxonomy":"post_tag","embeddable":true,"href":"https:\/\/www.ffmc72.fr\/site\/wp-json\/wp\/v2\/tags?post=1221"}],"curies":[{"name":"wp","href":"https:\/\/api.w.org\/{rel}","templated":true}]}}