{"id":1092,"date":"2017-09-04T16:46:46","date_gmt":"2017-09-04T15:46:46","guid":{"rendered":"http:\/\/ffmc72.fr\/site\/?p=1092"},"modified":"2017-09-28T19:19:53","modified_gmt":"2017-09-28T18:19:53","slug":"journee-trajectoire-ffmc-30-septembre","status":"publish","type":"post","link":"https:\/\/www.ffmc72.fr\/site\/journee-trajectoire-ffmc-30-septembre\/","title":{"rendered":"Journ\u00e9e trajectoire FFMC &#8211; 30 septembre"},"content":{"rendered":"<div data-block=\"true\" data-editor=\"b9ce2\" data-offset-key=\"dleru-0-0\">\n<h1 style=\"text-align: center;\" data-offset-key=\"dleru-0-0\"><strong>La FFMC 72 met en place une nouvelle journ\u00e9e trajectoire le 30 septembre.<\/strong><\/h1>\n<\/div>\n<div data-block=\"true\" data-editor=\"b9ce2\" data-offset-key=\"abpmj-0-0\">\n<div style=\"text-align: center;\" data-offset-key=\"abpmj-0-0\"><strong>\u00a0<a href=\"https:\/\/www.ffmc72.fr\/site\/wp-content\/uploads\/2017\/09\/20170930_journee-trajectoire.jpg\"><img loading=\"lazy\" decoding=\"async\" class=\"aligncenter size-medium wp-image-1093\" alt=\"20170930_journee-trajectoire\" src=\"https:\/\/www.ffmc72.fr\/site\/wp-content\/uploads\/2017\/09\/20170930_journee-trajectoire-211x300.jpg\" width=\"211\" height=\"300\" srcset=\"https:\/\/www.ffmc72.fr\/site\/wp-content\/uploads\/2017\/09\/20170930_journee-trajectoire-211x300.jpg 211w, https:\/\/www.ffmc72.fr\/site\/wp-content\/uploads\/2017\/09\/20170930_journee-trajectoire-722x1024.jpg 722w, https:\/\/www.ffmc72.fr\/site\/wp-content\/uploads\/2017\/09\/20170930_journee-trajectoire-250x354.jpg 250w, https:\/\/www.ffmc72.fr\/site\/wp-content\/uploads\/2017\/09\/20170930_journee-trajectoire-700x992.jpg 700w\" sizes=\"auto, (max-width: 211px) 100vw, 211px\" \/><\/a><\/strong><\/div>\n<div data-offset-key=\"abpmj-0-0\"><\/div>\n<div style=\"text-align: center;\" data-offset-key=\"abpmj-0-0\"><span style=\"color: #ff0000;\"><strong>Inscriptions jusqu&rsquo;au 29\/09\u00a0<\/strong><\/span><\/div>\n<div data-offset-key=\"abpmj-0-0\"><\/div>\n<\/div>\n<div data-block=\"true\" data-editor=\"b9ce2\" data-offset-key=\"1hvq2-0-0\">\n<div data-offset-key=\"1hvq2-0-0\"><strong>Merci de nous retourner votre bulletin d&rsquo;inscription rapidement.<\/strong> (<a title=\"Bulletin\" href=\"https:\/\/www.ffmc72.fr\/site\/wp-content\/uploads\/2017\/09\/20170930_buletin-inscription-journee-trajectoire.jpg\">\u00e0 t\u00e9l\u00e9charger ici<\/a>)<\/div>\n<\/div>\n<div data-block=\"true\" data-editor=\"b9ce2\" data-offset-key=\"a7l85-0-0\">\n<div data-offset-key=\"a7l85-0-0\"><\/div>\n<p><img loading=\"lazy\" decoding=\"async\" class=\"aligncenter size-medium wp-image-1091\" alt=\"20170930_buletin inscription journee-trajectoire\" src=\"https:\/\/www.ffmc72.fr\/site\/wp-content\/uploads\/2017\/09\/20170930_buletin-inscription-journee-trajectoire-212x300.jpg\" width=\"212\" height=\"300\" srcset=\"https:\/\/www.ffmc72.fr\/site\/wp-content\/uploads\/2017\/09\/20170930_buletin-inscription-journee-trajectoire-212x300.jpg 212w, https:\/\/www.ffmc72.fr\/site\/wp-content\/uploads\/2017\/09\/20170930_buletin-inscription-journee-trajectoire-724x1024.jpg 724w, https:\/\/www.ffmc72.fr\/site\/wp-content\/uploads\/2017\/09\/20170930_buletin-inscription-journee-trajectoire-250x353.jpg 250w, https:\/\/www.ffmc72.fr\/site\/wp-content\/uploads\/2017\/09\/20170930_buletin-inscription-journee-trajectoire-700x990.jpg 700w\" sizes=\"auto, (max-width: 212px) 100vw, 212px\" \/><\/p>\n<\/div>\n<div data-block=\"true\" data-editor=\"b9ce2\" data-offset-key=\"dvn97-0-0\">\n<div data-offset-key=\"dvn97-0-0\">Le rendez-vous est \u00e0 8h le 30 \u00e0 Sill\u00e9 le Guillaume<\/div>\n<div data-offset-key=\"dvn97-0-0\"><\/div>\n<div data-offset-key=\"dvn97-0-0\">N&rsquo;h\u00e9sitez pas \u00e0 venir sur place \u00e0 8h, s&rsquo;il reste des places disponibles nous nous ferons un plaisir de vous accueillir.<\/div>\n<\/div>\n","protected":false},"excerpt":{"rendered":"<p>La FFMC 72 met en place une nouvelle journ\u00e9e trajectoire le 30 septembre. \u00a0 Inscriptions jusqu&rsquo;au 29\/09\u00a0 Merci de nous retourner votre bulletin d&rsquo;inscription rapidement. (\u00e0 t\u00e9l\u00e9charger ici) Le rendez-vous est \u00e0 8h le 30 \u00e0 Sill\u00e9 le Guillaume N&rsquo;h\u00e9sitez pas \u00e0 venir sur place \u00e0 8h, s&rsquo;il reste des places disponibles nous nous ferons un plaisir de vous accueillir.<\/p>\n<p class=\"continue-reading-button\"> <a class=\"continue-reading-link\" href=\"https:\/\/www.ffmc72.fr\/site\/journee-trajectoire-ffmc-30-septembre\/\">Continuer \u00e0 lire<i class=\"crycon-right-dir\"><\/i><\/a><\/p>\n","protected":false},"author":2,"featured_media":0,"comment_status":"closed","ping_status":"closed","sticky":false,"template":"","format":"standard","meta":{"footnotes":""},"categories":[6,16],"tags":[],"class_list":["post-1092","post","type-post","status-publish","format-standard","hentry","category-actions","category-afdm"],"yoast_head":"<!-- This site is optimized with the Yoast SEO plugin v27.5 - https:\/\/yoast.com\/product\/yoast-seo-wordpress\/ -->\n<title>FFMC 72 - Journ\u00e9e trajectoire FFMC - 30 septembre - FFMC 72 - F\u00e9d\u00e9ration Fran\u00e7aise des motards en col\u00e8res de la Sarthe - boycott contr\u00f4le technique moto, contre les ZFE, Adherer, nid de poule, infrastructure, action gazoil, consignes casques, 24h du mans, non au CT2RM, FFMC Sarthe, FFMC 72, F.F.M.C, ERJ, Le Mans, FFMC Le Mans, Veille sur les contr\u00f4les syst\u00e9matiques<\/title>\n<meta name=\"description\" content=\"FFMC 72 - Journ\u00e9e trajectoire FFMC - 30 septembre\" \/>\n<meta name=\"robots\" content=\"index, follow, max-snippet:-1, max-image-preview:large, max-video-preview:-1\" \/>\n<link rel=\"canonical\" href=\"https:\/\/www.ffmc72.fr\/site\/journee-trajectoire-ffmc-30-septembre\/\" \/>\n<meta property=\"og:locale\" content=\"fr_FR\" \/>\n<meta property=\"og:type\" content=\"article\" \/>\n<meta property=\"og:title\" content=\"FFMC 72 - Journ\u00e9e trajectoire FFMC - 30 septembre - FFMC 72 - F\u00e9d\u00e9ration Fran\u00e7aise des motards en col\u00e8res de la Sarthe - boycott contr\u00f4le technique moto, contre les ZFE, Adherer, nid de poule, infrastructure, action gazoil, consignes casques, 24h du mans, non au CT2RM, FFMC Sarthe, FFMC 72, F.F.M.C, ERJ, Le Mans, FFMC Le Mans, Veille sur les contr\u00f4les syst\u00e9matiques\" \/>\n<meta property=\"og:description\" content=\"FFMC 72 - Journ\u00e9e trajectoire FFMC - 30 septembre\" \/>\n<meta property=\"og:url\" content=\"https:\/\/www.ffmc72.fr\/site\/journee-trajectoire-ffmc-30-septembre\/\" \/>\n<meta property=\"og:site_name\" content=\"FFMC 72 - F\u00e9d\u00e9ration Fran\u00e7aise des motards en col\u00e8res de la Sarthe - boycott contr\u00f4le technique moto, contre les ZFE, Adherer, nid de poule, infrastructure, action gazoil, consignes casques, 24h du mans, non au CT2RM, FFMC Sarthe, FFMC 72, F.F.M.C, ERJ, Le Mans, FFMC Le Mans, Veille sur les contr\u00f4les syst\u00e9matiques\" \/>\n<meta property=\"article:publisher\" content=\"https:\/\/www.facebook.com\/ffmc72\" \/>\n<meta property=\"article:published_time\" content=\"2017-09-04T15:46:46+00:00\" \/>\n<meta property=\"article:modified_time\" content=\"2017-09-28T18:19:53+00:00\" \/>\n<meta property=\"og:image\" content=\"https:\/\/www.ffmc72.fr\/site\/wp-content\/uploads\/2017\/09\/20170930_journee-trajectoire-211x300.jpg\" \/>\n<meta name=\"author\" content=\"FFMC72\" \/>\n<meta name=\"twitter:card\" content=\"summary_large_image\" \/>\n<meta name=\"twitter:label1\" content=\"\u00c9crit par\" \/>\n\t<meta name=\"twitter:data1\" content=\"FFMC72\" \/>\n<script type=\"application\/ld+json\" class=\"yoast-schema-graph\">{\"@context\":\"https:\\\/\\\/schema.org\",\"@graph\":[{\"@type\":\"Article\",\"@id\":\"https:\\\/\\\/www.ffmc72.fr\\\/site\\\/journee-trajectoire-ffmc-30-septembre\\\/#article\",\"isPartOf\":{\"@id\":\"https:\\\/\\\/www.ffmc72.fr\\\/site\\\/journee-trajectoire-ffmc-30-septembre\\\/\"},\"author\":{\"name\":\"FFMC72\",\"@id\":\"https:\\\/\\\/www.ffmc72.fr\\\/site\\\/#\\\/schema\\\/person\\\/312123de57325b0a0c24929135685d20\"},\"headline\":\"Journ\u00e9e trajectoire FFMC &#8211; 30 septembre\",\"datePublished\":\"2017-09-04T15:46:46+00:00\",\"dateModified\":\"2017-09-28T18:19:53+00:00\",\"mainEntityOfPage\":{\"@id\":\"https:\\\/\\\/www.ffmc72.fr\\\/site\\\/journee-trajectoire-ffmc-30-septembre\\\/\"},\"wordCount\":64,\"publisher\":{\"@id\":\"https:\\\/\\\/www.ffmc72.fr\\\/site\\\/#organization\"},\"image\":{\"@id\":\"https:\\\/\\\/www.ffmc72.fr\\\/site\\\/journee-trajectoire-ffmc-30-septembre\\\/#primaryimage\"},\"thumbnailUrl\":\"https:\\\/\\\/www.ffmc72.fr\\\/site\\\/wp-content\\\/uploads\\\/2017\\\/09\\\/20170930_journee-trajectoire-211x300.jpg\",\"articleSection\":[\"Actions\",\"AFDM\"],\"inLanguage\":\"fr-FR\"},{\"@type\":\"WebPage\",\"@id\":\"https:\\\/\\\/www.ffmc72.fr\\\/site\\\/journee-trajectoire-ffmc-30-septembre\\\/\",\"url\":\"https:\\\/\\\/www.ffmc72.fr\\\/site\\\/journee-trajectoire-ffmc-30-septembre\\\/\",\"name\":\"FFMC 72 - Journ\u00e9e trajectoire FFMC - 30 septembre - FFMC 72 - F\u00e9d\u00e9ration Fran\u00e7aise des motards en col\u00e8res de la Sarthe - boycott contr\u00f4le technique moto, contre les ZFE, Adherer, nid de poule, infrastructure, action gazoil, consignes casques, 24h du mans, non au CT2RM, FFMC Sarthe, FFMC 72, F.F.M.C, ERJ, Le Mans, FFMC Le Mans, Veille sur les contr\u00f4les syst\u00e9matiques\",\"isPartOf\":{\"@id\":\"https:\\\/\\\/www.ffmc72.fr\\\/site\\\/#website\"},\"primaryImageOfPage\":{\"@id\":\"https:\\\/\\\/www.ffmc72.fr\\\/site\\\/journee-trajectoire-ffmc-30-septembre\\\/#primaryimage\"},\"image\":{\"@id\":\"https:\\\/\\\/www.ffmc72.fr\\\/site\\\/journee-trajectoire-ffmc-30-septembre\\\/#primaryimage\"},\"thumbnailUrl\":\"https:\\\/\\\/www.ffmc72.fr\\\/site\\\/wp-content\\\/uploads\\\/2017\\\/09\\\/20170930_journee-trajectoire-211x300.jpg\",\"datePublished\":\"2017-09-04T15:46:46+00:00\",\"dateModified\":\"2017-09-28T18:19:53+00:00\",\"description\":\"FFMC 72 - Journ\u00e9e trajectoire FFMC - 30 septembre\",\"breadcrumb\":{\"@id\":\"https:\\\/\\\/www.ffmc72.fr\\\/site\\\/journee-trajectoire-ffmc-30-septembre\\\/#breadcrumb\"},\"inLanguage\":\"fr-FR\",\"potentialAction\":[{\"@type\":\"ReadAction\",\"target\":[\"https:\\\/\\\/www.ffmc72.fr\\\/site\\\/journee-trajectoire-ffmc-30-septembre\\\/\"]}]},{\"@type\":\"ImageObject\",\"inLanguage\":\"fr-FR\",\"@id\":\"https:\\\/\\\/www.ffmc72.fr\\\/site\\\/journee-trajectoire-ffmc-30-septembre\\\/#primaryimage\",\"url\":\"https:\\\/\\\/www.ffmc72.fr\\\/site\\\/wp-content\\\/uploads\\\/2017\\\/09\\\/20170930_journee-trajectoire.jpg\",\"contentUrl\":\"https:\\\/\\\/www.ffmc72.fr\\\/site\\\/wp-content\\\/uploads\\\/2017\\\/09\\\/20170930_journee-trajectoire.jpg\",\"width\":2169,\"height\":3074},{\"@type\":\"BreadcrumbList\",\"@id\":\"https:\\\/\\\/www.ffmc72.fr\\\/site\\\/journee-trajectoire-ffmc-30-septembre\\\/#breadcrumb\",\"itemListElement\":[{\"@type\":\"ListItem\",\"position\":1,\"name\":\"Accueil\",\"item\":\"https:\\\/\\\/www.ffmc72.fr\\\/site\\\/\"},{\"@type\":\"ListItem\",\"position\":2,\"name\":\"Journ\u00e9e trajectoire FFMC &#8211; 30 septembre\"}]},{\"@type\":\"WebSite\",\"@id\":\"https:\\\/\\\/www.ffmc72.fr\\\/site\\\/#website\",\"url\":\"https:\\\/\\\/www.ffmc72.fr\\\/site\\\/\",\"name\":\"FFMC 72 - F\u00e9d\u00e9ration Fran\u00e7aise des motards en col\u00e8res de la Sarthe - boycott contr\u00f4le technique moto, contre les ZFE, Adherer, nid de poule, infrastructure, action gazoil, consignes casques, 24h du mans, non au CT2RM, FFMC Sarthe, FFMC 72, F.F.M.C, ERJ, Le Mans, FFMC Le Mans, Veille sur les contr\u00f4les syst\u00e9matiques\",\"description\":\"Plus nombreux, plus fort, rejoint la FFMC\",\"publisher\":{\"@id\":\"https:\\\/\\\/www.ffmc72.fr\\\/site\\\/#organization\"},\"alternateName\":\"FFMC 72\",\"potentialAction\":[{\"@type\":\"SearchAction\",\"target\":{\"@type\":\"EntryPoint\",\"urlTemplate\":\"https:\\\/\\\/www.ffmc72.fr\\\/site\\\/?s={search_term_string}\"},\"query-input\":{\"@type\":\"PropertyValueSpecification\",\"valueRequired\":true,\"valueName\":\"search_term_string\"}}],\"inLanguage\":\"fr-FR\"},{\"@type\":\"Organization\",\"@id\":\"https:\\\/\\\/www.ffmc72.fr\\\/site\\\/#organization\",\"name\":\"FFMC 72\",\"url\":\"https:\\\/\\\/www.ffmc72.fr\\\/site\\\/\",\"logo\":{\"@type\":\"ImageObject\",\"inLanguage\":\"fr-FR\",\"@id\":\"https:\\\/\\\/www.ffmc72.fr\\\/site\\\/#\\\/schema\\\/logo\\\/image\\\/\",\"url\":\"https:\\\/\\\/www.ffmc72.fr\\\/site\\\/wp-content\\\/uploads\\\/2020\\\/05\\\/sticker-partenaire.jpg\",\"contentUrl\":\"https:\\\/\\\/www.ffmc72.fr\\\/site\\\/wp-content\\\/uploads\\\/2020\\\/05\\\/sticker-partenaire.jpg\",\"width\":1024,\"height\":239,\"caption\":\"FFMC 72\"},\"image\":{\"@id\":\"https:\\\/\\\/www.ffmc72.fr\\\/site\\\/#\\\/schema\\\/logo\\\/image\\\/\"},\"sameAs\":[\"https:\\\/\\\/www.facebook.com\\\/ffmc72\"]},{\"@type\":\"Person\",\"@id\":\"https:\\\/\\\/www.ffmc72.fr\\\/site\\\/#\\\/schema\\\/person\\\/312123de57325b0a0c24929135685d20\",\"name\":\"FFMC72\",\"image\":{\"@type\":\"ImageObject\",\"inLanguage\":\"fr-FR\",\"@id\":\"https:\\\/\\\/secure.gravatar.com\\\/avatar\\\/85265c52bbc2ebf87f37b156ecaea0bd9ca08c53073ae34d353a5c3e75ffdbae?s=96&d=mm&r=g\",\"url\":\"https:\\\/\\\/secure.gravatar.com\\\/avatar\\\/85265c52bbc2ebf87f37b156ecaea0bd9ca08c53073ae34d353a5c3e75ffdbae?s=96&d=mm&r=g\",\"contentUrl\":\"https:\\\/\\\/secure.gravatar.com\\\/avatar\\\/85265c52bbc2ebf87f37b156ecaea0bd9ca08c53073ae34d353a5c3e75ffdbae?s=96&d=mm&r=g\",\"caption\":\"FFMC72\"},\"url\":\"https:\\\/\\\/www.ffmc72.fr\\\/site\\\/author\\\/pobien\\\/\"}]}<\/script>\n<!-- \/ Yoast SEO plugin. -->","yoast_head_json":{"title":"FFMC 72 - Journ\u00e9e trajectoire FFMC - 30 septembre - FFMC 72 - F\u00e9d\u00e9ration Fran\u00e7aise des motards en col\u00e8res de la Sarthe - boycott contr\u00f4le technique moto, contre les ZFE, Adherer, nid de poule, infrastructure, action gazoil, consignes casques, 24h du mans, non au CT2RM, FFMC Sarthe, FFMC 72, F.F.M.C, ERJ, Le Mans, FFMC Le Mans, Veille sur les contr\u00f4les syst\u00e9matiques","description":"FFMC 72 - Journ\u00e9e trajectoire FFMC - 30 septembre","robots":{"index":"index","follow":"follow","max-snippet":"max-snippet:-1","max-image-preview":"max-image-preview:large","max-video-preview":"max-video-preview:-1"},"canonical":"https:\/\/www.ffmc72.fr\/site\/journee-trajectoire-ffmc-30-septembre\/","og_locale":"fr_FR","og_type":"article","og_title":"FFMC 72 - Journ\u00e9e trajectoire FFMC - 30 septembre - FFMC 72 - F\u00e9d\u00e9ration Fran\u00e7aise des motards en col\u00e8res de la Sarthe - boycott contr\u00f4le technique moto, contre les ZFE, Adherer, nid de poule, infrastructure, action gazoil, consignes casques, 24h du mans, non au CT2RM, FFMC Sarthe, FFMC 72, F.F.M.C, ERJ, Le Mans, FFMC Le Mans, Veille sur les contr\u00f4les syst\u00e9matiques","og_description":"FFMC 72 - Journ\u00e9e trajectoire FFMC - 30 septembre","og_url":"https:\/\/www.ffmc72.fr\/site\/journee-trajectoire-ffmc-30-septembre\/","og_site_name":"FFMC 72 - F\u00e9d\u00e9ration Fran\u00e7aise des motards en col\u00e8res de la Sarthe - boycott contr\u00f4le technique moto, contre les ZFE, Adherer, nid de poule, infrastructure, action gazoil, consignes casques, 24h du mans, non au CT2RM, FFMC Sarthe, FFMC 72, F.F.M.C, ERJ, Le Mans, FFMC Le Mans, Veille sur les contr\u00f4les syst\u00e9matiques","article_publisher":"https:\/\/www.facebook.com\/ffmc72","article_published_time":"2017-09-04T15:46:46+00:00","article_modified_time":"2017-09-28T18:19:53+00:00","og_image":[{"url":"https:\/\/www.ffmc72.fr\/site\/wp-content\/uploads\/2017\/09\/20170930_journee-trajectoire-211x300.jpg","type":"","width":"","height":""}],"author":"FFMC72","twitter_card":"summary_large_image","twitter_misc":{"\u00c9crit par":"FFMC72"},"schema":{"@context":"https:\/\/schema.org","@graph":[{"@type":"Article","@id":"https:\/\/www.ffmc72.fr\/site\/journee-trajectoire-ffmc-30-septembre\/#article","isPartOf":{"@id":"https:\/\/www.ffmc72.fr\/site\/journee-trajectoire-ffmc-30-septembre\/"},"author":{"name":"FFMC72","@id":"https:\/\/www.ffmc72.fr\/site\/#\/schema\/person\/312123de57325b0a0c24929135685d20"},"headline":"Journ\u00e9e trajectoire FFMC &#8211; 30 septembre","datePublished":"2017-09-04T15:46:46+00:00","dateModified":"2017-09-28T18:19:53+00:00","mainEntityOfPage":{"@id":"https:\/\/www.ffmc72.fr\/site\/journee-trajectoire-ffmc-30-septembre\/"},"wordCount":64,"publisher":{"@id":"https:\/\/www.ffmc72.fr\/site\/#organization"},"image":{"@id":"https:\/\/www.ffmc72.fr\/site\/journee-trajectoire-ffmc-30-septembre\/#primaryimage"},"thumbnailUrl":"https:\/\/www.ffmc72.fr\/site\/wp-content\/uploads\/2017\/09\/20170930_journee-trajectoire-211x300.jpg","articleSection":["Actions","AFDM"],"inLanguage":"fr-FR"},{"@type":"WebPage","@id":"https:\/\/www.ffmc72.fr\/site\/journee-trajectoire-ffmc-30-septembre\/","url":"https:\/\/www.ffmc72.fr\/site\/journee-trajectoire-ffmc-30-septembre\/","name":"FFMC 72 - Journ\u00e9e trajectoire FFMC - 30 septembre - FFMC 72 - F\u00e9d\u00e9ration Fran\u00e7aise des motards en col\u00e8res de la Sarthe - boycott contr\u00f4le technique moto, contre les ZFE, Adherer, nid de poule, infrastructure, action gazoil, consignes casques, 24h du mans, non au CT2RM, FFMC Sarthe, FFMC 72, F.F.M.C, ERJ, Le Mans, FFMC Le Mans, Veille sur les contr\u00f4les syst\u00e9matiques","isPartOf":{"@id":"https:\/\/www.ffmc72.fr\/site\/#website"},"primaryImageOfPage":{"@id":"https:\/\/www.ffmc72.fr\/site\/journee-trajectoire-ffmc-30-septembre\/#primaryimage"},"image":{"@id":"https:\/\/www.ffmc72.fr\/site\/journee-trajectoire-ffmc-30-septembre\/#primaryimage"},"thumbnailUrl":"https:\/\/www.ffmc72.fr\/site\/wp-content\/uploads\/2017\/09\/20170930_journee-trajectoire-211x300.jpg","datePublished":"2017-09-04T15:46:46+00:00","dateModified":"2017-09-28T18:19:53+00:00","description":"FFMC 72 - Journ\u00e9e trajectoire FFMC - 30 septembre","breadcrumb":{"@id":"https:\/\/www.ffmc72.fr\/site\/journee-trajectoire-ffmc-30-septembre\/#breadcrumb"},"inLanguage":"fr-FR","potentialAction":[{"@type":"ReadAction","target":["https:\/\/www.ffmc72.fr\/site\/journee-trajectoire-ffmc-30-septembre\/"]}]},{"@type":"ImageObject","inLanguage":"fr-FR","@id":"https:\/\/www.ffmc72.fr\/site\/journee-trajectoire-ffmc-30-septembre\/#primaryimage","url":"https:\/\/www.ffmc72.fr\/site\/wp-content\/uploads\/2017\/09\/20170930_journee-trajectoire.jpg","contentUrl":"https:\/\/www.ffmc72.fr\/site\/wp-content\/uploads\/2017\/09\/20170930_journee-trajectoire.jpg","width":2169,"height":3074},{"@type":"BreadcrumbList","@id":"https:\/\/www.ffmc72.fr\/site\/journee-trajectoire-ffmc-30-septembre\/#breadcrumb","itemListElement":[{"@type":"ListItem","position":1,"name":"Accueil","item":"https:\/\/www.ffmc72.fr\/site\/"},{"@type":"ListItem","position":2,"name":"Journ\u00e9e trajectoire FFMC &#8211; 30 septembre"}]},{"@type":"WebSite","@id":"https:\/\/www.ffmc72.fr\/site\/#website","url":"https:\/\/www.ffmc72.fr\/site\/","name":"FFMC 72 - F\u00e9d\u00e9ration Fran\u00e7aise des motards en col\u00e8res de la Sarthe - boycott contr\u00f4le technique moto, contre les ZFE, Adherer, nid de poule, infrastructure, action gazoil, consignes casques, 24h du mans, non au CT2RM, FFMC Sarthe, FFMC 72, F.F.M.C, ERJ, Le Mans, FFMC Le Mans, Veille sur les contr\u00f4les syst\u00e9matiques","description":"Plus nombreux, plus fort, rejoint la FFMC","publisher":{"@id":"https:\/\/www.ffmc72.fr\/site\/#organization"},"alternateName":"FFMC 72","potentialAction":[{"@type":"SearchAction","target":{"@type":"EntryPoint","urlTemplate":"https:\/\/www.ffmc72.fr\/site\/?s={search_term_string}"},"query-input":{"@type":"PropertyValueSpecification","valueRequired":true,"valueName":"search_term_string"}}],"inLanguage":"fr-FR"},{"@type":"Organization","@id":"https:\/\/www.ffmc72.fr\/site\/#organization","name":"FFMC 72","url":"https:\/\/www.ffmc72.fr\/site\/","logo":{"@type":"ImageObject","inLanguage":"fr-FR","@id":"https:\/\/www.ffmc72.fr\/site\/#\/schema\/logo\/image\/","url":"https:\/\/www.ffmc72.fr\/site\/wp-content\/uploads\/2020\/05\/sticker-partenaire.jpg","contentUrl":"https:\/\/www.ffmc72.fr\/site\/wp-content\/uploads\/2020\/05\/sticker-partenaire.jpg","width":1024,"height":239,"caption":"FFMC 72"},"image":{"@id":"https:\/\/www.ffmc72.fr\/site\/#\/schema\/logo\/image\/"},"sameAs":["https:\/\/www.facebook.com\/ffmc72"]},{"@type":"Person","@id":"https:\/\/www.ffmc72.fr\/site\/#\/schema\/person\/312123de57325b0a0c24929135685d20","name":"FFMC72","image":{"@type":"ImageObject","inLanguage":"fr-FR","@id":"https:\/\/secure.gravatar.com\/avatar\/85265c52bbc2ebf87f37b156ecaea0bd9ca08c53073ae34d353a5c3e75ffdbae?s=96&d=mm&r=g","url":"https:\/\/secure.gravatar.com\/avatar\/85265c52bbc2ebf87f37b156ecaea0bd9ca08c53073ae34d353a5c3e75ffdbae?s=96&d=mm&r=g","contentUrl":"https:\/\/secure.gravatar.com\/avatar\/85265c52bbc2ebf87f37b156ecaea0bd9ca08c53073ae34d353a5c3e75ffdbae?s=96&d=mm&r=g","caption":"FFMC72"},"url":"https:\/\/www.ffmc72.fr\/site\/author\/pobien\/"}]}},"_links":{"self":[{"href":"https:\/\/www.ffmc72.fr\/site\/wp-json\/wp\/v2\/posts\/1092","targetHints":{"allow":["GET"]}}],"collection":[{"href":"https:\/\/www.ffmc72.fr\/site\/wp-json\/wp\/v2\/posts"}],"about":[{"href":"https:\/\/www.ffmc72.fr\/site\/wp-json\/wp\/v2\/types\/post"}],"author":[{"embeddable":true,"href":"https:\/\/www.ffmc72.fr\/site\/wp-json\/wp\/v2\/users\/2"}],"replies":[{"embeddable":true,"href":"https:\/\/www.ffmc72.fr\/site\/wp-json\/wp\/v2\/comments?post=1092"}],"version-history":[{"count":3,"href":"https:\/\/www.ffmc72.fr\/site\/wp-json\/wp\/v2\/posts\/1092\/revisions"}],"predecessor-version":[{"id":1109,"href":"https:\/\/www.ffmc72.fr\/site\/wp-json\/wp\/v2\/posts\/1092\/revisions\/1109"}],"wp:attachment":[{"href":"https:\/\/www.ffmc72.fr\/site\/wp-json\/wp\/v2\/media?parent=1092"}],"wp:term":[{"taxonomy":"category","embeddable":true,"href":"https:\/\/www.ffmc72.fr\/site\/wp-json\/wp\/v2\/categories?post=1092"},{"taxonomy":"post_tag","embeddable":true,"href":"https:\/\/www.ffmc72.fr\/site\/wp-json\/wp\/v2\/tags?post=1092"}],"curies":[{"name":"wp","href":"https:\/\/api.w.org\/{rel}","templated":true}]}}